{"id":31279,"date":"2023-03-14T08:01:51","date_gmt":"2023-03-14T11:01:51","guid":{"rendered":"https:\/\/www.ilheusnoticias.net.br\/v1\/?p=31279"},"modified":"2023-03-14T08:01:51","modified_gmt":"2023-03-14T11:01:51","slug":"petrobras-retomara-producao-na-bahia-em-abril-anuncia-presidente-da-estatal","status":"publish","type":"post","link":"https:\/\/www.ilheusnoticias.net.br\/v1\/2023\/03\/14\/petrobras-retomara-producao-na-bahia-em-abril-anuncia-presidente-da-estatal\/","title":{"rendered":"Petrobras retomar\u00e1 produ\u00e7\u00e3o na Bahia em abril, anuncia presidente da estatal"},"content":{"rendered":"<div class=\"Post\">\n<div class=\"Post-body\">\n<div class=\"Post-inner article\"><\/div>\n<\/div>\n<\/div>\n<div class=\"Post\">\n<div class=\"Post-body\">\n<div class=\"Post-inner article\">\n<div class=\"PostHeaderIcons metadata-icons\"><\/div>\n<div class=\"PostContent\">\n<p><img loading=\"lazy\" class=\"\" src=\"http:\/\/www.blogdothame.blog.br\/v1\/wp-content\/uploads\/2023\/03\/petrobras-bahia-2.jpg\" width=\"512\" height=\"341\" \/><\/p>\n<p>A Bahia, estado pioneiro na produ\u00e7\u00e3o de petr\u00f3leo no pa\u00eds, voltar\u00e1 a abrigar a sede da Petrobras, com o retorno das atividades na Torre Pituba, em Salvador, e dos trabalhadores, ainda que de forma escalonada, e ter\u00e1 retomada a produ\u00e7\u00e3o nos campos terrestres operados pela estatal. O an\u00fancio foi feito pelo presidente da empresa, Jean Paul Prates, durante audi\u00eancia sobre a retomada de investimentos no estado, que aconteceu nesta manh\u00e3 (13), na Assembleia Legislativa da Bahia (Alba).<\/p>\n<p>A reuni\u00e3o restrita contou com as presen\u00e7as de parlamentares estaduais e federais, al\u00e9m de prefeitos de munic\u00edpios produtores de petr\u00f3leo e g\u00e1s natural no estado. O encontro foi uma iniciativa da Lideran\u00e7a da Maioria na Alba, com as participa\u00e7\u00f5es do Sindicato dos Petroleiros e Petroleiras da Bahia (Sindipetro-Ba), a Federa\u00e7\u00e3o \u00danica dos Petroleiros (FUP), a Central \u00danica dos Trabalhadores (CUT-Ba) e o Setorial de Energia do Partido dos Trabalhadores na Bahia.<\/p>\n<p>Na pauta, as recentes mudan\u00e7as do setor energ\u00e9tico na Bahia; o restabelecimento dos pagamentos dos royalties, suspensos pela Ag\u00eancia Nacional de Petr\u00f3leo, G\u00e1s Natural e Biocombust\u00edveis (ANP), para a gest\u00e3o p\u00fablica municipal; alternativas para a recupera\u00e7\u00e3o do protagonismo da Petrobras no estado na produ\u00e7\u00e3o de \u00f3leo e g\u00e1s natural.<\/p>\n<\/div>\n<\/div>\n<\/div>\n<\/div>\n","protected":false},"excerpt":{"rendered":"<p>A Bahia, estado pioneiro na produ\u00e7\u00e3o de petr\u00f3leo no pa\u00eds, voltar\u00e1 a abrigar a sede da Petrobras, com o retorno das atividades na Torre Pituba, em Salvador, e dos trabalhadores, ainda que de forma escalonada, e ter\u00e1 retomada a produ\u00e7\u00e3o nos campos terrestres operados pela estatal. O an\u00fancio foi feito pelo presidente da empresa, Jean [&hellip;]<\/p>\n","protected":false},"author":2,"featured_media":0,"comment_status":"open","ping_status":"open","sticky":false,"template":"","format":"standard","meta":{"_links_to":"","_links_to_target":""},"categories":[1],"tags":[],"_links":{"self":[{"href":"https:\/\/www.ilheusnoticias.net.br\/v1\/wp-json\/wp\/v2\/posts\/31279"}],"collection":[{"href":"https:\/\/www.ilheusnoticias.net.br\/v1\/wp-json\/wp\/v2\/posts"}],"about":[{"href":"https:\/\/www.ilheusnoticias.net.br\/v1\/wp-json\/wp\/v2\/types\/post"}],"author":[{"embeddable":true,"href":"https:\/\/www.ilheusnoticias.net.br\/v1\/wp-json\/wp\/v2\/users\/2"}],"replies":[{"embeddable":true,"href":"https:\/\/www.ilheusnoticias.net.br\/v1\/wp-json\/wp\/v2\/comments?post=31279"}],"version-history":[{"count":1,"href":"https:\/\/www.ilheusnoticias.net.br\/v1\/wp-json\/wp\/v2\/posts\/31279\/revisions"}],"predecessor-version":[{"id":31280,"href":"https:\/\/www.ilheusnoticias.net.br\/v1\/wp-json\/wp\/v2\/posts\/31279\/revisions\/31280"}],"wp:attachment":[{"href":"https:\/\/www.ilheusnoticias.net.br\/v1\/wp-json\/wp\/v2\/media?parent=31279"}],"wp:term":[{"taxonomy":"category","embeddable":true,"href":"https:\/\/www.ilheusnoticias.net.br\/v1\/wp-json\/wp\/v2\/categories?post=31279"},{"taxonomy":"post_tag","embeddable":true,"href":"https:\/\/www.ilheusnoticias.net.br\/v1\/wp-json\/wp\/v2\/tags?post=31279"}],"curies":[{"name":"wp","href":"https:\/\/api.w.org\/{rel}","templated":true}]}}