{"id":31278,"date":"2023-03-14T08:02:47","date_gmt":"2023-03-14T11:02:47","guid":{"rendered":"https:\/\/www.ilheusnoticias.net.br\/v1\/?p=31278"},"modified":"2023-03-14T08:02:47","modified_gmt":"2023-03-14T11:02:47","slug":"hospital-regional-costa-do-cacau-realiza-momento-de-musicoterapia-para-pacientes-internados-nas-utis","status":"publish","type":"post","link":"https:\/\/www.ilheusnoticias.net.br\/v1\/2023\/03\/14\/hospital-regional-costa-do-cacau-realiza-momento-de-musicoterapia-para-pacientes-internados-nas-utis\/","title":{"rendered":"Hospital Regional Costa do Cacau realiza momento de musicoterapia para pacientes internados nas UTIs"},"content":{"rendered":"<div class=\"PostHeaderIcons metadata-icons\"><img loading=\"lazy\" class=\"\" src=\"http:\/\/www.blogdothame.blog.br\/v1\/wp-content\/uploads\/2023\/03\/HRCC-momento-musicoterapia-4.jpeg\" width=\"598\" height=\"449\" \/><\/div>\n<div class=\"PostContent\">\n<p>&nbsp;<\/p>\n<p>Pertencente ao grupo de Pr\u00e1tica Integrativas e Complementares (PICS) do Sistema \u00danico de Sa\u00fade (SUS), a Musicoterapia tem objetivos terap\u00eauticos relevantes no sentido de atender necessidades f\u00edsicas, emocionais, mentais, espirituais, sociais e cognitivas do indiv\u00edduo ou do grupo, conforme descreve o Minist\u00e9rio da Sa\u00fade em seu site, sobre esse processo que classifica como facilitador e promotor da comunica\u00e7\u00e3o.<\/p>\n<p>Diante desse entendimento, em reconhecimento ao importante efeito positivo da m\u00fasica para pacientes, o Hospital Regional Costa do Cacau (HRCC), em Ilh\u00e9us, integrante da rede da Secretaria da Sa\u00fade do Estado da Bahia (Sesab), viabilizou um momento de musicoterapia nas Unidades de Terapia Intensiva (UTIs), na \u00faltima sexta-feira (10). Na ocasi\u00e3o, o m\u00fasico Alexandre Chaves percorreu as \u00e1reas pr\u00f3ximas aos leitos, tocando o suave som do saxofone.<\/p>\n<p>O gerente de Enfermagem do HRCC, Jo\u00e3o Henrique Ara\u00fajo Andrade, destacou o trabalho realizado como muito positivo. \u201cTivemos o prest\u00edgio de receber um saxofonista nesse momento de musicoterapia, com o objetivo de gerar bem-estar aos pacientes da UTI, que tem um perfil de pacientes graves. A m\u00fasica, sem d\u00favida, traz leveza, calma e paz. Esse \u00e9 o nosso intuito maior: aliar a musicoterapia \u00e0 melhora dos nossos pacientes\u201d, declarou.<\/p>\n<\/div>\n","protected":false},"excerpt":{"rendered":"<p>&nbsp; Pertencente ao grupo de Pr\u00e1tica Integrativas e Complementares (PICS) do Sistema \u00danico de Sa\u00fade (SUS), a Musicoterapia tem objetivos terap\u00eauticos relevantes no sentido de atender necessidades f\u00edsicas, emocionais, mentais, espirituais, sociais e cognitivas do indiv\u00edduo ou do grupo, conforme descreve o Minist\u00e9rio da Sa\u00fade em seu site, sobre esse processo que classifica como facilitador [&hellip;]<\/p>\n","protected":false},"author":2,"featured_media":0,"comment_status":"open","ping_status":"open","sticky":false,"template":"","format":"standard","meta":{"_links_to":"","_links_to_target":""},"categories":[1],"tags":[],"_links":{"self":[{"href":"https:\/\/www.ilheusnoticias.net.br\/v1\/wp-json\/wp\/v2\/posts\/31278"}],"collection":[{"href":"https:\/\/www.ilheusnoticias.net.br\/v1\/wp-json\/wp\/v2\/posts"}],"about":[{"href":"https:\/\/www.ilheusnoticias.net.br\/v1\/wp-json\/wp\/v2\/types\/post"}],"author":[{"embeddable":true,"href":"https:\/\/www.ilheusnoticias.net.br\/v1\/wp-json\/wp\/v2\/users\/2"}],"replies":[{"embeddable":true,"href":"https:\/\/www.ilheusnoticias.net.br\/v1\/wp-json\/wp\/v2\/comments?post=31278"}],"version-history":[{"count":1,"href":"https:\/\/www.ilheusnoticias.net.br\/v1\/wp-json\/wp\/v2\/posts\/31278\/revisions"}],"predecessor-version":[{"id":31281,"href":"https:\/\/www.ilheusnoticias.net.br\/v1\/wp-json\/wp\/v2\/posts\/31278\/revisions\/31281"}],"wp:attachment":[{"href":"https:\/\/www.ilheusnoticias.net.br\/v1\/wp-json\/wp\/v2\/media?parent=31278"}],"wp:term":[{"taxonomy":"category","embeddable":true,"href":"https:\/\/www.ilheusnoticias.net.br\/v1\/wp-json\/wp\/v2\/categories?post=31278"},{"taxonomy":"post_tag","embeddable":true,"href":"https:\/\/www.ilheusnoticias.net.br\/v1\/wp-json\/wp\/v2\/tags?post=31278"}],"curies":[{"name":"wp","href":"https:\/\/api.w.org\/{rel}","templated":true}]}}