{"id":31276,"date":"2023-03-13T06:55:17","date_gmt":"2023-03-13T09:55:17","guid":{"rendered":"https:\/\/www.ilheusnoticias.net.br\/v1\/?p=31276"},"modified":"2023-03-13T06:55:17","modified_gmt":"2023-03-13T09:55:17","slug":"sinebahia-divulga-vagas-de-emprego-para-itabuna-e-ilheus-nesta-segunda-feira-confira-lista","status":"publish","type":"post","link":"https:\/\/www.ilheusnoticias.net.br\/v1\/2023\/03\/13\/sinebahia-divulga-vagas-de-emprego-para-itabuna-e-ilheus-nesta-segunda-feira-confira-lista\/","title":{"rendered":"SineBahia divulga vagas de emprego para Itabuna e Ilh\u00e9us nesta segunda-feira; confira lista"},"content":{"rendered":"<div class=\"row content-head non-featured \">\n<div class=\"title\" data-block-type=\"title\" data-block-id=\"0\"><\/div>\n<div class=\"medium-centered subtitle\">\n<h2 class=\"content-head__subtitle\"><span style=\"font-size: 16px;\">Por g1 BA<\/span><\/h2>\n<\/div>\n<\/div>\n<div class=\"content__signa-share\">\n<div class=\"content__signature\">\n<div class=\"content-publication-data\">\n<div class=\"content-publication-data__text\">\n<p class=\"content-publication-data__updated\">\n<\/div>\n<\/div>\n<\/div>\n<div class=\"content__share-bar content__share-bar--cloned\" data-position=\"upper\"><\/div>\n<\/div>\n<div class=\"mc-article-body\">\n<article>\n<div id=\"chunk-ft19n\">\n<div class=\"row medium-uncollapsed content-media content-photo\" data-block-type=\"backstage-photo\" data-block-id=\"1\">\n<div class=\"mc-column content-media__container\">\n<div class=\"content-media-container glb-skeleton-box\">\n<figure class=\"content-media-figure\"><img class=\"i-amphtml-fill-content i-amphtml-replaced-content\" src=\"https:\/\/s2.glbimg.com\/SQRPAskYJXZ4wb7Ji_QtKNP4kLk=\/0x0:1920x1285\/984x0\/smart\/filters:strip_icc()\/i.s3.glbimg.com\/v1\/AUTH_59edd422c0c84a879bd37670ae4f538a\/internal_photos\/bs\/2021\/P\/U\/n9IleVR3mh4BTd7f1x9A\/ham-713138-1920.jpg\" sizes=\"(max-width: 1707px) 648px, 100vw\" srcset=\"https:\/\/s2.glbimg.com\/PUCVTfp8o0CuCY7vI8Bk-uuaHTw=\/0x0:1920x1285\/1000x0\/smart\/filters:strip_icc()\/i.s3.glbimg.com\/v1\/AUTH_59edd422c0c84a879bd37670ae4f538a\/internal_photos\/bs\/2021\/P\/U\/n9IleVR3mh4BTd7f1x9A\/ham-713138-1920.jpg 1000w, https:\/\/s2.glbimg.com\/SQRPAskYJXZ4wb7Ji_QtKNP4kLk=\/0x0:1920x1285\/984x0\/smart\/filters:strip_icc()\/i.s3.glbimg.com\/v1\/AUTH_59edd422c0c84a879bd37670ae4f538a\/internal_photos\/bs\/2021\/P\/U\/n9IleVR3mh4BTd7f1x9A\/ham-713138-1920.jpg 984w, https:\/\/s2.glbimg.com\/2JodlL1Dio51EiToDXmSnTAGML4=\/0x0:1920x1285\/640x0\/smart\/filters:strip_icc()\/i.s3.glbimg.com\/v1\/AUTH_59edd422c0c84a879bd37670ae4f538a\/internal_photos\/bs\/2021\/P\/U\/n9IleVR3mh4BTd7f1x9A\/ham-713138-1920.jpg 640w, https:\/\/s2.glbimg.com\/K6Bm3O5p4uvSpgTwKfhzldNoadw=\/0x0:1920x1285\/600x0\/smart\/filters:strip_icc()\/i.s3.glbimg.com\/v1\/AUTH_59edd422c0c84a879bd37670ae4f538a\/internal_photos\/bs\/2021\/P\/U\/n9IleVR3mh4BTd7f1x9A\/ham-713138-1920.jpg 600w\" alt=\"H\u00e1 vagas para a\u00e7ougueiro  \u2014 Foto: Pixabay\" \/><\/figure>\n<\/div>\n<p class=\"content-media__description \">H\u00e1 vagas para a\u00e7ougueiro \u2014 Foto: Pixabay<\/p>\n<\/div>\n<\/div>\n<\/div>\n<div id=\"chunk-bk710\">\n<div class=\"mc-column content-text active-extra-styles \" data-block-type=\"unstyled\" data-block-weight=\"24\" data-block-id=\"3\">\n<p class=\"content-text__container \" data-track-category=\"Link no Texto\" data-track-links=\"\">O SineBahia, \u00f3rg\u00e3o estadual de intermedia\u00e7\u00e3o de m\u00e3o-de-obra, oferece nesta segunda-feira (13) vagas de emprego para\u00a0<a class=\"\" href=\"https:\/\/g1.globo.com\/ba\/bahia\/cidade\/itabuna\/\">Itabuna<\/a>\u00a0e\u00a0<a class=\"\" href=\"https:\/\/g1.globo.com\/ba\/bahia\/cidade\/ilheus\/\">Ilh\u00e9us<\/a>, na regi\u00e3o sul da Bahia.<\/p>\n<\/div>\n<\/div>\n<div class=\"wall protected-content\">\n<div id=\"chunk-9381a\">\n<div class=\"mc-column content-text active-extra-styles \" data-block-type=\"unstyled\" data-block-weight=\"27\" data-block-id=\"4\">\n<p class=\"content-text__container \" data-track-category=\"Link no Texto\" data-track-links=\"\">Os interessados devem buscar atendimento em uma das unidades do \u00f3rg\u00e3o. N\u00e3o \u00e9 preciso agendar e as senhas ser\u00e3o distribu\u00eddas conforme disponibilidade e por ordem de chegada.<\/p>\n<\/div>\n<\/div>\n<div id=\"chunk-1tv0v\">\n<div class=\"mc-column content-text active-extra-styles \" data-block-type=\"unstyled\" data-block-weight=\"29\" data-block-id=\"5\">\n<p class=\"content-text__container \" data-track-category=\"Link no Texto\" data-track-links=\"\">Todos devem levar carteira de trabalho f\u00edsica ou digital, RG, CPF, comprovante de resid\u00eancia, escolaridade e de vacina\u00e7\u00e3o contra a Covid-19, al\u00e9m dos documentos espec\u00edficos pedidos por cada vaga.<\/p>\n<\/div>\n<\/div>\n<div id=\"chunk-bbolj\">\n<div class=\"mc-column content-text active-extra-styles \" data-block-type=\"unstyled\" data-block-weight=\"23\" data-block-id=\"6\">\n<p class=\"content-text__container \" data-track-category=\"Link no Texto\" data-track-links=\"\">Ainda de acordo com o SineBahia, est\u00e3o listadas apenas algumas das vagas dispon\u00edveis e elas s\u00e3o sujeitas ao limite de encaminhamentos. Confira abaixo<\/p>\n<\/div>\n<\/div>\n<div class=\"mc-column content-text active-extra-styles\" data-block-type=\"raw\" data-block-weight=\"3\" data-block-id=\"8\">\n<div class=\"content-intertitle\">\n<h2><strong>Vagas de Itabuna<\/strong><\/h2>\n<\/div>\n<p>&nbsp;<\/p>\n<\/div>\n<div id=\"chunk-57gmf\">\n<div class=\"mc-column content-text active-extra-styles \" data-block-type=\"unstyled\" data-block-weight=\"20\" data-block-id=\"9\">\n<p class=\"content-text__container \" data-track-category=\"Link no Texto\" data-track-links=\"\"><strong>ARQUITETO DE EDIFICA\u00c7\u00d5ES (EST\u00c1GIO)<\/strong><br \/>\nEnsino superior incompleto em arquitetura, a partir do 6\u00b0 semestre<br \/>\nTer disponibilidade para trabalhar no turno matutino<br \/>\n1 VAGA<\/p>\n<\/div>\n<\/div>\n<div id=\"chunk-2d6p8\">\n<div class=\"mc-column content-text active-extra-styles \" data-block-type=\"unstyled\" data-block-weight=\"41\" data-block-id=\"10\">\n<p class=\"content-text__container \" data-track-category=\"Link no Texto\" data-track-links=\"\"><strong>ARTE FINALISTA<\/strong><br \/>\nEnsino m\u00e9dio<br \/>\nExperi\u00eancia m\u00ednima de 06 meses na carteira<br \/>\nObrigat\u00f3rio conhecimento avan\u00e7ado de edi\u00e7\u00e3o de imagens (Corel Draw, Photoshop, Designer gr\u00e1fico e Web designer) e residir na regi\u00e3o da Cidade Baixa (Cal\u00e7ada, Liberdade, Barbalho, Comercio, Mares, Ribeira e regi\u00f5es adjacentes)<br \/>\n1 VAGA<\/p>\n<\/div>\n<\/div>\n<div id=\"chunk-9fj0m\">\n<div class=\"mc-column content-text active-extra-styles \" data-block-type=\"unstyled\" data-block-weight=\"21\" data-block-id=\"11\">\n<p class=\"content-text__container \" data-track-category=\"Link no Texto\" data-track-links=\"\"><strong>AUXILIAR DE PADEIRO<br \/>\n<\/strong>Ensino fundamental incompleto<br \/>\nExperi\u00eancia m\u00ednima de 06 meses na carteira<br \/>\nTer f\u00e1cil acesso ao bairro de Periperi<br \/>\nSal\u00e1rio: R$ 1.356,47+ benef\u00edcios<br \/>\n2 VAGAS<\/p>\n<\/div>\n<\/div>\n<div id=\"chunk-agtma\">\n<div class=\"mc-column content-text active-extra-styles \" data-block-type=\"unstyled\" data-block-weight=\"32\" data-block-id=\"12\">\n<p class=\"content-text__container \" data-track-category=\"Link no Texto\" data-track-links=\"\"><strong>COZINHEIRO DE CHAPA<br \/>\n<\/strong>Ensino M\u00e9dio completo<br \/>\nExperi\u00eancia m\u00ednima de 06 meses na carteira<br \/>\nTer experi\u00eancia com trabalho de chapa e fog\u00e3o industrial, comida japonesa\/oriental e disponibilidade para trabalhar hor\u00e1rio de shopping<br \/>\nSal\u00e1rio: R$ 1.500,00+ benef\u00edcios<br \/>\n2 VAGAS<\/p>\n<\/div>\n<\/div>\n<div id=\"chunk-3n3pr\">\n<div class=\"mc-column content-text active-extra-styles \" data-block-type=\"unstyled\" data-block-weight=\"14\" data-block-id=\"13\">\n<p class=\"content-text__container \" data-track-category=\"Link no Texto\" data-track-links=\"\"><strong>INSTALADOR DE PEL\u00cdCULA SOLAR (INSUFILM)<br \/>\n<\/strong>Ensino fundamental incompleto<br \/>\nExperi\u00eancia m\u00ednima de 06 meses na fun\u00e7\u00e3o<br \/>\n1 VAGA<\/p>\n<\/div>\n<\/div>\n<div id=\"chunk-f2rju\">\n<div class=\"mc-column content-text active-extra-styles \" data-block-type=\"unstyled\" data-block-weight=\"16\" data-block-id=\"14\">\n<p class=\"content-text__container \" data-track-category=\"Link no Texto\" data-track-links=\"\"><strong>INSTALADOR DE SOM E ACESS\u00d3RIOS DE VE\u00cdCULOS<br \/>\n<\/strong>Ensino fundamental incompleto<br \/>\nExperi\u00eancia m\u00ednima de 06 meses na fun\u00e7\u00e3o<br \/>\n1 VAGA<\/p>\n<\/div>\n<\/div>\n<div id=\"chunk-8fh7k\">\n<div class=\"mc-column content-text active-extra-styles \" data-block-type=\"unstyled\" data-block-weight=\"57\" data-block-id=\"15\">\n<p class=\"content-text__container \" data-track-category=\"Link no Texto\" data-track-links=\"\"><strong>L\u00cdDER DE MANUTEN\u00c7\u00c3O<\/strong><br \/>\nEnsino m\u00e9dio<br \/>\nExperi\u00eancia m\u00ednima de 06 meses na fun\u00e7\u00e3o<br \/>\nTer cursos t\u00e9cnicos da \u00e1rea, experi\u00eancia em automa\u00e7\u00e3o, eletrot\u00e9cnica ou eletromec\u00e2nica e disponibilidade de hor\u00e1rio.<br \/>\n1 VAGA<\/p>\n<\/div>\n<\/div>\n<div id=\"chunk-be0qi\">\n<div class=\"mc-column content-text active-extra-styles \" data-block-type=\"unstyled\" data-block-weight=\"42\" data-block-id=\"17\">\n<p class=\"content-text__container \" data-track-category=\"Link no Texto\" data-track-links=\"\"><strong>MEC\u00c2NICO DE REFRIGERA\u00c7\u00c3O<br \/>\n<\/strong>Ensino m\u00e9dio<br \/>\nExperi\u00eancia m\u00ednima de 06 meses na carteira<br \/>\nObrigat\u00f3rio possuir CNH categoria B, curso t\u00e9cnico na \u00e1rea de refrigera\u00e7\u00e3o, conhecimento em split, amplo conhecimento na \u00e1rea de refrigera\u00e7\u00e3o e disponibilidade para viagens<br \/>\nSal\u00e1rio: R$ 1.690,00+ benef\u00edcios<br \/>\n1 VAGA<\/p>\n<\/div>\n<\/div>\n<div id=\"chunk-d9om2\">\n<div class=\"mc-column content-text active-extra-styles \" data-block-type=\"unstyled\" data-block-weight=\"23\" data-block-id=\"18\">\n<p class=\"content-text__container \" data-track-category=\"Link no Texto\" data-track-links=\"\"><strong>MEC\u00c2NICO DE VE\u00cdCULOS AUTOMOTORES A DIESEL (EXCETO TRATORES)<br \/>\n<\/strong>Ensino m\u00e9dio<br \/>\nExperi\u00eancia m\u00ednima de 06 meses na fun\u00e7\u00e3o<br \/>\nTer disponibilidade para trabalhar em Sim\u00f5es Filho<br \/>\n1 VAGA<\/p>\n<\/div>\n<\/div>\n<div id=\"chunk-231r\">\n<div class=\"mc-column content-text active-extra-styles \" data-block-type=\"unstyled\" data-block-weight=\"30\" data-block-id=\"19\">\n<p class=\"content-text__container \" data-track-category=\"Link no Texto\" data-track-links=\"\"><strong>PADEIRO<\/strong><br \/>\nEnsino fundamental incompleto<br \/>\nExperi\u00eancia m\u00ednima de 06 meses na fun\u00e7\u00e3o<br \/>\nResidir em bairros pr\u00f3ximos a Estrada do Coco (Mussurunga, S\u00e3o Crist\u00f3v\u00e3o, Itapu\u00e3, Lauro de Freitas, entre outros.)<br \/>\nSal\u00e1rio: R$ 1.723,00 + benef\u00edcios<br \/>\n2 VAGAS<\/p>\n<\/div>\n<\/div>\n<div id=\"chunk-8f2rb\">\n<div class=\"mc-column content-text active-extra-styles \" data-block-type=\"unstyled\" data-block-weight=\"19\" data-block-id=\"20\">\n<p class=\"content-text__container \" data-track-category=\"Link no Texto\" data-track-links=\"\"><strong>T\u00c9CNICO DE EDIFICA\u00c7\u00d5ES<br \/>\n<\/strong>Ensino m\u00e9dio<br \/>\nExperi\u00eancia m\u00ednima de 06 meses na carteira<br \/>\nObrigat\u00f3rio conhecimento em AutoCad<br \/>\nSal\u00e1rio: R$ 1.302,00 + benef\u00edcios<br \/>\n2 VAGAS<\/p>\n<\/div>\n<\/div>\n<div id=\"chunk-cpus5\">\n<div class=\"mc-column content-text active-extra-styles \" data-block-type=\"unstyled\" data-block-weight=\"27\" data-block-id=\"21\">\n<p class=\"content-text__container \" data-track-category=\"Link no Texto\" data-track-links=\"\"><strong>T\u00c9CNICO DE REFRIGERA\u00c7\u00c3O (INSTALA\u00c7\u00c3O)<br \/>\n<\/strong>Ensino m\u00e9dio<br \/>\nExperi\u00eancia m\u00ednima de 06 meses na fun\u00e7\u00e3o<br \/>\nPossuir curso t\u00e9cnico em refrigera\u00e7\u00e3o e disponibilidade de hor\u00e1rio para trabalhar em Lauro de Freitas<br \/>\n1 VAGA<\/p>\n<\/div>\n<\/div>\n<div id=\"chunk-18h5\">\n<div class=\"mc-column content-text active-extra-styles \" data-block-type=\"unstyled\" data-block-weight=\"26\" data-block-id=\"22\">\n<p class=\"content-text__container \" data-track-category=\"Link no Texto\" data-track-links=\"\"><strong>TECN\u00d3LOGO EM AUTOMA\u00c7\u00c3O<br \/>\n<\/strong>Ensino m\u00e9dio<br \/>\nExperi\u00eancia m\u00ednima de 06 meses na fun\u00e7\u00e3o<br \/>\nObrigat\u00f3rios cursos t\u00e9cnicos da \u00e1rea, experi\u00eancia em automa\u00e7\u00e3o, eletrot\u00e9cnica ou eletromec\u00e2nica e disponibilidade de hor\u00e1rio<br \/>\n1 VAGA<\/p>\n<\/div>\n<\/div>\n<div id=\"chunk-8hacj\">\n<div class=\"mc-column content-text active-extra-styles \" data-block-type=\"unstyled\" data-block-weight=\"38\" data-block-id=\"23\">\n<p class=\"content-text__container \" data-track-category=\"Link no Texto\" data-track-links=\"\"><strong>VENDEDOR INTERNO<\/strong><br \/>\nEnsino m\u00e9dio<br \/>\nExperi\u00eancia m\u00ednima de 6 meses na carteira<br \/>\nTer viv\u00eancia com vendas de plantas em geral e produtos de jardinagem e disponibilidade e f\u00e1cil acesso para trabalhar em Lauro de Freitas<br \/>\nSal\u00e1rio R$ 1.396,00 + benef\u00edcios<br \/>\n3 VAGAs<\/p>\n<\/div>\n<\/div>\n<div class=\"mc-column content-text active-extra-styles\" data-block-type=\"raw\" data-block-weight=\"3\" data-block-id=\"25\">\n<div class=\"content-intertitle\">\n<h2>Vagas para Ilh\u00e9us<\/h2>\n<\/div>\n<\/div>\n<div id=\"chunk-agfd3\">\n<div class=\"mc-column content-text active-extra-styles \" data-block-type=\"unstyled\" data-block-weight=\"10\" data-block-id=\"26\">\n<p class=\"content-text__container \" data-track-category=\"Link no Texto\" data-track-links=\"\"><strong>AUXILIAR ADMINISTRATIVO (EST\u00c1GIO)<\/strong><br \/>\nEnsino superior cursando Administra\u00e7\u00e3o ou \u00e1reas afins<br \/>\n1 VAGA<\/p>\n<\/div>\n<\/div>\n<div id=\"chunk-6d5q6\">\n<div class=\"mc-column content-text active-extra-styles \" data-block-type=\"unstyled\" data-block-weight=\"7\" data-block-id=\"27\">\n<p class=\"content-text__container \" data-track-category=\"Link no Texto\" data-track-links=\"\"><strong>COZINHEIRO DE CABANA<br \/>\n<\/strong>Ensino fundamental<br \/>\nExperi\u00eancia na Fun\u00e7\u00e3o<br \/>\n1 VAGA<\/p>\n<\/div>\n<\/div>\n<div id=\"chunk-5pq37\">\n<div class=\"mc-column content-text active-extra-styles \" data-block-type=\"unstyled\" data-block-weight=\"11\" data-block-id=\"28\">\n<p class=\"content-text__container \" data-track-category=\"Link no Texto\" data-track-links=\"\"><strong>ALINHADOR DE PNEUS<br \/>\n<\/strong>Ensino fundamental<br \/>\nExperi\u00eancia na fun\u00e7\u00e3o<br \/>\nn\u00ba de vagas n\u00e3o foi divulgado<\/p>\n<\/div>\n<\/div>\n<div id=\"chunk-asfj8\">\n<div class=\"mc-column content-text active-extra-styles \" data-block-type=\"unstyled\" data-block-weight=\"10\" data-block-id=\"29\">\n<p class=\"content-text__container \" data-track-category=\"Link no Texto\" data-track-links=\"\"><strong>COZINHEIRA<\/strong><br \/>\nEnsino fundamental<br \/>\nExperi\u00eancia em carteira<br \/>\nPossuir habilidade com forno e fog\u00e3o<br \/>\n1 VAGA<\/p>\n<\/div>\n<\/div>\n<div id=\"chunk-8qett\">\n<div class=\"mc-column content-text active-extra-styles \" data-block-type=\"unstyled\" data-block-weight=\"9\" data-block-id=\"30\">\n<p class=\"content-text__container \" data-track-category=\"Link no Texto\" data-track-links=\"\"><strong>PEDREIRO<\/strong><br \/>\nEnsino fundamental<br \/>\nExperi\u00eancia em carteira<br \/>\nDisponibilidade para residir em Itacar\u00e9<br \/>\n40 VAGAS<\/p>\n<\/div>\n<\/div>\n<div id=\"chunk-adlo3\">\n<div class=\"mc-column content-text active-extra-styles \" data-block-type=\"unstyled\" data-block-weight=\"7\" data-block-id=\"31\">\n<p class=\"content-text__container \" data-track-category=\"Link no Texto\" data-track-links=\"\"><strong>SERVENTE DE OBRAS<br \/>\n<\/strong>Ensino fundamental<br \/>\nExperi\u00eancia na fun\u00e7\u00e3o<br \/>\n20 VAGAS<\/p>\n<\/div>\n<\/div>\n<div id=\"chunk-8o4of\">\n<div class=\"mc-column content-text active-extra-styles \" data-block-type=\"unstyled\" data-block-weight=\"8\" data-block-id=\"32\">\n<p class=\"content-text__container \" data-track-category=\"Link no Texto\" data-track-links=\"\"><strong>AUXILIAR DE ALMOXARIFADO<\/strong><br \/>\nEnsino M\u00e9dio Completo<br \/>\nExperi\u00eancia na fun\u00e7\u00e3o<br \/>\n01 VAGA<\/p>\n<\/div>\n<\/div>\n<div id=\"chunk-bqvov\">\n<div class=\"mc-column content-text active-extra-styles \" data-block-type=\"unstyled\" data-block-weight=\"8\" data-block-id=\"33\">\n<p class=\"content-text__container \" data-track-category=\"Link no Texto\" data-track-links=\"\"><strong>AUXILIAR DE PRODU\u00c7\u00c3O<br \/>\n<\/strong>Ensino m\u00e9dio<br \/>\nExperi\u00eancia na fun\u00e7\u00e3o<br \/>\n1 VAGA<\/p>\n<\/div>\n<\/div>\n<div id=\"chunk-1irtp\">\n<div class=\"mc-column content-text active-extra-styles \" data-block-type=\"unstyled\" data-block-weight=\"13\" data-block-id=\"34\">\n<p class=\"content-text__container \" data-track-category=\"Link no Texto\" data-track-links=\"\"><strong>CASEIRO<\/strong><br \/>\nEnsino fundamental<br \/>\nExperi\u00eancia na Fun\u00e7\u00e3o<br \/>\nPossuir conhecimento em cortar grama, el\u00e9trica e hidr\u00e1ulica.<br \/>\n1 VAGA<\/p>\n<\/div>\n<\/div>\n<div id=\"chunk-3br5v\">\n<div class=\"mc-column content-text active-extra-styles \" data-block-type=\"unstyled\" data-block-weight=\"18\" data-block-id=\"35\">\n<p class=\"content-text__container \" data-track-category=\"Link no Texto\" data-track-links=\"\"><strong>SUPERVISOR DE SERVI\u00c7OS<\/strong><br \/>\nEnsino Superior Cursando<br \/>\nExperi\u00eancia na fun\u00e7\u00e3o na \u00e1rea de manuten\u00e7\u00e3o, constru\u00e7\u00e3o civil e el\u00e9trica<br \/>\nPossuir CNH &#8220;AB&#8221;<br \/>\n1 VAGA<\/p>\n<\/div>\n<\/div>\n<div id=\"chunk-56tlp\">\n<div class=\"mc-column content-text active-extra-styles \" data-block-type=\"unstyled\" data-block-weight=\"12\" data-block-id=\"36\">\n<p class=\"content-text__container \" data-track-category=\"Link no Texto\" data-track-links=\"\"><strong>SUPERVISOR DE VENDAS<br \/>\n<\/strong>Ensino superior cursando<br \/>\nExperi\u00eancia em carteira e possuir CNH &#8220;AB&#8221;<br \/>\n1 VAGA<\/p>\n<\/div>\n<\/div>\n<div id=\"chunk-87mc2\">\n<div class=\"mc-column content-text active-extra-styles \" data-block-type=\"unstyled\" data-block-weight=\"9\" data-block-id=\"37\">\n<p class=\"content-text__container \" data-track-category=\"Link no Texto\" data-track-links=\"\"><strong>VENDEDOR EXTERNO<br \/>\n<\/strong>Ensino m\u00e9dio<br \/>\nExperi\u00eancia em carteira<br \/>\nPossuir CNH &#8220;A&#8221;<br \/>\n1 VAGA<\/p>\n<\/div>\n<\/div>\n<div id=\"chunk-c8v6d\">\n<div class=\"mc-column content-text active-extra-styles \" data-block-type=\"unstyled\" data-block-weight=\"8\" data-block-id=\"38\">\n<p class=\"content-text__container \" data-track-category=\"Link no Texto\" data-track-links=\"\"><strong>EMPREGADA DOM\u00c9STICA DIARISTA<br \/>\n<\/strong>Ensino fundamental<br \/>\nExperi\u00eancia na fun\u00e7\u00e3o<br \/>\n1 VAGA<\/p>\n<\/div>\n<\/div>\n<div id=\"chunk-1b2fc\">\n<div class=\"mc-column content-text active-extra-styles \" data-block-type=\"unstyled\" data-block-weight=\"15\" data-block-id=\"39\">\n<p class=\"content-text__container \" data-track-category=\"Link no Texto\" data-track-links=\"\"><strong>AUXILIAR DE SERVI\u00c7OS GERAIS<br \/>\n<\/strong>Ensino m\u00e9dio<br \/>\nExperi\u00eancia na Fun\u00e7\u00e3o<br \/>\nPossuir CNH &#8220;AB&#8221;<br \/>\nDisponibilidade para trabalhar em Itacar\u00e9<br \/>\n1 VAGA<\/p>\n<\/div>\n<\/div>\n<div id=\"chunk-ada9v\">\n<div class=\"mc-column content-text active-extra-styles \" data-block-type=\"unstyled\" data-block-weight=\"5\" data-block-id=\"40\">\n<p class=\"content-text__container \" data-track-category=\"Link no Texto\" data-track-links=\"\"><strong>A\u00c7OUGUEIRO<\/strong><br \/>\nEnsino fundamental<br \/>\nExperi\u00eancia na Fun\u00e7\u00e3o<br \/>\n1 VAGA<\/p>\n<\/div>\n<\/div>\n<div id=\"chunk-50tfe\">\n<div class=\"mc-column content-text active-extra-styles \" data-block-type=\"unstyled\" data-block-weight=\"5\" data-block-id=\"41\">\n<p class=\"content-text__container \" data-track-category=\"Link no Texto\" data-track-links=\"\"><strong>FORNEIRO<\/strong><br \/>\nEnsino Fundamental<br \/>\nExperi\u00eancia em carteira<br \/>\n1 VAGA<\/p>\n<\/div>\n<\/div>\n<div id=\"chunk-18ca3\">\n<div class=\"mc-column content-text active-extra-styles \" data-block-type=\"unstyled\" data-block-weight=\"9\" data-block-id=\"42\">\n<p class=\"content-text__container \" data-track-category=\"Link no Texto\" data-track-links=\"\"><strong>PISCINEIRO<\/strong><br \/>\nEnsino m\u00e9dio<br \/>\nExperi\u00eancia comprovada em carteira<br \/>\nPossuir CNH \u201cAB\u201d<br \/>\n1 VAGA<\/p>\n<\/div>\n<\/div>\n<div id=\"chunk-24dth\">\n<div class=\"mc-column content-text active-extra-styles \" data-block-type=\"unstyled\" data-block-weight=\"7\" data-block-id=\"43\">\n<p class=\"content-text__container \" data-track-category=\"Link no Texto\" data-track-links=\"\"><strong>CAMAREIRA<\/strong><br \/>\nEnsino m\u00e9dio<br \/>\nExperi\u00eancia comprovada em carteira<br \/>\n2 VAGAS<\/p>\n<\/div>\n<\/div>\n<div id=\"chunk-4kknp\">\n<div class=\"mc-column content-text active-extra-styles \" data-block-type=\"unstyled\" data-block-weight=\"8\" data-block-id=\"44\">\n<p class=\"content-text__container \" data-track-category=\"Link no Texto\" data-track-links=\"\"><strong>CONSULTOR DE VENDAS<\/strong><br \/>\nEnsino m\u00e9dio<br \/>\nExperi\u00eancia na Fun\u00e7\u00e3o<br \/>\n1 VAGA<\/p>\n<\/div>\n<\/div>\n<div id=\"chunk-1d5uk\">\n<div class=\"mc-column content-text active-extra-styles \" data-block-type=\"unstyled\" data-block-weight=\"12\" data-block-id=\"45\">\n<p class=\"content-text__container \" data-track-category=\"Link no Texto\" data-track-links=\"\"><strong>ELETRICISTA DE INSTALA\u00c7\u00d5ES<br \/>\n<\/strong>Ensino fundamental incompleto<br \/>\nExperi\u00eancia comprovada em carteira<br \/>\nPossuir curso NR10 NR35<br \/>\n2 VAGAS<\/p>\n<\/div>\n<\/div>\n<div id=\"chunk-4hasi\">\n<div class=\"mc-column content-text active-extra-styles \" data-block-type=\"unstyled\" data-block-weight=\"8\" data-block-id=\"46\">\n<p class=\"content-text__container \" data-track-category=\"Link no Texto\" data-track-links=\"\"><strong>AJUDANTE DE PINTURA<br \/>\n<\/strong>Ensino m\u00e9dio<br \/>\nExperi\u00eancia na fun\u00e7\u00e3o<br \/>\n1 VAGA<\/p>\n<\/div>\n<\/div>\n<\/div>\n<\/article>\n<\/div>\n","protected":false},"excerpt":{"rendered":"<p>Por g1 BA H\u00e1 vagas para a\u00e7ougueiro \u2014 Foto: Pixabay O SineBahia, \u00f3rg\u00e3o estadual de intermedia\u00e7\u00e3o de m\u00e3o-de-obra, oferece nesta segunda-feira (13) vagas de emprego para\u00a0Itabuna\u00a0e\u00a0Ilh\u00e9us, na regi\u00e3o sul da Bahia. Os interessados devem buscar atendimento em uma das unidades do \u00f3rg\u00e3o. N\u00e3o \u00e9 preciso agendar e as senhas ser\u00e3o distribu\u00eddas conforme disponibilidade e por [&hellip;]<\/p>\n","protected":false},"author":2,"featured_media":0,"comment_status":"open","ping_status":"open","sticky":false,"template":"","format":"standard","meta":{"_links_to":"","_links_to_target":""},"categories":[1],"tags":[],"_links":{"self":[{"href":"https:\/\/www.ilheusnoticias.net.br\/v1\/wp-json\/wp\/v2\/posts\/31276"}],"collection":[{"href":"https:\/\/www.ilheusnoticias.net.br\/v1\/wp-json\/wp\/v2\/posts"}],"about":[{"href":"https:\/\/www.ilheusnoticias.net.br\/v1\/wp-json\/wp\/v2\/types\/post"}],"author":[{"embeddable":true,"href":"https:\/\/www.ilheusnoticias.net.br\/v1\/wp-json\/wp\/v2\/users\/2"}],"replies":[{"embeddable":true,"href":"https:\/\/www.ilheusnoticias.net.br\/v1\/wp-json\/wp\/v2\/comments?post=31276"}],"version-history":[{"count":1,"href":"https:\/\/www.ilheusnoticias.net.br\/v1\/wp-json\/wp\/v2\/posts\/31276\/revisions"}],"predecessor-version":[{"id":31277,"href":"https:\/\/www.ilheusnoticias.net.br\/v1\/wp-json\/wp\/v2\/posts\/31276\/revisions\/31277"}],"wp:attachment":[{"href":"https:\/\/www.ilheusnoticias.net.br\/v1\/wp-json\/wp\/v2\/media?parent=31276"}],"wp:term":[{"taxonomy":"category","embeddable":true,"href":"https:\/\/www.ilheusnoticias.net.br\/v1\/wp-json\/wp\/v2\/categories?post=31276"},{"taxonomy":"post_tag","embeddable":true,"href":"https:\/\/www.ilheusnoticias.net.br\/v1\/wp-json\/wp\/v2\/tags?post=31276"}],"curies":[{"name":"wp","href":"https:\/\/api.w.org\/{rel}","templated":true}]}}