{"id":31274,"date":"2023-03-13T06:51:57","date_gmt":"2023-03-13T09:51:57","guid":{"rendered":"https:\/\/www.ilheusnoticias.net.br\/v1\/?p=31274"},"modified":"2023-03-13T06:51:57","modified_gmt":"2023-03-13T09:51:57","slug":"adolescente-desaparece-apos-se-afogar-em-praia-no-sul-da-ba-irmao-foi-resgatado-por-bombeiros","status":"publish","type":"post","link":"https:\/\/www.ilheusnoticias.net.br\/v1\/2023\/03\/13\/adolescente-desaparece-apos-se-afogar-em-praia-no-sul-da-ba-irmao-foi-resgatado-por-bombeiros\/","title":{"rendered":"Adolescente desaparece ap\u00f3s se afogar em praia no sul da BA; irm\u00e3o foi resgatado por bombeiros"},"content":{"rendered":"<div class=\"row content-head non-featured \">\n<div class=\"title\" data-block-type=\"title\" data-block-id=\"0\"><\/div>\n<div class=\"medium-centered subtitle\">\n<h2 class=\"content-head__subtitle\"><\/h2>\n<\/div>\n<\/div>\n<div class=\"content__signa-share\">\n<div class=\"content__signature\">\n<div class=\"content-publication-data\">\n<div class=\"content-publication-data__text\">\n<p class=\"content-publication-data__from\" title=\"g1 BA e TV Santa Cruz\">Por 1 BA e TV Santa Cruz<\/p>\n<\/div>\n<\/div>\n<\/div>\n<\/div>\n<div class=\"mc-article-body\">\n<article>\n<div id=\"chunk-fc0gb\">\n<div class=\"row medium-uncollapsed content-media content-photo\" data-block-type=\"backstage-photo\" data-block-id=\"1\">\n<div class=\"mc-column content-media__container\">\n<div class=\"content-media-container glb-skeleton-box\">\n<figure class=\"content-media-figure\"><img class=\"i-amphtml-fill-content i-amphtml-replaced-content\" src=\"https:\/\/s2.glbimg.com\/pueHZHvFaEqa5K7xjm7r5LvqLXA=\/0x0:1440x809\/984x0\/smart\/filters:strip_icc()\/i.s3.glbimg.com\/v1\/AUTH_59edd422c0c84a879bd37670ae4f538a\/internal_photos\/bs\/2023\/z\/O\/aQar8QQ6SaNMVJFsVr6w\/whatsapp-image-2023-03-12-at-16.49.01.jpeg\" sizes=\"(max-width: 1707px) 648px, 100vw\" srcset=\"https:\/\/s2.glbimg.com\/DIcejk4j19mhHvSOQpur0MhxjO4=\/0x0:1440x809\/1000x0\/smart\/filters:strip_icc()\/i.s3.glbimg.com\/v1\/AUTH_59edd422c0c84a879bd37670ae4f538a\/internal_photos\/bs\/2023\/z\/O\/aQar8QQ6SaNMVJFsVr6w\/whatsapp-image-2023-03-12-at-16.49.01.jpeg 1000w, https:\/\/s2.glbimg.com\/pueHZHvFaEqa5K7xjm7r5LvqLXA=\/0x0:1440x809\/984x0\/smart\/filters:strip_icc()\/i.s3.glbimg.com\/v1\/AUTH_59edd422c0c84a879bd37670ae4f538a\/internal_photos\/bs\/2023\/z\/O\/aQar8QQ6SaNMVJFsVr6w\/whatsapp-image-2023-03-12-at-16.49.01.jpeg 984w, https:\/\/s2.glbimg.com\/ftMU4xQuAvApff9Ahs0y8NVsv8o=\/0x0:1440x809\/640x0\/smart\/filters:strip_icc()\/i.s3.glbimg.com\/v1\/AUTH_59edd422c0c84a879bd37670ae4f538a\/internal_photos\/bs\/2023\/z\/O\/aQar8QQ6SaNMVJFsVr6w\/whatsapp-image-2023-03-12-at-16.49.01.jpeg 640w, https:\/\/s2.glbimg.com\/kus_uv-dWtyW6ngATSgoWj3LnvI=\/0x0:1440x809\/600x0\/smart\/filters:strip_icc()\/i.s3.glbimg.com\/v1\/AUTH_59edd422c0c84a879bd37670ae4f538a\/internal_photos\/bs\/2023\/z\/O\/aQar8QQ6SaNMVJFsVr6w\/whatsapp-image-2023-03-12-at-16.49.01.jpeg 600w\" alt=\"Adolescente desaparece ap\u00f3s afogamento em praia no sul da Bahia \u2014 Foto: F\u00c1BIO ROBERTO NOT\u00cdCIAS\" \/><\/figure>\n<\/div>\n<\/div>\n<\/div>\n<\/div>\n<div id=\"chunk-8e7jr\">\n<div class=\"mc-column content-text active-extra-styles \" data-block-type=\"unstyled\" data-block-weight=\"37\" data-block-id=\"3\">\n<p class=\"content-text__container \" data-track-category=\"Link no Texto\" data-track-links=\"\">Um adolescente de 17 anos est\u00e1 desaparecido desde a tarde de s\u00e1bado (12), ap\u00f3s se afogar na praia da Avenida, no Centro de\u00a0<a class=\"\" href=\"https:\/\/g1.globo.com\/ba\/bahia\/cidade\/ilheus\/\">Ilh\u00e9us<\/a>, no sul da Bahia. As informa\u00e7\u00f5es s\u00e3o do Corpo de Bombeiros da cidade.<\/p>\n<\/div>\n<\/div>\n<div class=\"wall protected-content\">\n<div id=\"chunk-chm7v\">\n<div class=\"mc-column content-text active-extra-styles \" data-block-type=\"unstyled\" data-block-weight=\"42\" data-block-id=\"4\">\n<p class=\"content-text__container \" data-track-category=\"Link no Texto\" data-track-links=\"\">O adolecente e o irm\u00e3o, de 15 anos, entraram no mar na regi\u00e3o da Avenida Soares Lopes, na regi\u00e3o do porto, no come\u00e7o da tarde. Por volta de 14h40, os bombeiros foram acionados para ajudar em uma ocorr\u00eancia de afogamento dos irm\u00e3os.<\/p>\n<\/div>\n<\/div>\n<div id=\"chunk-bt3o8\">\n<div class=\"row medium-uncollapsed content-media content-photo\" data-block-type=\"backstage-photo\" data-block-id=\"5\">\n<div class=\"mc-column content-media__container\">\n<div class=\"content-media-container glb-skeleton-box\">\n<figure class=\"content-media-figure\"><img class=\"i-amphtml-fill-content i-amphtml-replaced-content\" src=\"https:\/\/s2.glbimg.com\/XvCZS7GDXQ2zlLmNi9n24gS_iCs=\/0x0:1600x900\/984x0\/smart\/filters:strip_icc()\/i.s3.glbimg.com\/v1\/AUTH_59edd422c0c84a879bd37670ae4f538a\/internal_photos\/bs\/2023\/T\/s\/dNPSumTlAajJSWgKEMTA\/whatsapp-image-2023-03-12-at-16.49.01-2-.jpeg\" sizes=\"(max-width: 1707px) 648px, 100vw\" srcset=\"https:\/\/s2.glbimg.com\/1TASLDfQp9GDx0mScPY1O0Vvpdw=\/0x0:1600x900\/1000x0\/smart\/filters:strip_icc()\/i.s3.glbimg.com\/v1\/AUTH_59edd422c0c84a879bd37670ae4f538a\/internal_photos\/bs\/2023\/T\/s\/dNPSumTlAajJSWgKEMTA\/whatsapp-image-2023-03-12-at-16.49.01-2-.jpeg 1000w, https:\/\/s2.glbimg.com\/XvCZS7GDXQ2zlLmNi9n24gS_iCs=\/0x0:1600x900\/984x0\/smart\/filters:strip_icc()\/i.s3.glbimg.com\/v1\/AUTH_59edd422c0c84a879bd37670ae4f538a\/internal_photos\/bs\/2023\/T\/s\/dNPSumTlAajJSWgKEMTA\/whatsapp-image-2023-03-12-at-16.49.01-2-.jpeg 984w, https:\/\/s2.glbimg.com\/laqKCQntumCg8jFPCtPNpEbZobs=\/0x0:1600x900\/640x0\/smart\/filters:strip_icc()\/i.s3.glbimg.com\/v1\/AUTH_59edd422c0c84a879bd37670ae4f538a\/internal_photos\/bs\/2023\/T\/s\/dNPSumTlAajJSWgKEMTA\/whatsapp-image-2023-03-12-at-16.49.01-2-.jpeg 640w, https:\/\/s2.glbimg.com\/TVwWpMWM4ilvLGahfio5QJJSruI=\/0x0:1600x900\/600x0\/smart\/filters:strip_icc()\/i.s3.glbimg.com\/v1\/AUTH_59edd422c0c84a879bd37670ae4f538a\/internal_photos\/bs\/2023\/T\/s\/dNPSumTlAajJSWgKEMTA\/whatsapp-image-2023-03-12-at-16.49.01-2-.jpeg 600w\" alt=\"Adolescente est\u00e1 desaparecido no mar de Ilh\u00e9us \u2014 Foto: F\u00c1BIO ROBERTO NOT\u00cdCIAS\" \/><\/figure>\n<\/div>\n<p class=\"content-media__description \">Adolescente est\u00e1 desaparecido no mar de Ilh\u00e9us \u2014 Foto: F\u00c1BIO ROBERTO NOT\u00cdCIAS<\/p>\n<\/div>\n<\/div>\n<\/div>\n<div id=\"chunk-fbcss\">\n<div class=\"mc-column content-text active-extra-styles \" data-block-type=\"unstyled\" data-block-weight=\"42\" data-block-id=\"7\">\n<p class=\"content-text__container \" data-track-category=\"Link no Texto\" data-track-links=\"\">Um deles, o de 15 anos, foi resgatado. N\u00e3o h\u00e1 informa\u00e7\u00f5es sobre o estado de sa\u00fade do jovem. J\u00e1 o adolescente de 17 anos n\u00e3o foi encontrado pelos militares. Desde ent\u00e3o, bombeiros realizam buscas na regi\u00e3o da praia onde os jovens estavam.<\/p>\n<\/div>\n<\/div>\n<div id=\"chunk-6lnd9\">\n<div class=\"mc-column content-text active-extra-styles \" data-block-type=\"unstyled\" data-block-weight=\"27\" data-block-id=\"8\">\n<p class=\"content-text__container \" data-track-category=\"Link no Texto\" data-track-links=\"\">Segundo os agentes, a ocorr\u00eancia est\u00e1 em andamento, e n\u00e3o \u00e9 poss\u00edvel informar mais detalhes. Nas buscas, os bombeiros t\u00eam utlizado diversos recursos, como moto aqu\u00e1ticas.<\/p>\n<\/div>\n<\/div>\n<div id=\"chunk-e50aj\">\n<div class=\"mc-column content-text active-extra-styles \" data-block-type=\"unstyled\" data-block-weight=\"24\" data-block-id=\"9\">\n<p class=\"content-text__container \" data-track-category=\"Link no Texto\" data-track-links=\"\">Outros agentes de seguran\u00e7a e sa\u00fade, como policiais militares e profissionais do Servi\u00e7o de Atendimento M\u00f3vel de Urg\u00eancia (Samu), auxiliam nas ativades de buscas.<\/p>\n<\/div>\n<\/div>\n<div id=\"chunk-4ucmf\">\n<div class=\"row medium-uncollapsed content-media content-photo\" data-block-type=\"backstage-photo\" data-block-id=\"10\">\n<div class=\"mc-column content-media__container\">\n<div class=\"content-media-container glb-skeleton-box\">\n<figure class=\"content-media-figure\"><img class=\"i-amphtml-fill-content i-amphtml-replaced-content\" src=\"https:\/\/s2.glbimg.com\/Sx8oFoyjOLm2DJSCKyy5V-BWDcU=\/0x0:1440x809\/984x0\/smart\/filters:strip_icc()\/i.s3.glbimg.com\/v1\/AUTH_59edd422c0c84a879bd37670ae4f538a\/internal_photos\/bs\/2023\/v\/5\/WOinR2SkypgszqnBqubg\/whatsapp-image-2023-03-12-at-16.49.02.jpeg\" sizes=\"(max-width: 1707px) 648px, 100vw\" srcset=\"https:\/\/s2.glbimg.com\/xYSQBJp4Z4MyeouzmnVO-X761rw=\/0x0:1440x809\/1000x0\/smart\/filters:strip_icc()\/i.s3.glbimg.com\/v1\/AUTH_59edd422c0c84a879bd37670ae4f538a\/internal_photos\/bs\/2023\/v\/5\/WOinR2SkypgszqnBqubg\/whatsapp-image-2023-03-12-at-16.49.02.jpeg 1000w, https:\/\/s2.glbimg.com\/Sx8oFoyjOLm2DJSCKyy5V-BWDcU=\/0x0:1440x809\/984x0\/smart\/filters:strip_icc()\/i.s3.glbimg.com\/v1\/AUTH_59edd422c0c84a879bd37670ae4f538a\/internal_photos\/bs\/2023\/v\/5\/WOinR2SkypgszqnBqubg\/whatsapp-image-2023-03-12-at-16.49.02.jpeg 984w, https:\/\/s2.glbimg.com\/A7iY_OWiYu-gaB-3JCERd3lL2Ws=\/0x0:1440x809\/640x0\/smart\/filters:strip_icc()\/i.s3.glbimg.com\/v1\/AUTH_59edd422c0c84a879bd37670ae4f538a\/internal_photos\/bs\/2023\/v\/5\/WOinR2SkypgszqnBqubg\/whatsapp-image-2023-03-12-at-16.49.02.jpeg 640w, https:\/\/s2.glbimg.com\/l1qThSbo7AXn6r0PRemxsk386qM=\/0x0:1440x809\/600x0\/smart\/filters:strip_icc()\/i.s3.glbimg.com\/v1\/AUTH_59edd422c0c84a879bd37670ae4f538a\/internal_photos\/bs\/2023\/v\/5\/WOinR2SkypgszqnBqubg\/whatsapp-image-2023-03-12-at-16.49.02.jpeg 600w\" alt=\"Adolescente desapereceu no mar de Ilh\u00e9us \u2014 Foto: F\u00c1BIO ROBERTO NOT\u00cdCIAS\" \/><\/figure>\n<\/div>\n<\/div>\n<\/div>\n<\/div>\n<div id=\"chunk-540cp\">\n<div class=\"row medium-uncollapsed content-media content-photo\" data-block-type=\"backstage-photo\" data-block-id=\"11\">\n<div class=\"mc-column content-media__container\">\n<div class=\"content-media-container glb-skeleton-box\">\n<figure class=\"content-media-figure\"><img class=\"i-amphtml-fill-content i-amphtml-replaced-content\" src=\"https:\/\/s2.glbimg.com\/c4GrNLgmVMKuCG1ofRAXBsOLw4g=\/0x0:1440x809\/984x0\/smart\/filters:strip_icc()\/i.s3.glbimg.com\/v1\/AUTH_59edd422c0c84a879bd37670ae4f538a\/internal_photos\/bs\/2023\/A\/y\/aandB7RfWPB4ZpzKkhqQ\/whatsapp-image-2023-03-12-at-16.49.00.jpeg\" sizes=\"(max-width: 1707px) 648px, 100vw\" srcset=\"https:\/\/s2.glbimg.com\/JHdHT_9TJAWvACxia313EV3VsME=\/0x0:1440x809\/1000x0\/smart\/filters:strip_icc()\/i.s3.glbimg.com\/v1\/AUTH_59edd422c0c84a879bd37670ae4f538a\/internal_photos\/bs\/2023\/A\/y\/aandB7RfWPB4ZpzKkhqQ\/whatsapp-image-2023-03-12-at-16.49.00.jpeg 1000w, https:\/\/s2.glbimg.com\/c4GrNLgmVMKuCG1ofRAXBsOLw4g=\/0x0:1440x809\/984x0\/smart\/filters:strip_icc()\/i.s3.glbimg.com\/v1\/AUTH_59edd422c0c84a879bd37670ae4f538a\/internal_photos\/bs\/2023\/A\/y\/aandB7RfWPB4ZpzKkhqQ\/whatsapp-image-2023-03-12-at-16.49.00.jpeg 984w, https:\/\/s2.glbimg.com\/vq8GmnwQAd2dNC5Hm5mt9LlR0n4=\/0x0:1440x809\/640x0\/smart\/filters:strip_icc()\/i.s3.glbimg.com\/v1\/AUTH_59edd422c0c84a879bd37670ae4f538a\/internal_photos\/bs\/2023\/A\/y\/aandB7RfWPB4ZpzKkhqQ\/whatsapp-image-2023-03-12-at-16.49.00.jpeg 640w, https:\/\/s2.glbimg.com\/ISHN2EabQ-pOl0Cgzv5xY25QDAY=\/0x0:1440x809\/600x0\/smart\/filters:strip_icc()\/i.s3.glbimg.com\/v1\/AUTH_59edd422c0c84a879bd37670ae4f538a\/internal_photos\/bs\/2023\/A\/y\/aandB7RfWPB4ZpzKkhqQ\/whatsapp-image-2023-03-12-at-16.49.00.jpeg 600w\" alt=\"Agentes do SAMU e PM ajudam nas buscas por adolescente que sumiu no mar na Bahia \u2014 Foto: F\u00c1BIO ROBERTO NOT\u00cdCIAS\" \/><\/figure>\n<\/div>\n<p class=\"content-media__description \">Agentes do SAMU e PM ajudam nas buscas por adolescente que sumiu no mar na Bahia \u2014 Foto: F\u00c1BIO ROBERTO NOT\u00cdCIAS<\/p>\n<\/div>\n<\/div>\n<\/div>\n<\/div>\n<\/article>\n<\/div>\n","protected":false},"excerpt":{"rendered":"<p>Por 1 BA e TV Santa Cruz Um adolescente de 17 anos est\u00e1 desaparecido desde a tarde de s\u00e1bado (12), ap\u00f3s se afogar na praia da Avenida, no Centro de\u00a0Ilh\u00e9us, no sul da Bahia. As informa\u00e7\u00f5es s\u00e3o do Corpo de Bombeiros da cidade. O adolecente e o irm\u00e3o, de 15 anos, entraram no mar na [&hellip;]<\/p>\n","protected":false},"author":2,"featured_media":0,"comment_status":"open","ping_status":"open","sticky":false,"template":"","format":"standard","meta":{"_links_to":"","_links_to_target":""},"categories":[1],"tags":[],"_links":{"self":[{"href":"https:\/\/www.ilheusnoticias.net.br\/v1\/wp-json\/wp\/v2\/posts\/31274"}],"collection":[{"href":"https:\/\/www.ilheusnoticias.net.br\/v1\/wp-json\/wp\/v2\/posts"}],"about":[{"href":"https:\/\/www.ilheusnoticias.net.br\/v1\/wp-json\/wp\/v2\/types\/post"}],"author":[{"embeddable":true,"href":"https:\/\/www.ilheusnoticias.net.br\/v1\/wp-json\/wp\/v2\/users\/2"}],"replies":[{"embeddable":true,"href":"https:\/\/www.ilheusnoticias.net.br\/v1\/wp-json\/wp\/v2\/comments?post=31274"}],"version-history":[{"count":1,"href":"https:\/\/www.ilheusnoticias.net.br\/v1\/wp-json\/wp\/v2\/posts\/31274\/revisions"}],"predecessor-version":[{"id":31275,"href":"https:\/\/www.ilheusnoticias.net.br\/v1\/wp-json\/wp\/v2\/posts\/31274\/revisions\/31275"}],"wp:attachment":[{"href":"https:\/\/www.ilheusnoticias.net.br\/v1\/wp-json\/wp\/v2\/media?parent=31274"}],"wp:term":[{"taxonomy":"category","embeddable":true,"href":"https:\/\/www.ilheusnoticias.net.br\/v1\/wp-json\/wp\/v2\/categories?post=31274"},{"taxonomy":"post_tag","embeddable":true,"href":"https:\/\/www.ilheusnoticias.net.br\/v1\/wp-json\/wp\/v2\/tags?post=31274"}],"curies":[{"name":"wp","href":"https:\/\/api.w.org\/{rel}","templated":true}]}}