{"id":31272,"date":"2023-03-13T06:48:48","date_gmt":"2023-03-13T09:48:48","guid":{"rendered":"https:\/\/www.ilheusnoticias.net.br\/v1\/?p=31272"},"modified":"2023-03-13T06:48:48","modified_gmt":"2023-03-13T09:48:48","slug":"etarismo-e-crime-veja-pelos-quais-universitarias-podem-responder-ao-debochar-de-colega-por-ter-mais-de-40-anos","status":"publish","type":"post","link":"https:\/\/www.ilheusnoticias.net.br\/v1\/2023\/03\/13\/etarismo-e-crime-veja-pelos-quais-universitarias-podem-responder-ao-debochar-de-colega-por-ter-mais-de-40-anos\/","title":{"rendered":"Etar\u00edsmo \u00e9 crime: Veja pelos quais universit\u00e1rias podem responder ao debochar de colega por ter mais de 40 anos"},"content":{"rendered":"<div class=\"row content-head non-featured \">\n<div class=\"title\" data-block-type=\"title\" data-block-id=\"0\"><\/div>\n<div class=\"medium-centered subtitle\"><\/div>\n<\/div>\n<div class=\"content__signa-share\">\n<div class=\"content__signature\">\n<div class=\"content-publication-data\">\n<div class=\"content-publication-data__text\">\n<p class=\"content-publication-data__updated\"><img class=\"content-video__placeholder__thumb\" title=\"Em v\u00eddeo, universit\u00e1rias de Bauru debocham de colega de sala de 40 anos\" src=\"https:\/\/s01.video.glbimg.com\/x240\/11439036.jpg\" alt=\"Em v\u00eddeo, universit\u00e1rias de Bauru debocham de colega de sala de 40 anos\" \/><\/p>\n<\/div>\n<\/div>\n<\/div>\n<\/div>\n<div class=\"mc-article-body\">\n<article>\n<div id=\"chunk-7v5js\">\n<div class=\"bs-video-block mc-column  content-media content-video\" data-block-type=\"backstage-video\" data-block-id=\"1\">\n<div class=\"content-media__container\">\n<div class=\"content-video__bigger-player-description-fixer\">\n<article class=\"content-video\">\n<section class=\"content-video__video-container\">\n<div class=\"content-video__video\">\n<div id=\"wp3-player-1\" class=\"clappr-player\" tabindex=\"9999\" data-player=\"\">\n<div class=\"media-control media-control-hide h720 w960\">\n<div class=\"media-control-panel\">\n<div class=\"media-control-panel__modal\"><\/div>\n<\/div>\n<\/div>\n<\/div>\n<\/div>\n<\/section>\n<\/article>\n<\/div>\n<p class=\"content-media__description\">Em v\u00eddeo, universit\u00e1rias de Bauru debocham de colega de sala de 40 anos<span style=\"font-family: inherit; font-size: inherit; font-style: inherit; font-variant-ligatures: inherit; font-variant-caps: inherit; font-weight: inherit; text-align: center;\">As<\/span><a class=\"\" style=\"font-family: inherit; font-size: inherit; font-style: inherit; font-variant-ligatures: inherit; font-variant-caps: inherit; font-weight: inherit; text-align: center;\" href=\"https:\/\/g1.globo.com\/sp\/bauru-marilia\/noticia\/2023\/03\/11\/video-de-universitarias-de-sp-debochando-de-colega-por-ter-40-anos-viraliza-e-gera-indignacao.ghtml\">\u00a0tr\u00eas estudantes de uma universidade particular de Bauru\u00a0<\/a><span style=\"font-family: inherit; font-size: inherit; font-style: inherit; font-variant-ligatures: inherit; font-variant-caps: inherit; font-weight: inherit; text-align: center;\">(SP) que debocharam de uma colega de faculdade por ter mais de 40 anos\u00a0<\/span><strong style=\"font-family: inherit; font-size: inherit; font-style: inherit; font-variant-ligatures: inherit; font-variant-caps: inherit; text-align: center;\">podem responder na Justi\u00e7a pelo epis\u00f3dio<\/strong><span style=\"font-family: inherit; font-size: inherit; font-style: inherit; font-variant-ligatures: inherit; font-variant-caps: inherit; font-weight: inherit; text-align: center;\">, que viralizou em um v\u00eddeo e gerou indigna\u00e7\u00e3o nas redes sociais.<\/span><\/p>\n<\/div>\n<\/div>\n<\/div>\n<div class=\"wall protected-content\">\n<div id=\"chunk-7efe\">\n<div class=\"mc-column content-text active-extra-styles \" data-block-type=\"unstyled\" data-block-weight=\"44\" data-block-id=\"4\">\n<p class=\"content-text__container \" data-track-category=\"Link no Texto\" data-track-links=\"\">Para saber as poss\u00edveis consequ\u00eancias jur\u00eddicas, o\u00a0<strong>g1<\/strong>\u00a0ouviu a advogada Gisele Truzzi, especialista em direito digital e s\u00f3cia fundadora da Truzzi Advogados, e a delegada de pol\u00edcia Raquel Gallinati, diretora da Associa\u00e7\u00e3o dos Delegados de Pol\u00edcia do Brasil e embaixadora do<a class=\"\" href=\"https:\/\/provitima.org\/embaixadores\/\" target=\"_blank\" rel=\"noopener\">\u00a0<\/a><a class=\"\" href=\"https:\/\/provitima.org\/\" target=\"_blank\" rel=\"noopener\">Instituto Pr\u00f3-V\u00edtima<\/a>.<\/p>\n<\/div>\n<\/div>\n<div id=\"chunk-42vtr\">\n<div class=\"mc-column content-text active-extra-styles \" data-block-type=\"unstyled\" data-block-weight=\"14\" data-block-id=\"5\">\n<p class=\"content-text__container \" data-track-category=\"Link no Texto\" data-track-links=\"\">As tr\u00eas, que s\u00e3o maiores de idade, podem, em tese, vir a responder por:<\/p>\n<\/div>\n<\/div>\n<div class=\"mc-column content-text active-extra-styles\" data-block-type=\"raw\" data-block-weight=\"81\" data-block-id=\"6\">\n<p class=\"content-text__container\">\n<ul class=\"content-unordered-list\">\n<li><strong>Inj\u00faria:<\/strong>\u00a0que \u00e9 ofender a dignidade ou a honra de algu\u00e9m. A pena pode ser de deten\u00e7\u00e3o, de um a seis meses, ou multa.<\/li>\n<li><strong>Difama\u00e7\u00e3o:<\/strong>\u00a0que \u00e9 ofender a reputa\u00e7\u00e3o de algu\u00e9m, mesmo que o fato seja ver\u00eddico. A pena pode ser de deten\u00e7\u00e3o de tr\u00eas meses a um ano, e multa.<\/li>\n<li><strong>Viol\u00eancia psicol\u00f3gica:\u00a0<\/strong>que<strong>\u00a0<\/strong>\u00e9 causar dano emocional \u00e0 mulher mediante constrangimento e ridiculariza\u00e7\u00e3o, entre outros pontos. A pena \u00e9 de reclus\u00e3o de seis meses a dois anos e multa.<\/li>\n<\/ul>\n<\/div>\n<div id=\"chunk-7omni\">\n<div class=\"mc-column content-text active-extra-styles quote\">\n<div class=\"quote__image\"><\/div>\n<div class=\"quote__caption\">Elas est\u00e3o sujeitas aos crimes de inj\u00faria e difama\u00e7\u00e3o, que dependem de representa\u00e7\u00e3o, que s\u00e3o crimes contra a honra tanto subjetiva quanto objetiva, e tamb\u00e9m o crime de viol\u00eancia psicol\u00f3gica, que se encaixa perfeitamente nas atitudes.<\/div>\n<div class=\"quote__author\">\u2014 Raquel Gallinati, diretora da Associa\u00e7\u00e3o dos Delegados de Pol\u00edcia do Brasil<\/div>\n<\/div>\n<\/div>\n<div id=\"chunk-pemt\">\n<div class=\"mc-column content-text active-extra-styles \" data-block-type=\"unstyled\" data-block-weight=\"45\" data-block-id=\"8\">\n<p class=\"content-text__container \" data-track-category=\"Link no Texto\" data-track-links=\"\">No entendimento de Gallinati, as tr\u00eas universit\u00e1rias, que estudam biomedicina, quando dizem que a colega com mais de 40 anos &#8220;n\u00e3o consegue ou n\u00e3o \u00e9 capaz de aprender novas atividades no \u00e2mbito acad\u00eamico&#8221; incorrem em viol\u00eancia psicol\u00f3gica ao fazerem com que se sinta diminu\u00edda.<\/p>\n<p data-track-category=\"Link no Texto\" data-track-links=\"\">\n<\/div>\n<\/div>\n<div id=\"chunk-4trle\">\n<div class=\"mc-column content-text active-extra-styles \" data-block-type=\"unstyled\" data-block-weight=\"36\" data-block-id=\"10\">\n<p class=\"content-text__container \" data-track-category=\"Link no Texto\" data-track-links=\"\">Para Truzzi, o trio pode ser enquadrado no crime de inj\u00faria por ter mencionado palavras, express\u00f5es e adjetivos negativos que afetam a imagem da v\u00edtima. E a especialista ressalta que\u00a0<strong>n\u00e3o adianta apagar o v\u00eddeo<\/strong>.<\/p>\n<\/div>\n<\/div>\n<div class=\"mc-column content-text active-extra-styles\" data-block-type=\"raw\" data-block-weight=\"27\" data-block-id=\"12\">\n<p class=\"content-text__container\">\n<blockquote class=\"content-blockquote theme-border-color-primary-before\"><p>&#8220;Sendo elas maiores de idade, por mais que apaguem o conte\u00fado que publicaram na internet, o crime j\u00e1 foi praticado. \u00c9 um crime instant\u00e2neo&#8221;, afirma a advogada.<\/p><\/blockquote>\n<p>&nbsp;<\/p>\n<\/div>\n<div id=\"chunk-7pr24\">\n<div class=\"mc-column content-text active-extra-styles \" data-block-type=\"unstyled\" data-block-weight=\"49\" data-block-id=\"13\">\n<p class=\"content-text__container \" data-track-category=\"Link no Texto\" data-track-links=\"\">A publica\u00e7\u00e3o feita na sexta-feira (10) no Twitter j\u00e1 passa de tr\u00eas milh\u00f5es de visualiza\u00e7\u00f5es. No v\u00eddeo, uma das universit\u00e1rias ironiza: \u201cGente, quiz do dia: como \u2018desmatricula\u2019 um colega de sala?\u201d. Logo depois, outra responde:\u00a0<strong>\u201cMano, ela tem 40 anos j\u00e1. Era para estar aposentada\u201d<\/strong>. \u201cRealmente\u201d, concorda a terceira.<\/p>\n<\/div>\n<\/div>\n<div id=\"chunk-e248q\">\n<div class=\"mc-column content-text active-extra-styles \" data-block-type=\"unstyled\" data-block-weight=\"38\" data-block-id=\"14\">\n<p class=\"content-text__container \" data-track-category=\"Link no Texto\" data-track-links=\"\">Em seguida, a estudante que grava o v\u00eddeo diz: \u201c<strong>Gente, 40 anos n\u00e3o pode mais fazer faculdade. Eu tenho essa opini\u00e3o<\/strong>\u201d. Elas chegam a dizer que a mulher \u201cn\u00e3o sabe o que \u00e9 Google\u201d.\u00a0<em>(Veja o v\u00eddeo acima.)<\/em><\/p>\n<\/div>\n<\/div>\n<div id=\"chunk-1d63e\">\n<div class=\"row medium-uncollapsed content-media content-photo\" data-block-type=\"backstage-photo\" data-block-id=\"15\">\n<div class=\"mc-column content-media__container\">\n<div class=\"content-media-container glb-skeleton-box\">\n<figure class=\"content-media-figure\"><img class=\"i-amphtml-fill-content i-amphtml-replaced-content\" src=\"https:\/\/s2.glbimg.com\/fku_cQ0x1xMD6gRX4XebI0llX8M=\/0x0:1920x1080\/984x0\/smart\/filters:strip_icc()\/i.s3.glbimg.com\/v1\/AUTH_59edd422c0c84a879bd37670ae4f538a\/internal_photos\/bs\/2023\/B\/d\/6EqEuATLay3lnHVNBfXw\/design-sem-nome-12-.jpg\" sizes=\"(max-width: 1707px) 648px, 100vw\" srcset=\"https:\/\/s2.glbimg.com\/smrNCUHdK9mxUyg8NWIRg1ZiDNU=\/0x0:1920x1080\/1000x0\/smart\/filters:strip_icc()\/i.s3.glbimg.com\/v1\/AUTH_59edd422c0c84a879bd37670ae4f538a\/internal_photos\/bs\/2023\/B\/d\/6EqEuATLay3lnHVNBfXw\/design-sem-nome-12-.jpg 1000w, https:\/\/s2.glbimg.com\/fku_cQ0x1xMD6gRX4XebI0llX8M=\/0x0:1920x1080\/984x0\/smart\/filters:strip_icc()\/i.s3.glbimg.com\/v1\/AUTH_59edd422c0c84a879bd37670ae4f538a\/internal_photos\/bs\/2023\/B\/d\/6EqEuATLay3lnHVNBfXw\/design-sem-nome-12-.jpg 984w, https:\/\/s2.glbimg.com\/OazfJvutLzbIdFxnArqLORjsNTI=\/0x0:1920x1080\/640x0\/smart\/filters:strip_icc()\/i.s3.glbimg.com\/v1\/AUTH_59edd422c0c84a879bd37670ae4f538a\/internal_photos\/bs\/2023\/B\/d\/6EqEuATLay3lnHVNBfXw\/design-sem-nome-12-.jpg 640w, https:\/\/s2.glbimg.com\/C_SXBcX_HFt3D_EovMQ27GGVzQA=\/0x0:1920x1080\/600x0\/smart\/filters:strip_icc()\/i.s3.glbimg.com\/v1\/AUTH_59edd422c0c84a879bd37670ae4f538a\/internal_photos\/bs\/2023\/B\/d\/6EqEuATLay3lnHVNBfXw\/design-sem-nome-12-.jpg 600w\" alt=\"Patr\u00edcia recebe flores de colegas ap\u00f3s ser v\u00edtima de etarismo  na universidade. \u2014 Foto: Arquivo Pessoal\" \/><\/figure>\n<\/div>\n<p class=\"content-media__description \">Patr\u00edcia recebe flores de colegas ap\u00f3s ser v\u00edtima de etarismo na universidade. \u2014 Foto: Arquivo Pessoal<\/p>\n<\/div>\n<\/div>\n<\/div>\n<div id=\"chunk-14vsi\">\n<div class=\"mc-column content-text active-extra-styles \" data-block-type=\"unstyled\" data-block-weight=\"20\" data-block-id=\"17\">\n<p class=\"content-text__container \" data-track-category=\"Link no Texto\" data-track-links=\"\">No mesmo dia, estudantes manifestaram apoio \u00e0 aluna,\u00a0<a class=\"\" href=\"https:\/\/g1.globo.com\/sp\/bauru-marilia\/noticia\/2023\/03\/12\/deboche-a-universitaria-com-mais-de-40-anos-gera-revolta-e-solidariedade-de-colegas-exemplo-para-nos.ghtml\">Patr\u00edcia Linares, e entregaram flores, cartas e chocolate\u00a0<\/a>a ela.<\/p>\n<\/div>\n<\/div>\n<div class=\"mc-column content-text active-extra-styles\" data-block-type=\"raw\" data-block-weight=\"1\" data-block-id=\"18\">\n<div class=\"content-intertitle\">\n<h2>Desculpas<\/h2>\n<\/div>\n<\/div>\n<div id=\"chunk-fr9em\">\n<div class=\"mc-column content-text active-extra-styles \" data-block-type=\"unstyled\" data-block-weight=\"24\" data-block-id=\"19\">\n<p class=\"content-text__container \" data-track-category=\"Link no Texto\" data-track-links=\"\">Segundo Truzzi, mesmo que pe\u00e7am desculpas e se retratem, o &#8220;crime j\u00e1 foi praticado, porque foi no momento em que a ofensa foi proferida&#8221;.<\/p>\n<\/div>\n<\/div>\n<div id=\"chunk-63tc5\">\n<div class=\"mc-column content-text active-extra-styles quote\">\n<div class=\"quote__caption\">N\u00e3o tem como &#8216;desdizer&#8217; o que voc\u00ea j\u00e1 disse. Eu falo que palavras s\u00e3o como flechas. A partir do momento em que a gente as dispara, elas n\u00e3o voltam mais. Ent\u00e3o, voc\u00ea pode apagar uma postagem, mas o il\u00edcito j\u00e1 foi praticado e, se a pessoa tem prints disso ou baixou o conte\u00fado ou fez o download do material, ela tem como comprovar a situa\u00e7\u00e3o.<\/div>\n<div class=\"quote__author\">\u2014 Gisele Truzzi, advogada especialista em direito digital<\/div>\n<\/div>\n<\/div>\n<div id=\"chunk-df44v\">\n<div class=\"mc-column content-text active-extra-styles \" data-block-type=\"unstyled\" data-block-weight=\"25\" data-block-id=\"20\">\n<p class=\"content-text__container \" data-track-category=\"Link no Texto\" data-track-links=\"\">Ao\u00a0<strong>g1<\/strong>, uma das universit\u00e1rias disse no s\u00e1bado (11) que est\u00e3o arrependidas do que falaram e que o v\u00eddeo foi uma &#8220;brincadeira de mau gosto&#8221;.<\/p>\n<\/div>\n<\/div>\n<div id=\"chunk-9eovq\">\n<div class=\"mc-column content-text active-extra-styles \" data-block-type=\"unstyled\" data-block-weight=\"31\" data-block-id=\"21\">\n<p class=\"content-text__container \" data-track-category=\"Link no Texto\" data-track-links=\"\">Ela contou que as imagens foram postadas inicialmente no &#8220;close friends&#8221; do Instagram (recurso que permite que o usu\u00e1rio selecione seguidores espec\u00edficos), mas acabou saindo da roda de amigos e viralizou.<\/p>\n<\/div>\n<\/div>\n<div id=\"chunk-7ince\">\n<div class=\"mc-column content-text active-extra-styles \" data-block-type=\"unstyled\" data-block-weight=\"35\" data-block-id=\"23\">\n<p class=\"content-text__container \" data-track-category=\"Link no Texto\" data-track-links=\"\">&#8220;Nunca foi na inten\u00e7\u00e3o de dizer que pessoas de mais idade n\u00e3o podem adquirir uma gradua\u00e7\u00e3o, pois n\u00e3o tenho esse pensamento. Foi uma fala imprudente e infeliz que tomou uma propor\u00e7\u00e3o que n\u00e3o imagin\u00e1vamos&#8221;, disse.<\/p>\n<\/div>\n<\/div>\n<div id=\"chunk-b94bs\">\n<div class=\"mc-column content-text active-extra-styles \" data-block-type=\"unstyled\" data-block-weight=\"17\" data-block-id=\"24\">\n<p class=\"content-text__container \" data-track-category=\"Link no Texto\" data-track-links=\"\">Neste domingo, a reportagem voltou a tentar contato com as tr\u00eas envolvidas, mas n\u00e3o atenderam \u00e0s chamadas.<\/p>\n<\/div>\n<\/div>\n<div id=\"chunk-7afdd\">\n<div class=\"mc-column content-text active-extra-styles \" data-block-type=\"unstyled\" data-block-weight=\"23\" data-block-id=\"25\">\n<p class=\"content-text__container \" data-track-category=\"Link no Texto\" data-track-links=\"\">O\u00a0<strong>g1<\/strong> conversou com a v\u00edtima do caso, que cursa o primeiro ano da faculdade, mas ela preferiu n\u00e3o dar entrevista por enquanto.<\/p>\n<\/div>\n<\/div>\n<div class=\"mc-column content-text active-extra-styles\" data-block-type=\"raw\" data-block-weight=\"3\" data-block-id=\"26\">\n<div class=\"content-intertitle\">\n<h2>Possibilidade de acordo<\/h2>\n<\/div>\n<\/div>\n<div id=\"chunk-c8a4s\">\n<div class=\"mc-column content-text active-extra-styles \" data-block-type=\"unstyled\" data-block-weight=\"32\" data-block-id=\"27\">\n<p class=\"content-text__container \" data-track-category=\"Link no Texto\" data-track-links=\"\">De acordo com Gisele Truzzi, especialista em direito digital, o processo pode resultar em um acordo e retrata\u00e7\u00e3o, com a substitui\u00e7\u00e3o da pena pelo pagamento de cestas b\u00e1sicas, presta\u00e7\u00e3o de servi\u00e7os comunit\u00e1rios.<\/p>\n<\/div>\n<\/div>\n<div id=\"chunk-2ikok\">\n<div class=\"mc-column content-text active-extra-styles \" data-block-type=\"unstyled\" data-block-weight=\"41\" data-block-id=\"28\">\n<p class=\"content-text__container \" data-track-category=\"Link no Texto\" data-track-links=\"\">A retrata\u00e7\u00e3o, exemplifica a advogada, pode ser a publica\u00e7\u00e3o de um v\u00eddeo ou mensagem pedindo desculpas por um determinado tempo na internet. Outra possibilidade \u00e9 a publica\u00e7\u00e3o da senten\u00e7a nas suas pr\u00f3prias redes sociais como um pedido formal de desculpas.<\/p>\n<\/div>\n<\/div>\n<div id=\"chunk-3phfv\">\n<div class=\"mc-column content-text active-extra-styles \" data-block-type=\"unstyled\" data-block-weight=\"42\" data-block-id=\"29\">\n<p class=\"content-text__container \" data-track-category=\"Link no Texto\" data-track-links=\"\">A advogada alerta ainda que h\u00e1 ainda o risco de essas universit\u00e1rias terem preju\u00edzos futuros. &#8220;A internet n\u00e3o nos deixa esquecer. Ent\u00e3o, o que essas mo\u00e7as fizeram pode ser extremamente negativo para elas l\u00e1 na frente, como em um processo seletivo&#8221;, afirma.<\/p>\n<\/div>\n<\/div>\n<div class=\"mc-column content-text active-extra-styles\" data-block-type=\"raw\" data-block-weight=\"3\" data-block-id=\"30\">\n<div class=\"content-intertitle\">\n<h2>Sobrinha se manifestou<\/h2>\n<\/div>\n<\/div>\n<div id=\"chunk-43vip\">\n<div class=\"mc-column content-text active-extra-styles \" data-block-type=\"unstyled\" data-block-weight=\"28\" data-block-id=\"31\">\n<p class=\"content-text__container \" data-track-category=\"Link no Texto\" data-track-links=\"\">O v\u00eddeo das estudantes foi compartilhado por v\u00e1rias pessoas nas redes sociais, inclusive pela sobrinha da v\u00edtima. Em uma publica\u00e7\u00e3o na rede social, ela desabafou sobre o epis\u00f3dio.<\/p>\n<\/div>\n<\/div>\n<div class=\"mc-column content-text active-extra-styles\" data-block-type=\"raw\" data-block-weight=\"56\" data-block-id=\"33\">\n<blockquote class=\"content-blockquote theme-border-color-primary-before\"><p>\u201cEla sempre teve o sonho de estudar e nunca teve oportunidade. Hoje, ela conseguiu entrar em um curso que ela sempre quis e estava muito feliz e animada para come\u00e7ar as aulas, e da\u00ed surgem tr\u00eas meninas que s\u00f3 vivem na pr\u00f3pria bolha, gravando v\u00eddeo zombando pela minha tia ser a mais velha da turma\u201d, disse.<\/p><\/blockquote>\n<p>&nbsp;<\/p>\n<\/div>\n<div id=\"chunk-dvm99\">\n<div class=\"row medium-uncollapsed content-media content-photo\" data-block-type=\"backstage-photo\" data-block-id=\"34\">\n<div class=\"mc-column content-media__container\">\n<div class=\"content-media-container glb-skeleton-box\">\n<figure class=\"content-media-figure\"><img class=\"i-amphtml-fill-content i-amphtml-replaced-content\" src=\"https:\/\/s2.glbimg.com\/KLdnWXrRPFj4V8lFtvGyzkEl1Ak=\/0x0:638x598\/984x0\/smart\/filters:strip_icc()\/i.s3.glbimg.com\/v1\/AUTH_59edd422c0c84a879bd37670ae4f538a\/internal_photos\/bs\/2023\/1\/E\/GWzhFVRr2HjUErXwNqSw\/print.jpg\" sizes=\"(max-width: 1707px) 648px, 100vw\" srcset=\"https:\/\/s2.glbimg.com\/efyZMt04pNPq5uHdhnbeNtkRN3Y=\/0x0:638x598\/1000x0\/smart\/filters:strip_icc()\/i.s3.glbimg.com\/v1\/AUTH_59edd422c0c84a879bd37670ae4f538a\/internal_photos\/bs\/2023\/1\/E\/GWzhFVRr2HjUErXwNqSw\/print.jpg 1000w, https:\/\/s2.glbimg.com\/KLdnWXrRPFj4V8lFtvGyzkEl1Ak=\/0x0:638x598\/984x0\/smart\/filters:strip_icc()\/i.s3.glbimg.com\/v1\/AUTH_59edd422c0c84a879bd37670ae4f538a\/internal_photos\/bs\/2023\/1\/E\/GWzhFVRr2HjUErXwNqSw\/print.jpg 984w, https:\/\/s2.glbimg.com\/qpUCNGve76dAm7_5c7L48TGKsGQ=\/0x0:638x598\/640x0\/smart\/filters:strip_icc()\/i.s3.glbimg.com\/v1\/AUTH_59edd422c0c84a879bd37670ae4f538a\/internal_photos\/bs\/2023\/1\/E\/GWzhFVRr2HjUErXwNqSw\/print.jpg 640w, https:\/\/s2.glbimg.com\/rqC28R06-eF0SN0hLEOCCVX9rFA=\/0x0:638x598\/600x0\/smart\/filters:strip_icc()\/i.s3.glbimg.com\/v1\/AUTH_59edd422c0c84a879bd37670ae4f538a\/internal_photos\/bs\/2023\/1\/E\/GWzhFVRr2HjUErXwNqSw\/print.jpg 600w\" alt=\"Sobrinha da estudante de 40 anos se manifestou sobre o caso em Bauru em uma rede social \u2014 Foto: Instagram\/Reprodu\u00e7\u00e3o\" \/><\/figure>\n<\/div>\n<p class=\"content-media__description \">Sobrinha da estudante de 40 anos se manifestou sobre o caso em Bauru em uma rede social \u2014 Foto: Instagram\/Reprodu\u00e7\u00e3o<\/p>\n<\/div>\n<\/div>\n<\/div>\n<div class=\"mc-column content-text active-extra-styles\" data-block-type=\"raw\" data-block-weight=\"5\" data-block-id=\"35\">\n<div class=\"content-intertitle\">\n<h2>O que diz a universidade<\/h2>\n<\/div>\n<\/div>\n<div id=\"chunk-7hhe2\">\n<div class=\"mc-column content-text active-extra-styles \" data-block-type=\"unstyled\" data-block-weight=\"17\" data-block-id=\"36\">\n<p class=\"content-text__container \" data-track-category=\"Link no Texto\" data-track-links=\"\">A Unisagrado publicou uma nota na rede social horas depois, mas sem fazer men\u00e7\u00e3o direta ao caso.<\/p>\n<\/div>\n<\/div>\n<div id=\"chunk-b2vd6\">\n<div class=\"mc-column content-text active-extra-styles \" data-block-type=\"unstyled\" data-block-weight=\"35\" data-block-id=\"37\">\n<p class=\"content-text__container \" data-track-category=\"Link no Texto\" data-track-links=\"\">No comunicado, afirma que n\u00e3o compactua com qualquer tipo de discrimina\u00e7\u00e3o e que acredita que \u201ctodos devem ter acesso \u00e0 educa\u00e7\u00e3o de qualidade, desde pequenos at\u00e9 quando cada um quiser, porque educa\u00e7\u00e3o \u00e9 isso: autonomia\u201d.<\/p>\n<\/div>\n<\/div>\n<div id=\"chunk-8ev33\">\n<div class=\"mc-column content-text active-extra-styles \" data-block-type=\"unstyled\" data-block-weight=\"47\" data-block-id=\"39\">\n<p class=\"content-text__container \" data-track-category=\"Link no Texto\" data-track-links=\"\">A publica\u00e7\u00e3o tamb\u00e9m diz que \u201cas oportunidades n\u00e3o s\u00e3o iguais para todo mundo em todos os momentos da vida. Sabemos, por exemplo, que os pais, muitas vezes, abrem m\u00e3o da sua forma\u00e7\u00e3o para oferecer as melhores oportunidades para seus filhos e, somente depois, optam por se profissionalizarem\u201d.<\/p>\n<\/div>\n<\/div>\n<div id=\"chunk-dhv8b\">\n<div class=\"row medium-uncollapsed content-media content-photo\" data-block-type=\"backstage-photo\" data-block-id=\"40\">\n<div class=\"mc-column content-media__container\">\n<div class=\"content-media-container glb-skeleton-box\">\n<figure class=\"content-media-figure\"><img class=\"i-amphtml-fill-content i-amphtml-replaced-content\" src=\"https:\/\/s2.glbimg.com\/Yit6ksDqNTKfGcz8xXsuNl752K8=\/0x0:1139x700\/984x0\/smart\/filters:strip_icc()\/i.s3.glbimg.com\/v1\/AUTH_59edd422c0c84a879bd37670ae4f538a\/internal_photos\/bs\/2023\/z\/d\/L7esK8SkOzTgujQA2LNg\/nota.png\" sizes=\"(max-width: 1707px) 648px, 100vw\" srcset=\"https:\/\/s2.glbimg.com\/2OqZkGpW8Mm8D1f_9lHYTFT2jO0=\/0x0:1139x700\/1000x0\/smart\/filters:strip_icc()\/i.s3.glbimg.com\/v1\/AUTH_59edd422c0c84a879bd37670ae4f538a\/internal_photos\/bs\/2023\/z\/d\/L7esK8SkOzTgujQA2LNg\/nota.png 1000w, https:\/\/s2.glbimg.com\/Yit6ksDqNTKfGcz8xXsuNl752K8=\/0x0:1139x700\/984x0\/smart\/filters:strip_icc()\/i.s3.glbimg.com\/v1\/AUTH_59edd422c0c84a879bd37670ae4f538a\/internal_photos\/bs\/2023\/z\/d\/L7esK8SkOzTgujQA2LNg\/nota.png 984w, https:\/\/s2.glbimg.com\/Mi250Rk7PG2iadrY9FNnRfFtSg0=\/0x0:1139x700\/640x0\/smart\/filters:strip_icc()\/i.s3.glbimg.com\/v1\/AUTH_59edd422c0c84a879bd37670ae4f538a\/internal_photos\/bs\/2023\/z\/d\/L7esK8SkOzTgujQA2LNg\/nota.png 640w, https:\/\/s2.glbimg.com\/fI7cvb47EOxxStDzjeNmYuK7kAM=\/0x0:1139x700\/600x0\/smart\/filters:strip_icc()\/i.s3.glbimg.com\/v1\/AUTH_59edd422c0c84a879bd37670ae4f538a\/internal_photos\/bs\/2023\/z\/d\/L7esK8SkOzTgujQA2LNg\/nota.png 600w\" alt=\"Universidade publicou nota de posicionamento horas depois \u2014 Foto: Instagram\/Reprodu\u00e7\u00e3o\" \/><\/figure>\n<\/div>\n<p class=\"content-media__description \">Universidade publicou nota de posicionamento horas depois \u2014 Foto: Instagram\/Reprodu\u00e7\u00e3o<\/p>\n<\/div>\n<\/div>\n<\/div>\n<div id=\"chunk-fehbi\">\n<div class=\"mc-column content-text active-extra-styles \" data-block-type=\"unstyled\" data-block-weight=\"34\" data-block-id=\"41\">\n<p class=\"content-text__container \" data-track-category=\"Link no Texto\" data-track-links=\"\">Ao\u00a0<a class=\"\" href=\"https:\/\/g1.globo.com\/sp\/bauru-marilia\/\">g1<\/a>, a assessoria da universidade disse que est\u00e1 tomando medidas em rela\u00e7\u00e3o \u00e0s universit\u00e1rias envolvidas no caso. &#8220;Mas por respeito a todos os envolvidos estamos trabalhando no \u00e2mbito institucional e n\u00e3o divulgaremos&#8221;, disse.<\/p>\n<\/div>\n<\/div>\n<div id=\"chunk-4o1i8\">\n<div class=\"mc-column content-text active-extra-styles \" data-block-type=\"unstyled\" data-block-weight=\"40\" data-block-id=\"42\">\n<p class=\"content-text__container \" data-track-category=\"Link no Texto\" data-track-links=\"\">De acordo com uma das jovens que aparece no v\u00eddeo, a faculdade orientou as estudantes e &#8220;deu a oportunidade de recome\u00e7ar e amadurecer, mudar nossos pensamentos e perceber que coment\u00e1rios assim, sendo brincadeira ou n\u00e3o, s\u00e3o levados muito a s\u00e9rio&#8221;.<\/p>\n<\/div>\n<\/div>\n<div class=\"mc-column content-text active-extra-styles\" data-block-type=\"raw\" data-block-weight=\"3\" data-block-id=\"44\">\n<div class=\"content-intertitle\">\n<h2>Preconceito com idade<\/h2>\n<\/div>\n<\/div>\n<div id=\"chunk-8bagh\">\n<div class=\"mc-column content-text active-extra-styles \" data-block-type=\"unstyled\" data-block-weight=\"28\" data-block-id=\"45\">\n<p class=\"content-text__container \" data-track-category=\"Link no Texto\" data-track-links=\"\"><a class=\"\" href=\"https:\/\/g1.globo.com\/df\/distrito-federal\/noticia\/2022\/10\/23\/velho-fobia-saiba-o-que-e-etarismo-e-como-o-preconceito-aparece-no-dia-a-dia.ghtml\">Etarismo \u00e9 o nome dado \u00e0 discrimina\u00e7\u00e3o e ao preconceito relacionado com a idade de uma pessoa.\u00a0<\/a>Essa repulsa pode resultar, inclusive, em viol\u00eancia verbal, f\u00edsica ou psicol\u00f3gica.<\/p>\n<\/div>\n<\/div>\n<div id=\"chunk-1urk8\">\n<div class=\"mc-column content-text active-extra-styles \" data-block-type=\"unstyled\" data-block-weight=\"51\" data-block-id=\"46\">\n<p class=\"content-text__container \" data-track-category=\"Link no Texto\" data-track-links=\"\">No dia a dia, o etarismo pode se manifestar de diferentes maneiras: como piadas, infantiliza\u00e7\u00e3o ou atitudes que geram exclus\u00e3o da v\u00edtima. No meio profissional, esse preconceito tamb\u00e9m se mostra em postagens de candidaturas de vagas de emprego com limite de idade ou em frases como &#8220;voc\u00ea est\u00e1 velho para isso&#8221;.<\/p>\n<\/div>\n<\/div>\n<div id=\"chunk-2em92\">\n<div class=\"mc-column content-text active-extra-styles \" data-block-type=\"unstyled\" data-block-weight=\"20\" data-block-id=\"47\">\n<p class=\"content-text__container \" data-track-category=\"Link no Texto\" data-track-links=\"\">As den\u00fancias de viola\u00e7\u00f5es de direitos humanos podem ser feitas de maneira an\u00f4nima pelo Disque Direitos Humanos, o Disque 100.<\/p>\n<\/div>\n<\/div>\n<\/div>\n<\/article>\n<\/div>\n","protected":false},"excerpt":{"rendered":"<p>Em v\u00eddeo, universit\u00e1rias de Bauru debocham de colega de sala de 40 anosAs\u00a0tr\u00eas estudantes de uma universidade particular de Bauru\u00a0(SP) que debocharam de uma colega de faculdade por ter mais de 40 anos\u00a0podem responder na Justi\u00e7a pelo epis\u00f3dio, que viralizou em um v\u00eddeo e gerou indigna\u00e7\u00e3o nas redes sociais. Para saber as poss\u00edveis consequ\u00eancias jur\u00eddicas, [&hellip;]<\/p>\n","protected":false},"author":2,"featured_media":0,"comment_status":"open","ping_status":"open","sticky":false,"template":"","format":"standard","meta":{"_links_to":"","_links_to_target":""},"categories":[1],"tags":[],"_links":{"self":[{"href":"https:\/\/www.ilheusnoticias.net.br\/v1\/wp-json\/wp\/v2\/posts\/31272"}],"collection":[{"href":"https:\/\/www.ilheusnoticias.net.br\/v1\/wp-json\/wp\/v2\/posts"}],"about":[{"href":"https:\/\/www.ilheusnoticias.net.br\/v1\/wp-json\/wp\/v2\/types\/post"}],"author":[{"embeddable":true,"href":"https:\/\/www.ilheusnoticias.net.br\/v1\/wp-json\/wp\/v2\/users\/2"}],"replies":[{"embeddable":true,"href":"https:\/\/www.ilheusnoticias.net.br\/v1\/wp-json\/wp\/v2\/comments?post=31272"}],"version-history":[{"count":1,"href":"https:\/\/www.ilheusnoticias.net.br\/v1\/wp-json\/wp\/v2\/posts\/31272\/revisions"}],"predecessor-version":[{"id":31273,"href":"https:\/\/www.ilheusnoticias.net.br\/v1\/wp-json\/wp\/v2\/posts\/31272\/revisions\/31273"}],"wp:attachment":[{"href":"https:\/\/www.ilheusnoticias.net.br\/v1\/wp-json\/wp\/v2\/media?parent=31272"}],"wp:term":[{"taxonomy":"category","embeddable":true,"href":"https:\/\/www.ilheusnoticias.net.br\/v1\/wp-json\/wp\/v2\/categories?post=31272"},{"taxonomy":"post_tag","embeddable":true,"href":"https:\/\/www.ilheusnoticias.net.br\/v1\/wp-json\/wp\/v2\/tags?post=31272"}],"curies":[{"name":"wp","href":"https:\/\/api.w.org\/{rel}","templated":true}]}}