{"id":31270,"date":"2023-03-13T06:42:22","date_gmt":"2023-03-13T09:42:22","guid":{"rendered":"https:\/\/www.ilheusnoticias.net.br\/v1\/?p=31270"},"modified":"2023-03-13T06:42:22","modified_gmt":"2023-03-13T09:42:22","slug":"imposto-de-renda-2023-prazo-comeca-esta-semana-veja-quem-precisa-declarar-e-principais-mudancas","status":"publish","type":"post","link":"https:\/\/www.ilheusnoticias.net.br\/v1\/2023\/03\/13\/imposto-de-renda-2023-prazo-comeca-esta-semana-veja-quem-precisa-declarar-e-principais-mudancas\/","title":{"rendered":"Imposto de Renda 2023: prazo come\u00e7a esta semana; veja quem precisa declarar e principais mudan\u00e7as"},"content":{"rendered":"<div class=\"row content-head non-featured \">\n<div class=\"title\" data-block-type=\"title\" data-block-id=\"0\"><\/div>\n<div class=\"medium-centered subtitle\"><\/div>\n<\/div>\n<div class=\"content__signa-share\">\n<div class=\"content__signature\">\n<div class=\"content-publication-data\">\n<div class=\"content-publication-data__text\">\n<p class=\"content-publication-data__updated\"><img class=\"content-video__placeholder__thumb\" title=\"Imposto de Renda 2023: qual o prazo esse ano e o que \u00e9 a declara\u00e7\u00e3o pr\u00e9-preenchida\" src=\"https:\/\/s02.video.glbimg.com\/x240\/11368757.jpg\" alt=\"Imposto de Renda 2023: qual o prazo esse ano e o que \u00e9 a declara\u00e7\u00e3o pr\u00e9-preenchida\" \/><\/p>\n<\/div>\n<\/div>\n<\/div>\n<\/div>\n<div class=\"mc-article-body\">\n<article>\n<div id=\"chunk-fr0cq\">\n<div class=\"bs-video-block mc-column  content-media content-video\" data-block-type=\"backstage-video\" data-block-id=\"1\">\n<div class=\"content-media__container\">\n<p class=\"content-media__description\">Imposto de Renda 2023: qual o prazo esse ano e o que \u00e9 a declara\u00e7\u00e3o pr\u00e9-preenchida<\/p>\n<\/div>\n<\/div>\n<\/div>\n<div id=\"chunk-1df6p\">\n<div class=\"mc-column content-text active-extra-styles \" data-block-type=\"unstyled\" data-block-weight=\"49\" data-block-id=\"3\">\n<p class=\"content-text__container \" data-track-category=\"Link no Texto\" data-track-links=\"\">O per\u00edodo para envio das declara\u00e7\u00f5es do Imposto de Renda 2023 \u00e0\u00a0<a class=\"\" href=\"https:\/\/g1.globo.com\/tudo-sobre\/receita-federal\/\">Receita Federal<\/a>\u00a0come\u00e7a nesta semana, na quarta-feira (15). O\u00a0<a class=\"\" href=\"https:\/\/g1.globo.com\/economia\/imposto-de-renda\/noticia\/2023\/03\/09\/imposto-de-renda-2023-receita-federal-libera-programa-de-declaracao-nesta-quinta-feira.ghtml\">download para o programa<\/a>\u00a0gerador do IR foi liberado pelo Fisco na semana passada (<a class=\"\" href=\"https:\/\/g1.globo.com\/economia\/imposto-de-renda\/noticia\/2023\/03\/09\/imposto-de-renda-2023-como-baixar-o-programa.ghtml\">veja aqui como baixar<\/a>). O prazo para entrega vai at\u00e9\u00a0<a class=\"\" href=\"https:\/\/g1.globo.com\/economia\/imposto-de-renda\/noticia\/2023\/02\/14\/imposto-de-renda-2023-prazo-de-entrega-vai-de-15-de-marco-a-31-de-maio-informa-receita.ghtml\">31 de maio.<\/a><\/p>\n<\/div>\n<\/div>\n<div class=\"wall protected-content\">\n<div id=\"chunk-buc34\">\n<div class=\"mc-column content-text active-extra-styles \" data-block-type=\"unstyled\" data-block-weight=\"40\" data-block-id=\"4\">\n<p class=\"content-text__container \" data-track-category=\"Link no Texto\" data-track-links=\"\">De acordo com o Fisco, a estimativa \u00e9 que\u00a0<a class=\"\" href=\"https:\/\/g1.globo.com\/economia\/imposto-de-renda\/noticia\/2023\/02\/27\/imposto-de-renda-2023-receita-federal-espera-receber-ate-395-milhoes-de-declaracoes.ghtml\">at\u00e9 39,5 milh\u00f5es de declara\u00e7\u00f5es\u00a0<\/a>sejam entregues neste ano &#8211; valor que representaria um\u00a0<span class=\"highlight highlighted\">aumento de 8,8% em compara\u00e7\u00e3o ao ano passado<\/span>, quando foram recebidos aproximadamente\u00a0<a class=\"\" href=\"https:\/\/g1.globo.com\/economia\/imposto-de-renda\/noticia\/2022\/06\/01\/imposto-de-renda-2022-receita-recebeu-mais-de-36-milhoes-de-declaracoes.ghtml\">36,3 milh\u00f5es de documentos<\/a>.<\/p>\n<\/div>\n<\/div>\n<div id=\"chunk-718kr\">\n<div class=\"mc-column content-text active-extra-styles \" data-block-type=\"unstyled\" data-block-weight=\"10\" data-block-id=\"5\">\n<p class=\"content-text__container \" data-track-category=\"Link no Texto\" data-track-links=\"\"><strong>Veja abaixo quem \u00e9 obrigado a declarar IR em 2023:<\/strong><\/p>\n<\/div>\n<\/div>\n<div class=\"mc-column content-text active-extra-styles\" data-block-type=\"raw\" data-block-weight=\"193\" data-block-id=\"6\">\n<ul class=\"content-unordered-list\">\n<li>quem recebeu rendimentos tribut\u00e1veis acima de R$ 28.559,70 em 2022. O valor \u00e9 o mesmo da declara\u00e7\u00e3o do IR do ano passado;<\/li>\n<li>contribuintes que receberam rendimentos isentos, n\u00e3o-tribut\u00e1veis ou tributados exclusivamente na fonte, cuja soma tenha sido superior a R$ 40 mil no ano passado;<\/li>\n<li>quem obteve, em qualquer m\u00eas de 2022, ganho de capital na aliena\u00e7\u00e3o de bens ou direitos, sujeito \u00e0 incid\u00eancia do imposto, ou realizou opera\u00e7\u00f5es em bolsas de valores, de mercadorias, de futuros e assemelhadas cuja soma foi superior a R$ 40.000,00 (quarenta mil reais), ou com apura\u00e7\u00e3o de ganhos l\u00edquidos sujeitos \u00e0 incid\u00eancia do imposto;<\/li>\n<li>quem teve isen\u00e7\u00e3o de imposto sobre o ganho de capital na venda de im\u00f3veis residenciais, seguido de aquisi\u00e7\u00e3o de outro im\u00f3vel residencial no prazo de 180 dias;<\/li>\n<li>quem teve, em 2022, receita bruta em valor superior a R$ 142.798,50 em atividade rural;<\/li>\n<li>quem tinha, at\u00e9 31 de dezembro de 2022, a posse ou a propriedade de bens ou direitos, inclusive terra nua, de valor total superior a R$ 300 mil;<\/li>\n<li>quem passou para a condi\u00e7\u00e3o de residente no Brasil em qualquer m\u00eas e se encontrava nessa condi\u00e7\u00e3o at\u00e9 31 de dezembro de 2022.<\/li>\n<\/ul>\n<\/div>\n<div id=\"chunk-63kci\">\n<div class=\"mc-column content-text active-extra-styles \" data-block-type=\"unstyled\" data-block-weight=\"73\" data-block-id=\"8\">\n<p class=\"content-text__container \" data-track-category=\"Link no Texto\" data-track-links=\"\">O Fisco tamb\u00e9m permite que o contribuinte informe seus dados banc\u00e1rios e selecione a op\u00e7\u00e3o de d\u00e9bito autom\u00e1tico para o pagamento do imposto devido por meio de cotas. Se a declara\u00e7\u00e3o for enviada antes do \u00faltimo m\u00eas, todas as cotas poder\u00e3o ser pagas por d\u00e9bito autom\u00e1tico. J\u00e1 para as declara\u00e7\u00f5es enviadas no final do \u00faltimo m\u00eas, a primeira cota dever\u00e1 ser paga obrigatoriamente por meio do Documento de Arrecada\u00e7\u00e3o de Tributos Federais (Darf).<\/p>\n<\/div>\n<\/div>\n<div id=\"chunk-e1kar\">\n<div class=\"mc-column content-text active-extra-styles \" data-block-type=\"unstyled\" data-block-weight=\"8\" data-block-id=\"9\">\n<p class=\"content-text__container \" data-track-category=\"Link no Texto\" data-track-links=\"\"><strong>Veja abaixo o cronograma de vencimento das cotas:<\/strong><\/p>\n<\/div>\n<\/div>\n<div class=\"mc-column content-text active-extra-styles\" data-block-type=\"raw\" data-block-weight=\"57\" data-block-id=\"10\">\n<ul class=\"content-unordered-list\">\n<li><strong>At\u00e9 10\/5<\/strong>\u00a0\u2013 Op\u00e7\u00e3o pelo d\u00e9bito autom\u00e1tico da 1\u00aa cota ou cota \u00fanica;<\/li>\n<li><strong>At\u00e9 31\/5<\/strong>\u00a0\u2013 Vencimento da 1\u00aa cota ou cota \u00fanica;<\/li>\n<li><strong>At\u00e9 31\/5<\/strong>\u00a0\u2013 Darf da destina\u00e7\u00e3o aos fundos tutelares da crian\u00e7a, dos adolescentes e da pessoa idosa;<\/li>\n<li><strong>\u00daltimo dia \u00fatil de cada m\u00eas, at\u00e9 a 8\u00aa cota em 28\/12\u00a0<\/strong>\u2013 Vencimentos das demais cotas.<\/li>\n<\/ul>\n<\/div>\n<div class=\"mc-column content-text active-extra-styles\" data-block-type=\"raw\" data-block-weight=\"1\" data-block-id=\"11\">\n<div class=\"content-intertitle\">\n<h2>Restitui\u00e7\u00e3o<\/h2>\n<\/div>\n<\/div>\n<div id=\"chunk-71kkk\">\n<div class=\"mc-column content-text active-extra-styles \" data-block-type=\"unstyled\" data-block-weight=\"24\" data-block-id=\"12\">\n<p class=\"content-text__container \" data-track-category=\"Link no Texto\" data-track-links=\"\">Neste ano, as restitui\u00e7\u00f5es do Imposto de Renda ser\u00e3o pagas em\u00a0<a class=\"\" href=\"https:\/\/g1.globo.com\/economia\/imposto-de-renda\/noticia\/2023\/02\/27\/imposto-de-renda-2023-receita-paga-restituicoes-em-cinco-lotes-1o-sera-liberado-em-31-de-maio.ghtml\">cinco lotes a partir de 31 de maio<\/a>.\u00a0<strong>Veja as datas dos pagamentos:<\/strong><\/p>\n<\/div>\n<\/div>\n<div class=\"mc-column content-text active-extra-styles\" data-block-type=\"raw\" data-block-weight=\"25\" data-block-id=\"13\">\n<ul class=\"content-unordered-list\">\n<li><strong>1\u00ba lote<\/strong>: 31 de maio<\/li>\n<li><strong>2\u00ba lote<\/strong>: 30 de junho<\/li>\n<li><strong>3\u00ba lote<\/strong>: 31 de julho<\/li>\n<li><strong>4\u00ba lote<\/strong>: 31 de agosto<\/li>\n<li><strong>5\u00ba lote<\/strong>: 29 de setembro<\/li>\n<\/ul>\n<\/div>\n<div id=\"chunk-f7kum\">\n<div class=\"mc-column content-text active-extra-styles \" data-block-type=\"unstyled\" data-block-weight=\"40\" data-block-id=\"14\">\n<p class=\"content-text__container \" data-track-category=\"Link no Texto\" data-track-links=\"\">Geralmente,\u00a0<span class=\"highlight highlighted\">os primeiros lotes s\u00e3o compostos por contribuintes com prefer\u00eancia no recebimento dos valores<\/span>, como idosos a partir de 60 anos, contribuintes com alguma defici\u00eancia f\u00edsica, mental ou mol\u00e9stia grave e contribuintes cuja maior conte de renda seja o magist\u00e9rio.<\/p>\n<\/div>\n<\/div>\n<div id=\"chunk-59bqg\">\n<div class=\"mc-column content-text active-extra-styles \" data-block-type=\"unstyled\" data-block-weight=\"54\" data-block-id=\"16\">\n<p class=\"content-text__container \" data-track-category=\"Link no Texto\" data-track-links=\"\">Dependendo do fluxo de caixa do\u00a0<a class=\"\" href=\"https:\/\/g1.globo.com\/tudo-sobre\/tesouro-nacional\/\">Tesouro Nacional<\/a>, o primeiro lote de restitui\u00e7\u00f5es pode contemplar ainda outros contribuintes, al\u00e9m dos contribuintes com prefer\u00eancia no recebimento. Da\u00ed em diante, pelas regras da Receita,<span class=\"highlight highlighted\">\u00a0recebe primeiro as restitui\u00e7\u00f5es do IR quem manda mais cedo a declara\u00e7\u00e3o, logo no in\u00edcio do prazo &#8211; sem erros ou omiss\u00f5es.<\/span><\/p>\n<\/div>\n<\/div>\n<div id=\"chunk-9jtib\">\n<div class=\"mc-column content-text active-extra-styles \" data-block-type=\"unstyled\" data-block-weight=\"22\" data-block-id=\"17\">\n<p class=\"content-text__container \" data-track-category=\"Link no Texto\" data-track-links=\"\">Em 2023, entretanto, quem apresentar a\u00a0<a class=\"\" href=\"https:\/\/g1.globo.com\/economia\/imposto-de-renda\/noticia\/2023\/02\/27\/imposto-de-renda-2023-declaracoes-pre-preenchidas-e-restituicoes-via-pix-furarao-fila-e-terao-prioridade-no-recebimento.ghtml\">declara\u00e7\u00e3o pr\u00e9-preenchida, ou receber as restitui\u00e7\u00f5es via PIX, ter\u00e1 prioridade no recebimento das restitui\u00e7\u00f5es.<\/a><\/p>\n<\/div>\n<\/div>\n<div id=\"chunk-d2d77\">\n<div class=\"bs-video-block mc-column  content-media content-video\" data-block-type=\"backstage-video\" data-block-id=\"18\">\n<div class=\"content-media__container\">\n<div class=\"content-video__bigger-player-description-fixer\">\n<article class=\"content-video\">\n<section class=\"content-video__video-container\">\n<div class=\"content-video__video\">\n<div class=\"content-video__placeholder\" data-video-id=\"11433172\" data-video-has-viewport-play=\"True\"><img class=\"content-video__placeholder__thumb\" title=\"Imposto de Renda 2023: Veja como baixar programa de declara\u00e7\u00e3o\" src=\"https:\/\/s01.video.glbimg.com\/x240\/11433172.jpg\" alt=\"Imposto de Renda 2023: Veja como baixar programa de declara\u00e7\u00e3o\" \/><\/div>\n<\/div>\n<\/section>\n<\/article>\n<\/div>\n<\/div>\n<\/div>\n<\/div>\n<div class=\"mc-column content-text active-extra-styles\" data-block-type=\"raw\" data-block-weight=\"2\" data-block-id=\"19\">\n<div class=\"content-intertitle\">\n<h2>Principais mudan\u00e7as<\/h2>\n<\/div>\n<p>Entre as principais mudan\u00e7as anunciadas pela Receita est\u00e1 a possibilidade de o contribuinte <span class=\"highlight highlighted\">utilizar a declara\u00e7\u00e3o pr\u00e9-preenchida j\u00e1 na abertura do prazo de entrega<\/span>. Segundo o \u00f3rg\u00e3o, a medida visa &#8220;minimizar erros e oferecer maior comodidade&#8221;, uma vez que o sistema traz, de maneira autom\u00e1tica, diversas informa\u00e7\u00f5es.<\/p>\n<\/div>\n<div id=\"chunk-7kvka\">\n<div class=\"mc-column content-text active-extra-styles \" data-block-type=\"unstyled\" data-block-weight=\"43\" data-block-id=\"22\">\n<p class=\"content-text__container \" data-track-category=\"Link no Texto\" data-track-links=\"\">Esses dados s\u00e3o preenchidos a partir do que \u00e9 informado na Declara\u00e7\u00e3o de Imposto de Renda Retido na Fonte (Dirf), entregue ao \u00f3rg\u00e3o por pessoas jur\u00eddicas pagadoras, empresas do ramo de im\u00f3veis e prestadores de servi\u00e7os de sa\u00fade at\u00e9 o final de fevereiro.<\/p>\n<\/div>\n<\/div>\n<div id=\"chunk-54lic\">\n<div class=\"mc-column content-text active-extra-styles \" data-block-type=\"unstyled\" data-block-weight=\"49\" data-block-id=\"23\">\n<p class=\"content-text__container \" data-track-category=\"Link no Texto\" data-track-links=\"\">Ainda assim, vale lembrar, que\u00a0<strong>o contribuinte ainda \u00e9 respons\u00e1vel por confirmar, alterar, incluir ou excluir dados, se necess\u00e1rio<\/strong>. A declara\u00e7\u00e3o pr\u00e9-preenchida est\u00e1 dispon\u00edvel tanto pelo Programa Gerador de Declara\u00e7\u00e3o (PGD), via computador, quanto pela solu\u00e7\u00e3o Meu Imposto de Renda (online) ou em aplicativo para iOS ou Android.<\/p>\n<\/div>\n<\/div>\n<div id=\"chunk-epro6\">\n<div class=\"mc-column content-text active-extra-styles \" data-block-type=\"unstyled\" data-block-weight=\"16\" data-block-id=\"24\">\n<p class=\"content-text__container \" data-track-category=\"Link no Texto\" data-track-links=\"\"><span class=\"highlight highlighted\">Segundo o Fisco, a estimativa \u00e9 que o uso da declara\u00e7\u00e3o pr\u00e9-preenchida alcance 25% dos contribuintes.<\/span><\/p>\n<\/div>\n<\/div>\n<div id=\"chunk-3jqie\">\n<div class=\"mc-column content-text active-extra-styles \" data-block-type=\"unstyled\" data-block-weight=\"25\" data-block-id=\"25\">\n<p class=\"content-text__container \" data-track-category=\"Link no Texto\" data-track-links=\"\">Outra altera\u00e7\u00e3o feita pela Receita foi a\u00a0<strong>atualiza\u00e7\u00e3o dos rendimentos de Pens\u00e3o Aliment\u00edcia<\/strong>, que foram para a Ficha de Rendimentos Isentos e N\u00e3o Tribut\u00e1veis.<\/p>\n<\/div>\n<\/div>\n<div id=\"chunk-camcm\">\n<div class=\"mc-column content-text active-extra-styles \" data-block-type=\"unstyled\" data-block-weight=\"51\" data-block-id=\"26\">\n<p class=\"content-text__container \" data-track-category=\"Link no Texto\" data-track-links=\"\">Al\u00e9m disso, a ficha de Bens e Direitos solicitar\u00e1 o c\u00f3digo de negocia\u00e7\u00e3o para os bens negociados em bolsa e o contribuinte tamb\u00e9m receber\u00e1 uma nova mensagem no recibo de entrega, informando a possibilidade de op\u00e7\u00e3o pelo d\u00e9bito autom\u00e1tico no Meu Imposto de Renda, mesmo ap\u00f3s o fim do prazo.<\/p>\n<\/div>\n<\/div>\n<div id=\"chunk-apg6n\">\n<div class=\"mc-column content-text active-extra-styles \" data-block-type=\"unstyled\" data-block-weight=\"63\" data-block-id=\"27\">\n<p class=\"content-text__container \" data-track-category=\"Link no Texto\" data-track-links=\"\">J\u00e1 para os investidores, a altera\u00e7\u00e3o mais marcante foi a\u00a0<strong>mudan\u00e7a nas regras de obrigatoriedade para aqueles que fizeram, em 2022, opera\u00e7\u00f5es em bolsas de valores, de mercadorias, de futuros e assemelhadas<\/strong>. Nesse caso, a diferen\u00e7a \u00e9 que, agora,\u00a0<span class=\"highlight highlighted\">fica obrigado a declarar apenas quem realizou somat\u00f3rio de vendas, inclusive isentas, superior a R$ 40 mil e\/ou que produziram rendimentos sujeitos \u00e0 tributa\u00e7\u00e3o.<\/span><\/p>\n<\/div>\n<\/div>\n<div id=\"chunk-fmfr5\">\n<div class=\"mc-column content-text active-extra-styles \" data-block-type=\"unstyled\" data-block-weight=\"41\" data-block-id=\"29\">\n<p class=\"content-text__container \" data-track-category=\"Link no Texto\" data-track-links=\"\">At\u00e9 2022, todas as pessoas que fizessem opera\u00e7\u00f5es do tipo, independente do valor e se houve lucro ou preju\u00edzo, eram obrigadas a declarar \u2013 mesmo aquelas que n\u00e3o precisassem entregar a declara\u00e7\u00e3o por nenhuma das outras regras de obrigatoriedade.<\/p>\n<\/div>\n<\/div>\n<div id=\"chunk-3uoes\">\n<div class=\"mc-column content-text active-extra-styles \" data-block-type=\"unstyled\" data-block-weight=\"52\" data-block-id=\"30\">\n<p class=\"content-text__container \" data-track-category=\"Link no Texto\" data-track-links=\"\">Na pr\u00e1tica, isso significa que caso o investidor tenha comprado a\u00e7\u00f5es, por exemplo, mas n\u00e3o tenha vendido nada, ele n\u00e3o \u00e9 mais obrigado a declarar \u2013 apenas se se encaixar nas demais regras. A mesma l\u00f3gica serve para aqueles investidores que fizeram vendas no mercado acion\u00e1rio inferiores a R$ 40 mil.<\/p>\n<\/div>\n<\/div>\n<\/div>\n<\/article>\n<\/div>\n","protected":false},"excerpt":{"rendered":"<p>Imposto de Renda 2023: qual o prazo esse ano e o que \u00e9 a declara\u00e7\u00e3o pr\u00e9-preenchida O per\u00edodo para envio das declara\u00e7\u00f5es do Imposto de Renda 2023 \u00e0\u00a0Receita Federal\u00a0come\u00e7a nesta semana, na quarta-feira (15). O\u00a0download para o programa\u00a0gerador do IR foi liberado pelo Fisco na semana passada (veja aqui como baixar). O prazo para entrega [&hellip;]<\/p>\n","protected":false},"author":2,"featured_media":0,"comment_status":"open","ping_status":"open","sticky":false,"template":"","format":"standard","meta":{"_links_to":"","_links_to_target":""},"categories":[7,9,8,1],"tags":[],"_links":{"self":[{"href":"https:\/\/www.ilheusnoticias.net.br\/v1\/wp-json\/wp\/v2\/posts\/31270"}],"collection":[{"href":"https:\/\/www.ilheusnoticias.net.br\/v1\/wp-json\/wp\/v2\/posts"}],"about":[{"href":"https:\/\/www.ilheusnoticias.net.br\/v1\/wp-json\/wp\/v2\/types\/post"}],"author":[{"embeddable":true,"href":"https:\/\/www.ilheusnoticias.net.br\/v1\/wp-json\/wp\/v2\/users\/2"}],"replies":[{"embeddable":true,"href":"https:\/\/www.ilheusnoticias.net.br\/v1\/wp-json\/wp\/v2\/comments?post=31270"}],"version-history":[{"count":1,"href":"https:\/\/www.ilheusnoticias.net.br\/v1\/wp-json\/wp\/v2\/posts\/31270\/revisions"}],"predecessor-version":[{"id":31271,"href":"https:\/\/www.ilheusnoticias.net.br\/v1\/wp-json\/wp\/v2\/posts\/31270\/revisions\/31271"}],"wp:attachment":[{"href":"https:\/\/www.ilheusnoticias.net.br\/v1\/wp-json\/wp\/v2\/media?parent=31270"}],"wp:term":[{"taxonomy":"category","embeddable":true,"href":"https:\/\/www.ilheusnoticias.net.br\/v1\/wp-json\/wp\/v2\/categories?post=31270"},{"taxonomy":"post_tag","embeddable":true,"href":"https:\/\/www.ilheusnoticias.net.br\/v1\/wp-json\/wp\/v2\/tags?post=31270"}],"curies":[{"name":"wp","href":"https:\/\/api.w.org\/{rel}","templated":true}]}}