{"id":31267,"date":"2023-03-12T07:26:34","date_gmt":"2023-03-12T10:26:34","guid":{"rendered":"https:\/\/www.ilheusnoticias.net.br\/v1\/?p=31267"},"modified":"2023-03-12T07:26:34","modified_gmt":"2023-03-12T10:26:34","slug":"papa-francisco-diz-que-celibato-dos-padres-e-uma-medida-temporaria-e-que-pode-ser-revista","status":"publish","type":"post","link":"https:\/\/www.ilheusnoticias.net.br\/v1\/2023\/03\/12\/papa-francisco-diz-que-celibato-dos-padres-e-uma-medida-temporaria-e-que-pode-ser-revista\/","title":{"rendered":"Papa Francisco diz que celibato dos padres \u00e9 uma medida tempor\u00e1ria e que pode ser revista"},"content":{"rendered":"<div class=\"row content-head non-featured \">\n<div class=\"title\" data-block-type=\"title\" data-block-id=\"0\"><\/div>\n<div class=\"medium-centered subtitle\"><\/div>\n<\/div>\n<div class=\"content__signa-share\">\n<div class=\"content__signature\">\n<div class=\"content-publication-data\">\n<div class=\"content-publication-data__text\">\n<p class=\"content-publication-data__updated\"><img loading=\"lazy\" class=\"content-video__placeholder__thumb\" title=\"Papa Francisco fala em rever o celibato dos padres\" src=\"https:\/\/s03.video.glbimg.com\/x720\/11440830.jpg\" alt=\"Papa Francisco fala em rever o celibato dos padres\" width=\"413\" height=\"232\" \/><\/p>\n<\/div>\n<\/div>\n<\/div>\n<\/div>\n<div class=\"mc-article-body\">\n<article>\n<div id=\"chunk-5kn8q\">\n<div class=\"mc-column content-text active-extra-styles \" data-block-type=\"unstyled\" data-block-weight=\"18\" data-block-id=\"3\">\n<p class=\"content-text__container \" data-track-category=\"Link no Texto\" data-track-links=\"\">O\u00a0<a class=\"\" href=\"https:\/\/g1.globo.com\/tudo-sobre\/papa-francisco\/\">Papa Francisco<\/a>\u00a0disse que o\u00a0<span class=\"highlight highlighted\">celibato dos padres \u00e9 uma medida tempor\u00e1ria e que pode ser revista<\/span>.<\/p>\n<\/div>\n<\/div>\n<div class=\"wall protected-content\">\n<div id=\"chunk-apq1o\">\n<div class=\"mc-column content-text active-extra-styles \" data-block-type=\"unstyled\" data-block-weight=\"42\" data-block-id=\"4\">\n<p class=\"content-text__container \" data-track-category=\"Link no Texto\" data-track-links=\"\">Em uma entrevista a um site de not\u00edcias da\u00a0<a class=\"\" href=\"https:\/\/g1.globo.com\/tudo-sobre\/argentina\/\">Argentina<\/a>, Francisco lembrou que,\u00a0<span class=\"highlight highlighted\">mesmo dentro da Igreja Cat\u00f3lica, os sacerdotes das igrejas que seguem o rito oriental podem se casar<\/span>\u00a0e que o celibato na igreja ocidental \u00e9 apenas uma receita tempor\u00e1ria.<\/p>\n<\/div>\n<\/div>\n<div id=\"chunk-2n6ta\">\n<div class=\"mc-column content-text active-extra-styles \" data-block-type=\"unstyled\" data-block-weight=\"27\" data-block-id=\"5\">\n<p class=\"content-text__container \" data-track-category=\"Link no Texto\" data-track-links=\"\">A ordena\u00e7\u00e3o, essa sim, \u00e9 para sempre, mesmo que o padre mais tarde deixe a igreja. Por isso,\u00a0<span class=\"highlight highlighted\">segundo Francisco, n\u00e3o h\u00e1 contradi\u00e7\u00e3o no casamento de sacerdotes.<\/span><\/p>\n<\/div>\n<\/div>\n<\/div>\n<\/article>\n<\/div>\n","protected":false},"excerpt":{"rendered":"<p>O\u00a0Papa Francisco\u00a0disse que o\u00a0celibato dos padres \u00e9 uma medida tempor\u00e1ria e que pode ser revista. Em uma entrevista a um site de not\u00edcias da\u00a0Argentina, Francisco lembrou que,\u00a0mesmo dentro da Igreja Cat\u00f3lica, os sacerdotes das igrejas que seguem o rito oriental podem se casar\u00a0e que o celibato na igreja ocidental \u00e9 apenas uma receita tempor\u00e1ria. A [&hellip;]<\/p>\n","protected":false},"author":2,"featured_media":0,"comment_status":"open","ping_status":"open","sticky":false,"template":"","format":"standard","meta":{"_links_to":"","_links_to_target":""},"categories":[7,9,8,1],"tags":[],"_links":{"self":[{"href":"https:\/\/www.ilheusnoticias.net.br\/v1\/wp-json\/wp\/v2\/posts\/31267"}],"collection":[{"href":"https:\/\/www.ilheusnoticias.net.br\/v1\/wp-json\/wp\/v2\/posts"}],"about":[{"href":"https:\/\/www.ilheusnoticias.net.br\/v1\/wp-json\/wp\/v2\/types\/post"}],"author":[{"embeddable":true,"href":"https:\/\/www.ilheusnoticias.net.br\/v1\/wp-json\/wp\/v2\/users\/2"}],"replies":[{"embeddable":true,"href":"https:\/\/www.ilheusnoticias.net.br\/v1\/wp-json\/wp\/v2\/comments?post=31267"}],"version-history":[{"count":1,"href":"https:\/\/www.ilheusnoticias.net.br\/v1\/wp-json\/wp\/v2\/posts\/31267\/revisions"}],"predecessor-version":[{"id":31268,"href":"https:\/\/www.ilheusnoticias.net.br\/v1\/wp-json\/wp\/v2\/posts\/31267\/revisions\/31268"}],"wp:attachment":[{"href":"https:\/\/www.ilheusnoticias.net.br\/v1\/wp-json\/wp\/v2\/media?parent=31267"}],"wp:term":[{"taxonomy":"category","embeddable":true,"href":"https:\/\/www.ilheusnoticias.net.br\/v1\/wp-json\/wp\/v2\/categories?post=31267"},{"taxonomy":"post_tag","embeddable":true,"href":"https:\/\/www.ilheusnoticias.net.br\/v1\/wp-json\/wp\/v2\/tags?post=31267"}],"curies":[{"name":"wp","href":"https:\/\/api.w.org\/{rel}","templated":true}]}}