{"id":31261,"date":"2023-03-12T07:17:40","date_gmt":"2023-03-12T10:17:40","guid":{"rendered":"https:\/\/www.ilheusnoticias.net.br\/v1\/?p=31261"},"modified":"2023-03-12T07:17:40","modified_gmt":"2023-03-12T10:17:40","slug":"mulheres-e-pandemia-covid-acentuou-desigualdade-no-trabalho-domestico","status":"publish","type":"post","link":"https:\/\/www.ilheusnoticias.net.br\/v1\/2023\/03\/12\/mulheres-e-pandemia-covid-acentuou-desigualdade-no-trabalho-domestico\/","title":{"rendered":"Mulheres e pandemia: covid acentuou desigualdade no trabalho dom\u00e9stico"},"content":{"rendered":"<header class=\"header-static navbar-sticky navbar-light\">\n<nav class=\"navbar\">\n<div class=\"container nav-item dropdown megamenu\">\n<div class=\"pos-absolute-center\"><\/div>\n<\/div>\n<\/nav>\n<\/header>\n<div class=\"region region-content\">\n<article class=\"container\">\n<div class=\"row\">\n<div class=\"col-lg-12 mb-3\">\n<div class=\"post-image\"><a href=\"https:\/\/agenciabrasil.ebc.com.br\/geral\/noticia\/2023-03\/mulheres-e-pandemia-covid-acentuou-desigualdade-no-trabalho-domestico#\"><img loading=\"lazy\" id=\"media-44803\" class=\"rounded-lg shadow-sm w-100\" title=\"Arquivo\/Ag\u00eancia Brasil\" src=\"https:\/\/imagens.ebc.com.br\/h3PDf9MNaH1pGVCKtj-9_VLaE9w=\/1170x700\/smart\/https:\/\/agenciabrasil.ebc.com.br\/sites\/default\/files\/atoms\/image\/trabalho_domestico.jpg?itok=QIGf5d7W\" alt=\"Trabalho dom\u00e9stico\" width=\"508\" height=\"304\" \/>\u00a9 Arquivo\/Ag\u00eancia Brasil<\/a><\/div>\n<\/div>\n<div class=\"col-xl-7 offset-xl-1 col-lg-8 offset-lg-0 col-md-10 offset-md-1 mb-3\">\n<div class=\"post-item alt-font\">\n<div class=\"post-item-wrap\">\n<div class=\"dnd-widget-wrapper context-cheio_8colunas type-image\">\n<div class=\"dnd-atom-rendered\">\n<div class=\"shadow overflow-hidden rounded-lg d-block zoom-on-hover-sm shadow-hover w-100\"><img class=\"flex-fill img-cover\" title=\"Ag\u00eancia Brasil\" src=\"https:\/\/imagens.ebc.com.br\/ocnVpdH94qmlvE4-dDjLoaIKgRM=\/754x0\/smart\/https:\/\/agenciabrasil.ebc.com.br\/sites\/default\/files\/thumbnails\/image\/covid_3_anos.png?itok=35FXEI9Y\" alt=\"banner_pandemia\" \/><\/div>\n<\/div>\n<\/div>\n<p><img src=\"https:\/\/agenciabrasil.ebc.com.br\/ebc.png?id=1515440&amp;o=node\" \/><img src=\"https:\/\/agenciabrasil.ebc.com.br\/ebc.gif?id=1515440&amp;o=node\" \/>Uma das primeiras mortes por covid-19 no Brasil foi confirmada pela Secretaria de Sa\u00fade do Rio de Janeiro em 12 de mar\u00e7o de 2020. A v\u00edtima, uma mulher de 63 anos, trabalhava como empregada dom\u00e9stica e pegou o v\u00edrus depois que a patroa retornou de uma viagem \u00e0 Europa e testou positivo para a doen\u00e7a.<\/p>\n<p>No mesmo dia, a Secretaria de Sa\u00fade de S\u00e3o Paulo tamb\u00e9m confirmou uma morte pela doen\u00e7a. A v\u00edtima, outra mulher, de 57 anos, que trabalhava como diarista e deixou um filho com defici\u00eancia. Os primeiros \u00f3bitos causados pelo v\u00edrus no pa\u00eds s\u00e3o emblem\u00e1ticos e refletem a vulnerabilidade das mulheres frente \u00e0 doen\u00e7a \u2013 sobretudo as mais pobres e negras.<\/p>\n<p>Pesquisa da Sempreviva Organiza\u00e7\u00e3o Feminista, realizada nos primeiros meses da pandemia, mostra como a crise na sa\u00fade e o isolamento social acentuaram as desigualdades nas tarefas dom\u00e9sticas. Segundo a entidade, a sobrecarga de trabalho e de cuidado foram quest\u00f5es que as mulheres sentiram logo que as medidas de isolamento social come\u00e7aram.<\/p>\n<p>Tr\u00eas de cada quatro mulheres ouvidas no levantamento e respons\u00e1veis pelo cuidado de crian\u00e7as, idosos ou pessoas com defici\u00eancia, afirmaram que a necessidade de monitorar e fazer companhia aumentou. Para a organiza\u00e7\u00e3o, essa \u00e9 uma dimens\u00e3o do cuidado que muitas vezes \u00e9 invisibilizada. \u201cEm casa, os tempos do cuidado e do trabalho remunerado se sobrep\u00f5em no cotidiano das mulheres: mesmo enquanto realizam outras atividades cotidianas, elas seguem atentas\u201d, indica o relat\u00f3rio da Sempreviva.<\/p>\n<p>\u201cAs din\u00e2micas de vida e trabalho das mulheres se contrap\u00f5em ao discurso de que a economia n\u00e3o pode parar, mobilizado para se opor \u00e0s recomenda\u00e7\u00f5es de isolamento social. Os trabalhos necess\u00e1rios para a sustentabilidade da vida n\u00e3o pararam \u2013 n\u00e3o podem parar. Pelo contr\u00e1rio, foram intensificados na pandemia\u201d, destacou a entidade. Os n\u00fameros apontam que metade das mulheres brasileiras passou a cuidar de algu\u00e9m durante a pandemia.<\/p>\n<p>Ainda de acordo com o levantamento, 40% das mulheres ouvidas afirmaram que a pandemia e a situa\u00e7\u00e3o de isolamento social colocaram o sustento da casa em risco. A maior parte das que t\u00eam essa percep\u00e7\u00e3o s\u00e3o mulheres negras (55%) que, no momento em que responderam \u00e0 pesquisa, tinham como dificuldades principais o pagamento de contas b\u00e1sicas ou do aluguel. O acesso a alimentos tamb\u00e9m foi uma preocupa\u00e7\u00e3o.<\/p>\n<h2>Viol\u00eancia<\/h2>\n<p>Sobre a percep\u00e7\u00e3o de viol\u00eancia, 91% das mulheres acreditam que a viol\u00eancia dom\u00e9stica aumentou em meio ao isolamento social. Quando perguntadas sobre experi\u00eancias pessoais, no entanto, menos de 10% afirmaram ter sofrido alguma forma de viol\u00eancia nesse per\u00edodo.<\/p>\n<p>O percentual aumenta entre mulheres nas faixas de renda mais baixa. Entre mulheres com renda familiar de at\u00e9 um sal\u00e1rio m\u00ednimo, 12% afirmam ter sofrido viol\u00eancia; e entre mulheres que vivem em \u00e1reas rurais e est\u00e3o na mesma faixa de renda, 11,7% relataram viol\u00eancia.<\/p>\n<p>\u201cO cuidado est\u00e1 no centro da sustentabilidade da vida. N\u00e3o h\u00e1 a possibilidade de discutir o mundo p\u00f3s-pandemia sem levar em considera\u00e7\u00e3o o quanto isso se tornou evidente nesse momento de crise global, que nos fala sobre uma \u2018crise do cuidado\u2019. N\u00e3o se trata de um problema a ser resolvido, nem de uma demanda a ser absorvida pelo mercado. Trata-se de uma dimens\u00e3o da vida que n\u00e3o pode ser regida pelas din\u00e2micas sociais pautadas no ac\u00famulo de renda e de privil\u00e9gios.\u201d<\/p>\n<h2>Homenagem<\/h2>\n<p>Nas redes sociais, a filha da diarista que morreu por covid-19 h\u00e1 tr\u00eas anos conta que passou a cuidar do irm\u00e3o com defici\u00eancia, al\u00e9m de tr\u00eas crian\u00e7as que j\u00e1 estavam sob sua responsabilidade. Em homenagem \u00e0 m\u00e3e, postou:<\/p>\n<p>\u201cAh, se eu soubesse que era a \u00faltima vez que eu iria te ver. Ah, se eu soubesse que aquele \u2018at\u00e9 logo\u2019 n\u00e3o iria acontecer. Eu tinha te abra\u00e7ado t\u00e3o apertado. N\u00e3o deixaria voc\u00ea partir. Ficaria do meu lado. Ficaria aqui. Ah, se eu pudesse acordar hoje e fosse s\u00f3 um pesadelo. Ah, se eu pudesse mudar o destino. Faria um apelo: pra Deus n\u00e3o deixar voc\u00ea partir\u201d.<\/p>\n<\/div>\n<\/div>\n<\/div>\n<\/div>\n<\/article>\n<\/div>\n","protected":false},"excerpt":{"rendered":"<p>\u00a9 Arquivo\/Ag\u00eancia Brasil Uma das primeiras mortes por covid-19 no Brasil foi confirmada pela Secretaria de Sa\u00fade do Rio de Janeiro em 12 de mar\u00e7o de 2020. A v\u00edtima, uma mulher de 63 anos, trabalhava como empregada dom\u00e9stica e pegou o v\u00edrus depois que a patroa retornou de uma viagem \u00e0 Europa e testou positivo [&hellip;]<\/p>\n","protected":false},"author":2,"featured_media":0,"comment_status":"open","ping_status":"open","sticky":false,"template":"","format":"standard","meta":{"_links_to":"","_links_to_target":""},"categories":[7,9,8,1],"tags":[],"_links":{"self":[{"href":"https:\/\/www.ilheusnoticias.net.br\/v1\/wp-json\/wp\/v2\/posts\/31261"}],"collection":[{"href":"https:\/\/www.ilheusnoticias.net.br\/v1\/wp-json\/wp\/v2\/posts"}],"about":[{"href":"https:\/\/www.ilheusnoticias.net.br\/v1\/wp-json\/wp\/v2\/types\/post"}],"author":[{"embeddable":true,"href":"https:\/\/www.ilheusnoticias.net.br\/v1\/wp-json\/wp\/v2\/users\/2"}],"replies":[{"embeddable":true,"href":"https:\/\/www.ilheusnoticias.net.br\/v1\/wp-json\/wp\/v2\/comments?post=31261"}],"version-history":[{"count":1,"href":"https:\/\/www.ilheusnoticias.net.br\/v1\/wp-json\/wp\/v2\/posts\/31261\/revisions"}],"predecessor-version":[{"id":31262,"href":"https:\/\/www.ilheusnoticias.net.br\/v1\/wp-json\/wp\/v2\/posts\/31261\/revisions\/31262"}],"wp:attachment":[{"href":"https:\/\/www.ilheusnoticias.net.br\/v1\/wp-json\/wp\/v2\/media?parent=31261"}],"wp:term":[{"taxonomy":"category","embeddable":true,"href":"https:\/\/www.ilheusnoticias.net.br\/v1\/wp-json\/wp\/v2\/categories?post=31261"},{"taxonomy":"post_tag","embeddable":true,"href":"https:\/\/www.ilheusnoticias.net.br\/v1\/wp-json\/wp\/v2\/tags?post=31261"}],"curies":[{"name":"wp","href":"https:\/\/api.w.org\/{rel}","templated":true}]}}