{"id":31259,"date":"2023-03-12T07:12:06","date_gmt":"2023-03-12T10:12:06","guid":{"rendered":"https:\/\/www.ilheusnoticias.net.br\/v1\/?p=31259"},"modified":"2023-03-12T07:12:06","modified_gmt":"2023-03-12T10:12:06","slug":"prefeito-mario-alexandre-comemora-seu-aniversario-com-entrega-da-revitalizacao-da-praca-pedro-matos","status":"publish","type":"post","link":"https:\/\/www.ilheusnoticias.net.br\/v1\/2023\/03\/12\/prefeito-mario-alexandre-comemora-seu-aniversario-com-entrega-da-revitalizacao-da-praca-pedro-matos\/","title":{"rendered":"Prefeito M\u00e1rio Alexandre comemora seu anivers\u00e1rio com entrega da revitaliza\u00e7\u00e3o da Pra\u00e7a Pedro Matos"},"content":{"rendered":"<div class=\"imagem thumbnail col-xs-12 col-sm-8 col-md-6 col-lg-6 imagem-materia\"><a class=\"fresco\" title=\"\" href=\"https:\/\/portalfacilarquivos.blob.core.windows.net\/uploads\/ILHEUS\/imgOrig\/%7BBDC6EADD-EECA-BBBB-E4EE-807D6E5D0DD7%7D.jpg\" data-fresco-caption=\"\"><img loading=\"lazy\" title=\"\" src=\"https:\/\/portalfacilarquivos.blob.core.windows.net\/uploads\/ILHEUS\/img\/%7BBDC6EADD-EECA-BBBB-E4EE-807D6E5D0DD7%7D\/%7BBDC6EADD-EECA-BBBB-E4EE-807D6E5D0DD7%7D_650X450.jpg\" alt=\"Pra\u00e7a Pedro Matos; entrega; pra\u00e7a; revitaliza\u00e7\u00e3o\" width=\"650\" height=\"450\" \/><\/a><\/p>\n<p class=\"bg-primary\">\u201cO anivers\u00e1rio \u00e9 meu, mas o presente \u00e9 nosso\u201d, declarou o prefeito M\u00e1rio Alexandre durante ato de entrega da Pra\u00e7a Pedro Matos na manh\u00e3 deste s\u00e1bado (11), no Centro Hist\u00f3rico de Ilh\u00e9us. Acompanhado da deputada estadual e primeira-dama, Soane Galv\u00e3o, de vereadores, membros da Unimed, empres\u00e1rios, secret\u00e1rios, classe art\u00edstica e comunidade geral, o gestor comemorou seu anivers\u00e1rio da forma que mais gosta, entregando obras que t\u00eam mudado a cara da cidade.<\/p>\n<\/div>\n<p>\u201cA palavra \u00e9 gratid\u00e3o. Agrade\u00e7o ao Bom Deus por permitir que eu celebre mais um ano de vida cuidando do meu povo. Essa entrega \u00e9 fruto do nosso compromisso e da parceria firmada com a iniciativa privada para garantir qualidade de vida a cada cidad\u00e3o. Agrade\u00e7o tamb\u00e9m \u00e0 C\u00e2mara de Vereadores e ao Governo do Estado por compreenderem a import\u00e2ncia de projetos como esse para o crescimento social e econ\u00f4mico de Ilh\u00e9us. O maior presente \u00e9 ver a cidade se desenvolvendo e a nossa gente feliz\u201d, enfatizou o aniversariante do dia.<\/p>\n<p>&nbsp;<\/p>\n<div class=\"imagem thumbnail col-xs-12 col-sm-8 col-md-6 col-lg-6 imagem-materia\"><a class=\"fresco\" title=\"\" href=\"https:\/\/portalfacilarquivos.blob.core.windows.net\/uploads\/ILHEUS\/imgOrig\/%7B78C0DE55-5E63-813A-CB4E-8AAA0CDBBB6E%7D.jpg\" data-fresco-caption=\"\"><img loading=\"lazy\" title=\"\" src=\"https:\/\/portalfacilarquivos.blob.core.windows.net\/uploads\/ILHEUS\/img\/%7B78C0DE55-5E63-813A-CB4E-8AAA0CDBBB6E%7D\/%7B78C0DE55-5E63-813A-CB4E-8AAA0CDBBB6E%7D_650X450.jpg\" alt=\"Pra\u00e7a Pedro Matos; entrega; pra\u00e7a; revitaliza\u00e7\u00e3o\" width=\"650\" height=\"450\" \/><\/a><\/p>\n<p class=\"bg-primary\">\n<\/div>\n<p>&nbsp;<\/p>\n<p>A revitaliza\u00e7\u00e3o completa da Pra\u00e7a Pedro Matos \u00e9 resultado de um acordo de coopera\u00e7\u00e3o entre o Munic\u00edpio e a Unimed de Ilh\u00e9us, por meio do programa \u2018Adote uma Pra\u00e7a\u2019. Conforme a Prefeitura, a requalifica\u00e7\u00e3o do espa\u00e7o compreende paisagismo, piso elevado de concreto e intertravado, ilumina\u00e7\u00e3o de LED e rampa de acessibilidade para integra\u00e7\u00e3o \u00e0s ruas laterais e todo entorno.<\/p>\n<p>\u201cFirmamos essa parceria com o prefeito M\u00e1rio para fomentar a cultura e assegurar bem-estar \u00e0 popula\u00e7\u00e3o. A nossa ideia \u00e9 continuar zelando pelo espa\u00e7o para que todos possam utilizar esse equipamento com qualidade. Agrade\u00e7o o apoio e a parceria da Prefeitura, que tem feito um trabalho de excel\u00eancia\u201d, ressaltou o diretor da Unimed Ilh\u00e9us, Paulo S\u00e9rgio.<\/p>\n<p>O programa Adote uma Pra\u00e7a fortalece a parceria com a iniciativa privada, cujo foco \u00e9 a revitaliza\u00e7\u00e3o de espa\u00e7os p\u00fablicos.\u00a0A Cooperativa ser\u00e1 respons\u00e1vel pela manuten\u00e7\u00e3o do local pelos pr\u00f3ximos 10 anos.<\/p>\n<p>Deputada estadual mais votada do sul da Bahia, Soane Galv\u00e3o ratificou o compromisso com o munic\u00edpio de Ilh\u00e9us, um dos pilares de\u00a0desenvolvimento da regi\u00e3o.\u00a0\u201cO nosso trabalho visa acima de tudo colaborar com as a\u00e7\u00f5es que impulsionam o crescimento da cidade, pensando sempre no bem-estar social. \u00c9 muito gratificante ver pessoas dispostas a nos ajudar. Isso mostra que estamos no caminho certo\u201d.<\/p>\n<p>&nbsp;<\/p>\n<div class=\"imagem thumbnail col-xs-12 col-sm-8 col-md-6 col-lg-6 imagem-materia\"><a class=\"fresco\" title=\"\" href=\"https:\/\/portalfacilarquivos.blob.core.windows.net\/uploads\/ILHEUS\/imgOrig\/%7BD71DBD8C-A5AD-25E4-BCBD-A0D65BBAADDB%7D.jpg\" data-fresco-caption=\"\"><img loading=\"lazy\" title=\"\" src=\"https:\/\/portalfacilarquivos.blob.core.windows.net\/uploads\/ILHEUS\/img\/%7BD71DBD8C-A5AD-25E4-BCBD-A0D65BBAADDB%7D\/%7BD71DBD8C-A5AD-25E4-BCBD-A0D65BBAADDB%7D_650X450.jpg\" alt=\"Pra\u00e7a Pedro Matos; entrega; pra\u00e7a; revitaliza\u00e7\u00e3o\" width=\"650\" height=\"450\" \/><\/a><\/p>\n<p class=\"bg-primary\">Na oportunidade, a comitiva vistoriou o Teatro Municipal, que passou por manuten\u00e7\u00e3o corretiva e preventiva. Os servi\u00e7os englobam melhorias na cobertura, forros, ilumina\u00e7\u00e3o, rede el\u00e9trica, lou\u00e7as e metais, vidros, sistema hidr\u00e1ulico, estrutura de suporte do palco, portas e fachada.<\/p>\n<\/div>\n<p>\u201cEssa pra\u00e7a \u00e9 importante para a mem\u00f3ria cultural de Ilh\u00e9us, porque relembra a figura de Pedro Matos, um entusiasta da cultura da nossa cidade. Parab\u00e9ns a todos os envolvidos nessa bel\u00edssima iniciativa\u201d, comentou Franklin Costa, m\u00fasico e poeta cordelista.<\/p>\n","protected":false},"excerpt":{"rendered":"<p>\u201cO anivers\u00e1rio \u00e9 meu, mas o presente \u00e9 nosso\u201d, declarou o prefeito M\u00e1rio Alexandre durante ato de entrega da Pra\u00e7a Pedro Matos na manh\u00e3 deste s\u00e1bado (11), no Centro Hist\u00f3rico de Ilh\u00e9us. Acompanhado da deputada estadual e primeira-dama, Soane Galv\u00e3o, de vereadores, membros da Unimed, empres\u00e1rios, secret\u00e1rios, classe art\u00edstica e comunidade geral, o gestor comemorou [&hellip;]<\/p>\n","protected":false},"author":2,"featured_media":0,"comment_status":"open","ping_status":"open","sticky":false,"template":"","format":"standard","meta":{"_links_to":"","_links_to_target":""},"categories":[7,9,8,1],"tags":[],"_links":{"self":[{"href":"https:\/\/www.ilheusnoticias.net.br\/v1\/wp-json\/wp\/v2\/posts\/31259"}],"collection":[{"href":"https:\/\/www.ilheusnoticias.net.br\/v1\/wp-json\/wp\/v2\/posts"}],"about":[{"href":"https:\/\/www.ilheusnoticias.net.br\/v1\/wp-json\/wp\/v2\/types\/post"}],"author":[{"embeddable":true,"href":"https:\/\/www.ilheusnoticias.net.br\/v1\/wp-json\/wp\/v2\/users\/2"}],"replies":[{"embeddable":true,"href":"https:\/\/www.ilheusnoticias.net.br\/v1\/wp-json\/wp\/v2\/comments?post=31259"}],"version-history":[{"count":1,"href":"https:\/\/www.ilheusnoticias.net.br\/v1\/wp-json\/wp\/v2\/posts\/31259\/revisions"}],"predecessor-version":[{"id":31260,"href":"https:\/\/www.ilheusnoticias.net.br\/v1\/wp-json\/wp\/v2\/posts\/31259\/revisions\/31260"}],"wp:attachment":[{"href":"https:\/\/www.ilheusnoticias.net.br\/v1\/wp-json\/wp\/v2\/media?parent=31259"}],"wp:term":[{"taxonomy":"category","embeddable":true,"href":"https:\/\/www.ilheusnoticias.net.br\/v1\/wp-json\/wp\/v2\/categories?post=31259"},{"taxonomy":"post_tag","embeddable":true,"href":"https:\/\/www.ilheusnoticias.net.br\/v1\/wp-json\/wp\/v2\/tags?post=31259"}],"curies":[{"name":"wp","href":"https:\/\/api.w.org\/{rel}","templated":true}]}}