{"id":31257,"date":"2023-03-11T10:55:28","date_gmt":"2023-03-11T13:55:28","guid":{"rendered":"https:\/\/www.ilheusnoticias.net.br\/v1\/?p=31257"},"modified":"2023-03-11T10:55:28","modified_gmt":"2023-03-11T13:55:28","slug":"feira-cultural-rua-viva-promove-edicao-em-homenagem-ao-mes-da-mulher","status":"publish","type":"post","link":"https:\/\/www.ilheusnoticias.net.br\/v1\/2023\/03\/11\/feira-cultural-rua-viva-promove-edicao-em-homenagem-ao-mes-da-mulher\/","title":{"rendered":"Feira Cultural Rua Viva promove edi\u00e7\u00e3o em homenagem ao M\u00eas da Mulher"},"content":{"rendered":"<div class=\"imagem thumbnail col-xs-12 col-sm-8 col-md-6 col-lg-6 imagem-materia\"><a class=\"fresco\" title=\"\" href=\"https:\/\/portalfacilarquivos.blob.core.windows.net\/uploads\/ILHEUS\/imgOrig\/%7BE224EA5D-8B16-1BE0-ECC5-B1BE42CEEC40%7D.jpg\" data-fresco-caption=\"\"><img loading=\"lazy\" title=\"\" src=\"https:\/\/portalfacilarquivos.blob.core.windows.net\/uploads\/ILHEUS\/img\/%7BE224EA5D-8B16-1BE0-ECC5-B1BE42CEEC40%7D\/%7BE224EA5D-8B16-1BE0-ECC5-B1BE42CEEC40%7D_650X450.jpg\" alt=\"feira cultural; rua viva\" width=\"650\" height=\"450\" \/><\/a><\/p>\n<p class=\"bg-primary\">A Feira Cultural Rua Viva vai trazer uma s\u00e9rie de atra\u00e7\u00f5es em comemora\u00e7\u00e3o ao m\u00eas Mulher. A edi\u00e7\u00e3o especial acontece neste s\u00e1bado (11), das 16h \u00e0s 22h, na Pra\u00e7a Rui Barbosa, na Avenida Soares Lopes. A iniciativa conta com o apoio da Prefeitura de Ilh\u00e9us e promete proporcionar muito lazer e entretenimento para toda popula\u00e7\u00e3o.<\/p>\n<\/div>\n<p>O evento gratuito re\u00fane exibi\u00e7\u00e3o e comercializa\u00e7\u00e3o de artesanato e comidas produzidas por produtores locais. A programa\u00e7\u00e3o inclui orienta\u00e7\u00e3o nutricional com Luana Bertany, distribui\u00e7\u00e3o de plantas, feira de ado\u00e7\u00e3o de pets e a participa\u00e7\u00e3o musical da cantora e compositora L\u00edgia Callaz.<\/p>\n<p>A iniciativa leva muita divers\u00e3o para as crian\u00e7as, como a participa\u00e7\u00e3o de Tio Pedrinho e sua arte de entreter atrav\u00e9s da m\u00fasica, oficinas infantis, brincadeiras, quebra pote, Park Mania e a Escola de M\u00fasica da ACEAI.<\/p>\n<div class=\"imagem thumbnail col-xs-12 col-sm-8 col-md-6 col-lg-6 imagem-materia\"><a class=\"fresco\" title=\"\" href=\"https:\/\/portalfacilarquivos.blob.core.windows.net\/uploads\/ILHEUS\/imgOrig\/%7BCEB278CC-727A-ECC8-A1BD-DEA5CC2CBBB3%7D.jpg\" data-fresco-caption=\"\"><img loading=\"lazy\" src=\"https:\/\/portalfacilarquivos.blob.core.windows.net\/uploads\/ILHEUS\/img\/%7BCEB278CC-727A-ECC8-A1BD-DEA5CC2CBBB3%7D\/%7BCEB278CC-727A-ECC8-A1BD-DEA5CC2CBBB3%7D_450X650.jpg\" alt=\"feira cultural; rua viva\" width=\"450\" height=\"650\" \/><\/a><\/div>\n<p>A Feira vai contar com a presen\u00e7a de expositores da economia criativa, gastronomia, chocolates de origem, moda, acess\u00f3rios e cervejas artesanais. O evento \u00e9 aberto ao p\u00fablico de todas as idades.<\/p>\n<p><strong>O qu\u00ea?<\/strong>\u00a0Feira Cultural Rua Viva<\/p>\n<p><strong>Onde?<\/strong>\u00a0Pra\u00e7a Rui Barbosa &#8211; Avenida Soares Lopes<\/p>\n<p><strong>Quando?<\/strong>\u00a0s\u00e1bado, 11 de mar\u00e7o, das 16h \u00e0s 22h<\/p>\n","protected":false},"excerpt":{"rendered":"<p>A Feira Cultural Rua Viva vai trazer uma s\u00e9rie de atra\u00e7\u00f5es em comemora\u00e7\u00e3o ao m\u00eas Mulher. A edi\u00e7\u00e3o especial acontece neste s\u00e1bado (11), das 16h \u00e0s 22h, na Pra\u00e7a Rui Barbosa, na Avenida Soares Lopes. A iniciativa conta com o apoio da Prefeitura de Ilh\u00e9us e promete proporcionar muito lazer e entretenimento para toda popula\u00e7\u00e3o. [&hellip;]<\/p>\n","protected":false},"author":2,"featured_media":0,"comment_status":"open","ping_status":"open","sticky":false,"template":"","format":"standard","meta":{"_links_to":"","_links_to_target":""},"categories":[7,9,8,1],"tags":[],"_links":{"self":[{"href":"https:\/\/www.ilheusnoticias.net.br\/v1\/wp-json\/wp\/v2\/posts\/31257"}],"collection":[{"href":"https:\/\/www.ilheusnoticias.net.br\/v1\/wp-json\/wp\/v2\/posts"}],"about":[{"href":"https:\/\/www.ilheusnoticias.net.br\/v1\/wp-json\/wp\/v2\/types\/post"}],"author":[{"embeddable":true,"href":"https:\/\/www.ilheusnoticias.net.br\/v1\/wp-json\/wp\/v2\/users\/2"}],"replies":[{"embeddable":true,"href":"https:\/\/www.ilheusnoticias.net.br\/v1\/wp-json\/wp\/v2\/comments?post=31257"}],"version-history":[{"count":1,"href":"https:\/\/www.ilheusnoticias.net.br\/v1\/wp-json\/wp\/v2\/posts\/31257\/revisions"}],"predecessor-version":[{"id":31258,"href":"https:\/\/www.ilheusnoticias.net.br\/v1\/wp-json\/wp\/v2\/posts\/31257\/revisions\/31258"}],"wp:attachment":[{"href":"https:\/\/www.ilheusnoticias.net.br\/v1\/wp-json\/wp\/v2\/media?parent=31257"}],"wp:term":[{"taxonomy":"category","embeddable":true,"href":"https:\/\/www.ilheusnoticias.net.br\/v1\/wp-json\/wp\/v2\/categories?post=31257"},{"taxonomy":"post_tag","embeddable":true,"href":"https:\/\/www.ilheusnoticias.net.br\/v1\/wp-json\/wp\/v2\/tags?post=31257"}],"curies":[{"name":"wp","href":"https:\/\/api.w.org\/{rel}","templated":true}]}}