{"id":31255,"date":"2023-03-11T10:52:50","date_gmt":"2023-03-11T13:52:50","guid":{"rendered":"https:\/\/www.ilheusnoticias.net.br\/v1\/?p=31255"},"modified":"2023-03-11T10:52:50","modified_gmt":"2023-03-11T13:52:50","slug":"secretaria-de-cultura-da-ba-abre-processo-seletivo-para-47-vagas-em-salvador-e-no-interior-do-estado","status":"publish","type":"post","link":"https:\/\/www.ilheusnoticias.net.br\/v1\/2023\/03\/11\/secretaria-de-cultura-da-ba-abre-processo-seletivo-para-47-vagas-em-salvador-e-no-interior-do-estado\/","title":{"rendered":"Secretaria de Cultura da BA abre processo seletivo para 47 vagas em Salvador e no interior do estado"},"content":{"rendered":"<div class=\"row content-head non-featured \">\n<div class=\"title\" data-block-type=\"title\" data-block-id=\"0\"><\/div>\n<\/div>\n<div class=\"mc-article-body\">\n<article>\n<div id=\"chunk-44vnv\">\n<div class=\"row medium-uncollapsed content-media content-photo\" data-block-type=\"backstage-photo\" data-block-id=\"1\">\n<div class=\"mc-column content-media__container\">\n<div class=\"content-media-container glb-skeleton-box\">\n<figure class=\"content-media-figure\"><img class=\"i-amphtml-fill-content i-amphtml-replaced-content\" src=\"https:\/\/s2.glbimg.com\/7X86sbb7KuF-NWnzfqy9O1WdGWM=\/0x0:1024x683\/984x0\/smart\/filters:strip_icc()\/i.s3.glbimg.com\/v1\/AUTH_59edd422c0c84a879bd37670ae4f538a\/internal_photos\/bs\/2023\/M\/2\/aWwyslTouMfTV2RM4wMg\/whatsapp-image-2022-12-22-at-17.15.26-0-1024x683.webp\" sizes=\"(max-width: 1707px) 648px, 100vw\" srcset=\"https:\/\/s2.glbimg.com\/UblW5LU6wDeCV775MNXc4249wIk=\/0x0:1024x683\/1000x0\/smart\/filters:strip_icc()\/i.s3.glbimg.com\/v1\/AUTH_59edd422c0c84a879bd37670ae4f538a\/internal_photos\/bs\/2023\/M\/2\/aWwyslTouMfTV2RM4wMg\/whatsapp-image-2022-12-22-at-17.15.26-0-1024x683.webp 1000w, https:\/\/s2.glbimg.com\/7X86sbb7KuF-NWnzfqy9O1WdGWM=\/0x0:1024x683\/984x0\/smart\/filters:strip_icc()\/i.s3.glbimg.com\/v1\/AUTH_59edd422c0c84a879bd37670ae4f538a\/internal_photos\/bs\/2023\/M\/2\/aWwyslTouMfTV2RM4wMg\/whatsapp-image-2022-12-22-at-17.15.26-0-1024x683.webp 984w, https:\/\/s2.glbimg.com\/KPmIxGs2y_6G0uZSd8y4WB-1Hos=\/0x0:1024x683\/640x0\/smart\/filters:strip_icc()\/i.s3.glbimg.com\/v1\/AUTH_59edd422c0c84a879bd37670ae4f538a\/internal_photos\/bs\/2023\/M\/2\/aWwyslTouMfTV2RM4wMg\/whatsapp-image-2022-12-22-at-17.15.26-0-1024x683.webp 640w, https:\/\/s2.glbimg.com\/BuAFLYzGSfOPuSVOhws48RdoK28=\/0x0:1024x683\/600x0\/smart\/filters:strip_icc()\/i.s3.glbimg.com\/v1\/AUTH_59edd422c0c84a879bd37670ae4f538a\/internal_photos\/bs\/2023\/M\/2\/aWwyslTouMfTV2RM4wMg\/whatsapp-image-2022-12-22-at-17.15.26-0-1024x683.webp 600w\" alt=\"Secretaria de Cultura da Bahia \u2014 Foto:  El\u00f3i Corr\u00eaa\/GOVBA\" \/><\/figure>\n<\/div>\n<p class=\"content-media__description \">Secretaria de Cultura da Bahia \u2014 Foto: El\u00f3i Corr\u00eaa\/GOVBA<\/p>\n<\/div>\n<\/div>\n<\/div>\n<div id=\"chunk-7bh1e\">\n<div class=\"mc-column content-text active-extra-styles \" data-block-type=\"unstyled\" data-block-weight=\"37\" data-block-id=\"3\">\n<p class=\"content-text__container \" data-track-category=\"Link no Texto\" data-track-links=\"\">A Secretaria de Cultura do Estado da Bahia divulgou, nesta sexta-feira (10), no Di\u00e1rio Oficial do Estado, o edital de Processo Seletivo para contrata\u00e7\u00e3o de pessoal, por tempo determinado, em Regime Especial de Direito Administrativo (REDA).<\/p>\n<\/div>\n<\/div>\n<div class=\"wall protected-content\">\n<div id=\"chunk-c5b77\">\n<div class=\"mc-column content-text active-extra-styles \" data-block-type=\"unstyled\" data-block-weight=\"33\" data-block-id=\"4\">\n<p class=\"content-text__container \" data-track-category=\"Link no Texto\" data-track-links=\"\">As inscri\u00e7\u00f5es estar\u00e3o abertas a partir do dia 17 de marlo at\u00e9 \u00e0s 23h59 (hor\u00e1rio de Bras\u00edlia) do dia 24 de mar\u00e7o, exclusivamente no\u00a0<a class=\"\" href=\"http:\/\/selecao.ba.gov.br\/\" target=\"_blank\" rel=\"noopener\">site<\/a>, que fornecer\u00e1 links referentes a este processo simplificado.<\/p>\n<\/div>\n<\/div>\n<div id=\"chunk-3g3ah\">\n<div class=\"mc-column content-text active-extra-styles \" data-block-type=\"unstyled\" data-block-weight=\"64\" data-block-id=\"5\">\n<p class=\"content-text__container \" data-track-category=\"Link no Texto\" data-track-links=\"\">De acordo com o governo do Estado, a onvocat\u00f3ria \u00e9 voltada para o preenchimento de 47 vagas de t\u00e9cnico n\u00edvel m\u00e9dio nas \u00e1reas de Auxiliar Cultural, Assistente de ilumina\u00e7\u00e3o e Assistente de sonoriza\u00e7\u00e3o nos espa\u00e7os culturais vinculados \u00e0 SecultBA localizados nas cidades:\u00a0<a class=\"\" href=\"https:\/\/g1.globo.com\/ba\/bahia\/cidade\/salvador\/\"><span class=\"highlight highlighted\">Salvador<\/span><\/a><span class=\"highlight highlighted\">, Itabuna, Guanambi, Porto Seguro, Jequi\u00e9, Vit\u00f3ria da Conquista, Juazeiro, Valen\u00e7a, Lauro de Freitas, Santo Amaro, Feira de Santana, Alagoinhas e Mutu\u00edpe.<\/span><\/p>\n<\/div>\n<\/div>\n<div id=\"chunk-75r4g\">\n<div class=\"content-ads content-ads--reveal\" data-block-type=\"ads\" data-block-id=\"6\">\n<div id=\"banner_materia2\" class=\"tag-manager-publicidade-container mc-has-reveal mc-has-ad-lazyload tag-manager-publicidade-banner_materia2 tag-manager-publicidade-container--carregado tag-manager-publicidade-container--visivel\" data-id=\"banner_materia2\" data-google-query-id=\"CPT_leSC1P0CFXQ3uQYduBIEIg\">\n<div id=\"google_ads_iframe_\/95377733\/tvg_G1\/Sua_Regiao&gt;Nordeste&gt;Bahia_3__container__\" style=\"box-sizing: inherit; margin: auto; padding: 0px; border: 0pt none; font: inherit; vertical-align: initial; max-width: 100%; text-align: center; width: 970px; height: 250px;\"><iframe loading=\"lazy\" id=\"google_ads_iframe_\/95377733\/tvg_G1\/Sua_Regiao&gt;Nordeste&gt;Bahia_3\" style=\"box-sizing: inherit; margin: 0px; padding: 0px; border: 0px; font: inherit; vertical-align: bottom; width: 970px; height: 250px;\" tabindex=\"0\" title=\"3rd party ad content\" role=\"region\" src=\"https:\/\/116feeff3559cc7a5e0f0efb3c547315.safeframe.googlesyndication.com\/safeframe\/1-0-40\/html\/container.html\" name=\"\" width=\"1\" height=\"1\" frameborder=\"0\" marginwidth=\"0\" marginheight=\"0\" scrolling=\"no\" sandbox=\"allow-forms allow-popups allow-popups-to-escape-sandbox allow-same-origin allow-scripts allow-top-navigation-by-user-activation\" data-is-safeframe=\"true\" aria-label=\"Advertisement\" data-google-container-id=\"5\" data-load-complete=\"true\" data-mce-fragment=\"1\"><\/iframe><\/div>\n<\/div>\n<\/div>\n<\/div>\n<div id=\"chunk-9565q\">\n<div class=\"mc-column content-text active-extra-styles \" data-block-type=\"unstyled\" data-block-weight=\"34\" data-block-id=\"7\">\n<p class=\"content-text__container \" data-track-category=\"Link no Texto\" data-track-links=\"\">O processo seletivo ter\u00e1 uma \u00fanica etapa de avalia\u00e7\u00e3o curricular de car\u00e1ter eliminat\u00f3rio e classificat\u00f3rio. Sendo assim, os candidatos devem comprovar suas forma\u00e7\u00f5es e experi\u00eancias relativas \u00e0 fun\u00e7\u00e3o para conseguirem pontua\u00e7\u00e3o dentro do processo.<\/p>\n<\/div>\n<\/div>\n<div class=\"mc-column content-text active-extra-styles\" data-block-type=\"raw\" data-block-weight=\"42\" data-block-id=\"8\">\n<p class=\"content-text__container\">\n<ul class=\"content-unordered-list\">\n<li>Para a fun\u00e7\u00e3o tempor\u00e1ria de T\u00e9cnico de N\u00edvel M\u00e9dio \u2013 Auxiliar Cultural: 15 vagas.<\/li>\n<li>Para a fun\u00e7\u00e3o tempor\u00e1ria T\u00e9cnico de N\u00edvel M\u00e9dio \u2013 Assistente de Ilumina\u00e7\u00e3o: 15 vagas.<\/li>\n<li>Para a fun\u00e7\u00e3o tempor\u00e1ria T\u00e9cnico de N\u00edvel M\u00e9dio \u2013 Assistente de Sonoriza\u00e7\u00e3o: 17 vagas.<\/li>\n<\/ul>\n<p>&nbsp;<\/p>\n<\/div>\n<div id=\"chunk-f74on\">\n<div class=\"mc-column content-text active-extra-styles \" data-block-type=\"unstyled\" data-block-weight=\"25\" data-block-id=\"9\">\n<p class=\"content-text__container \" data-track-category=\"Link no Texto\" data-track-links=\"\">Para concorrer \u00e0s vagas, o candidato deve ter certificado, devidamente registrado, de conclus\u00e3o de curso de n\u00edvel m\u00e9dio em institui\u00e7\u00e3o reconhecida pelo Minist\u00e9rio da Educa\u00e7\u00e3o.<\/p>\n<\/div>\n<\/div>\n<div id=\"chunk-itth\">\n<div class=\"mc-column content-text active-extra-styles \" data-block-type=\"unstyled\" data-block-weight=\"24\" data-block-id=\"10\">\n<p class=\"content-text__container \" data-track-category=\"Link no Texto\" data-track-links=\"\">Para mais informa\u00e7\u00f5es, acesse o edital completo, dispon\u00edvel aqui e em caso de d\u00favidas entrar em contato pelo:<span class=\"highlight highlighted\">\u00a0selecaodec2023@cultura.ba.gov.br ou pelo telefone (71) 3103-3415.<\/span><\/p>\n<\/div>\n<\/div>\n<\/div>\n<\/article>\n<\/div>\n","protected":false},"excerpt":{"rendered":"<p>Secretaria de Cultura da Bahia \u2014 Foto: El\u00f3i Corr\u00eaa\/GOVBA A Secretaria de Cultura do Estado da Bahia divulgou, nesta sexta-feira (10), no Di\u00e1rio Oficial do Estado, o edital de Processo Seletivo para contrata\u00e7\u00e3o de pessoal, por tempo determinado, em Regime Especial de Direito Administrativo (REDA). As inscri\u00e7\u00f5es estar\u00e3o abertas a partir do dia 17 de [&hellip;]<\/p>\n","protected":false},"author":2,"featured_media":0,"comment_status":"open","ping_status":"open","sticky":false,"template":"","format":"standard","meta":{"_links_to":"","_links_to_target":""},"categories":[7,9,8,1],"tags":[],"_links":{"self":[{"href":"https:\/\/www.ilheusnoticias.net.br\/v1\/wp-json\/wp\/v2\/posts\/31255"}],"collection":[{"href":"https:\/\/www.ilheusnoticias.net.br\/v1\/wp-json\/wp\/v2\/posts"}],"about":[{"href":"https:\/\/www.ilheusnoticias.net.br\/v1\/wp-json\/wp\/v2\/types\/post"}],"author":[{"embeddable":true,"href":"https:\/\/www.ilheusnoticias.net.br\/v1\/wp-json\/wp\/v2\/users\/2"}],"replies":[{"embeddable":true,"href":"https:\/\/www.ilheusnoticias.net.br\/v1\/wp-json\/wp\/v2\/comments?post=31255"}],"version-history":[{"count":1,"href":"https:\/\/www.ilheusnoticias.net.br\/v1\/wp-json\/wp\/v2\/posts\/31255\/revisions"}],"predecessor-version":[{"id":31256,"href":"https:\/\/www.ilheusnoticias.net.br\/v1\/wp-json\/wp\/v2\/posts\/31255\/revisions\/31256"}],"wp:attachment":[{"href":"https:\/\/www.ilheusnoticias.net.br\/v1\/wp-json\/wp\/v2\/media?parent=31255"}],"wp:term":[{"taxonomy":"category","embeddable":true,"href":"https:\/\/www.ilheusnoticias.net.br\/v1\/wp-json\/wp\/v2\/categories?post=31255"},{"taxonomy":"post_tag","embeddable":true,"href":"https:\/\/www.ilheusnoticias.net.br\/v1\/wp-json\/wp\/v2\/tags?post=31255"}],"curies":[{"name":"wp","href":"https:\/\/api.w.org\/{rel}","templated":true}]}}