{"id":31253,"date":"2023-03-11T10:50:38","date_gmt":"2023-03-11T13:50:38","guid":{"rendered":"https:\/\/www.ilheusnoticias.net.br\/v1\/?p=31253"},"modified":"2023-03-11T10:50:38","modified_gmt":"2023-03-11T13:50:38","slug":"procon-ba-promove-mutirao-de-negociacao-de-dividas-durante-a-semana-do-consumidor","status":"publish","type":"post","link":"https:\/\/www.ilheusnoticias.net.br\/v1\/2023\/03\/11\/procon-ba-promove-mutirao-de-negociacao-de-dividas-durante-a-semana-do-consumidor\/","title":{"rendered":"Procon-BA promove mutir\u00e3o de negocia\u00e7\u00e3o de d\u00edvidas durante a Semana do Consumidor"},"content":{"rendered":"<div class=\"row content-head non-featured \">\n<div class=\"title\" data-block-type=\"title\" data-block-id=\"0\"><\/div>\n<\/div>\n<div class=\"mc-article-body\">\n<article>\n<div id=\"chunk-atjv9\">\n<div class=\"row medium-uncollapsed content-media content-photo\" data-block-type=\"backstage-photo\" data-block-id=\"1\">\n<div class=\"mc-column content-media__container\">\n<div class=\"content-media-container glb-skeleton-box\">\n<figure class=\"content-media-figure\"><img class=\"i-amphtml-fill-content i-amphtml-replaced-content\" src=\"https:\/\/s2.glbimg.com\/pt0BLmR-KLGPtpiB2q5wdtYXxpU=\/0x0:799x533\/984x0\/smart\/filters:strip_icc()\/i.s3.glbimg.com\/v1\/AUTH_59edd422c0c84a879bd37670ae4f538a\/internal_photos\/bs\/2023\/0\/B\/WBkpcbTpGsH2f0Qw74iQ\/camila-souza-govba.jpg\" sizes=\"(max-width: 1707px) 648px, 100vw\" srcset=\"https:\/\/s2.glbimg.com\/XYInmmQT4jxoGGZ1FZ31xFKNNHc=\/0x0:799x533\/1000x0\/smart\/filters:strip_icc()\/i.s3.glbimg.com\/v1\/AUTH_59edd422c0c84a879bd37670ae4f538a\/internal_photos\/bs\/2023\/0\/B\/WBkpcbTpGsH2f0Qw74iQ\/camila-souza-govba.jpg 1000w, https:\/\/s2.glbimg.com\/pt0BLmR-KLGPtpiB2q5wdtYXxpU=\/0x0:799x533\/984x0\/smart\/filters:strip_icc()\/i.s3.glbimg.com\/v1\/AUTH_59edd422c0c84a879bd37670ae4f538a\/internal_photos\/bs\/2023\/0\/B\/WBkpcbTpGsH2f0Qw74iQ\/camila-souza-govba.jpg 984w, https:\/\/s2.glbimg.com\/yWaF3UnQyR6Dgs6SxKiHPeLsXPQ=\/0x0:799x533\/640x0\/smart\/filters:strip_icc()\/i.s3.glbimg.com\/v1\/AUTH_59edd422c0c84a879bd37670ae4f538a\/internal_photos\/bs\/2023\/0\/B\/WBkpcbTpGsH2f0Qw74iQ\/camila-souza-govba.jpg 640w, https:\/\/s2.glbimg.com\/VxfFm4JwbfR7Ag2MgSXW7laAPwQ=\/0x0:799x533\/600x0\/smart\/filters:strip_icc()\/i.s3.glbimg.com\/v1\/AUTH_59edd422c0c84a879bd37670ae4f538a\/internal_photos\/bs\/2023\/0\/B\/WBkpcbTpGsH2f0Qw74iQ\/camila-souza-govba.jpg 600w\" alt=\"Procon-BA promove mutir\u00e3o de negocia\u00e7\u00e3o de d\u00edvidas na semana do consumidor \u2014 Foto: Camila-Souza\/GOVBA\" \/><\/figure>\n<\/div>\n<p class=\"content-media__description \">Procon-BA promove mutir\u00e3o de negocia\u00e7\u00e3o de d\u00edvidas na semana do consumidor \u2014 Foto: Camila-Souza\/GOVBA<\/p>\n<\/div>\n<\/div>\n<\/div>\n<div id=\"chunk-5v5cn\">\n<div class=\"mc-column content-text active-extra-styles \" data-block-type=\"unstyled\" data-block-weight=\"25\" data-block-id=\"3\">\n<p class=\"content-text__container \" data-track-category=\"Link no Texto\" data-track-links=\"\">A Superintend\u00eancia de Prote\u00e7\u00e3o e Defesa do Consumidor da Bahia (Procon-BA) vai realizar um mutir\u00e3o de negocia\u00e7\u00e3o de d\u00edvidas durante a semana do consumidor.<\/p>\n<\/div>\n<\/div>\n<div class=\"wall protected-content\">\n<div id=\"chunk-5tdkd\">\n<div class=\"mc-column content-text active-extra-styles \" data-block-type=\"unstyled\" data-block-weight=\"26\" data-block-id=\"4\">\n<p class=\"content-text__container \" data-track-category=\"Link no Texto\" data-track-links=\"\">Os consumidores poder\u00e3o renegociar os d\u00e9bitos com institui\u00e7\u00f5es financeiras e prestadoras de servi\u00e7os essenciais.\u00a0<span class=\"highlight highlighted\">A iniciativa ser\u00e1 entre a pr\u00f3xima segunda (13) e sexta-feira (17).<\/span><\/p>\n<\/div>\n<\/div>\n<div id=\"chunk-cpdo3\">\n<div class=\"mc-column content-text active-extra-styles \" data-block-type=\"unstyled\" data-block-weight=\"27\" data-block-id=\"5\">\n<p class=\"content-text__container \" data-track-category=\"Link no Texto\" data-track-links=\"\">Em\u00a0<a class=\"\" href=\"https:\/\/g1.globo.com\/ba\/bahia\/cidade\/salvador\/\">Salvador<\/a>, o atendimento vai ser realizado por ordem de chegada, na sede Central do Procon-BA, localizada na Rua Carlos Gomes, no Centro, das 8h30 \u00e0s 16h.<\/p>\n<\/div>\n<\/div>\n<div id=\"chunk-2au18\">\n<div class=\"mc-column content-text active-extra-styles \" data-block-type=\"unstyled\" data-block-weight=\"34\" data-block-id=\"6\">\n<p class=\"content-text__container \" data-track-category=\"Link no Texto\" data-track-links=\"\">Nas cidades do interior do estado, o atendimento segue de acordo com o hor\u00e1rio e forma de atendimento da unidade do Servi\u00e7o de Atendimento ao Cidad\u00e3o (SAC) \u00e0 qual o posto est\u00e1 vinculado. <span style=\"font-family: inherit; font-size: inherit; font-style: inherit; font-variant-ligatures: inherit; font-variant-caps: inherit; font-weight: inherit; text-align: center;\">Para saber informa\u00e7\u00f5es sobre o funcionamento do posto do Procon-BA, os interessados devem acessar a<\/span><a class=\"\" style=\"font-family: inherit; font-size: inherit; font-style: inherit; font-variant-ligatures: inherit; font-variant-caps: inherit; font-weight: inherit; text-align: center;\" href=\"http:\/\/www.sacdigital.ba.gov.br\/\" target=\"_blank\" rel=\"noopener\">\u00a0plataforma digital do SAC\u00a0<\/a><span style=\"font-family: inherit; font-size: inherit; font-style: inherit; font-variant-ligatures: inherit; font-variant-caps: inherit; font-weight: inherit; text-align: center;\">ou pelo aplicativo do \u00f3rg\u00e3o.<\/span><\/p>\n<\/div>\n<\/div>\n<div id=\"chunk-c77fv\">\n<div class=\"mc-column content-text active-extra-styles \" data-block-type=\"unstyled\" data-block-weight=\"32\" data-block-id=\"9\">\n<p class=\"content-text__container \" data-track-category=\"Link no Texto\" data-track-links=\"\">\u00c9 necess\u00e1rio apresentar RG, CPF, comprovante de resid\u00eancia e documentos que comprovam a rela\u00e7\u00e3o de consumo como contrato de empr\u00e9stimos, financiamentos, faturas de \u00e1gua, energia, fatura cart\u00e3o de cr\u00e9dito, entre outros.<\/p>\n<\/div>\n<\/div>\n<div id=\"chunk-751il\">\n<div class=\"mc-column content-text active-extra-styles \" data-block-type=\"unstyled\" data-block-weight=\"60\" data-block-id=\"10\">\n<p class=\"content-text__container \" data-track-category=\"Link no Texto\" data-track-links=\"\">A a\u00e7\u00e3o faz parte da Semana do Consumidor, em alus\u00e3o ao Dia Mundial do Consumidor, comemorado na quarta-feira (15). Durante a Semana do Consumidor, tamb\u00e9m ser\u00e3o realizadas campanhas educativas, com distribui\u00e7\u00e3o de material e de exemplares do C\u00f3digo de Defesa do Consumidor \u2013 CDC, e realizadas opera\u00e7\u00f5es de fiscaliza\u00e7\u00e3o em diversos estabelecimentos comerciais da capital baiana para inibir pr\u00e1ticas abusivas.<\/p>\n<\/div>\n<\/div>\n<\/div>\n<\/article>\n<\/div>\n","protected":false},"excerpt":{"rendered":"<p>Procon-BA promove mutir\u00e3o de negocia\u00e7\u00e3o de d\u00edvidas na semana do consumidor \u2014 Foto: Camila-Souza\/GOVBA A Superintend\u00eancia de Prote\u00e7\u00e3o e Defesa do Consumidor da Bahia (Procon-BA) vai realizar um mutir\u00e3o de negocia\u00e7\u00e3o de d\u00edvidas durante a semana do consumidor. Os consumidores poder\u00e3o renegociar os d\u00e9bitos com institui\u00e7\u00f5es financeiras e prestadoras de servi\u00e7os essenciais.\u00a0A iniciativa ser\u00e1 entre [&hellip;]<\/p>\n","protected":false},"author":2,"featured_media":0,"comment_status":"open","ping_status":"open","sticky":false,"template":"","format":"standard","meta":{"_links_to":"","_links_to_target":""},"categories":[7,9,8,1],"tags":[],"_links":{"self":[{"href":"https:\/\/www.ilheusnoticias.net.br\/v1\/wp-json\/wp\/v2\/posts\/31253"}],"collection":[{"href":"https:\/\/www.ilheusnoticias.net.br\/v1\/wp-json\/wp\/v2\/posts"}],"about":[{"href":"https:\/\/www.ilheusnoticias.net.br\/v1\/wp-json\/wp\/v2\/types\/post"}],"author":[{"embeddable":true,"href":"https:\/\/www.ilheusnoticias.net.br\/v1\/wp-json\/wp\/v2\/users\/2"}],"replies":[{"embeddable":true,"href":"https:\/\/www.ilheusnoticias.net.br\/v1\/wp-json\/wp\/v2\/comments?post=31253"}],"version-history":[{"count":1,"href":"https:\/\/www.ilheusnoticias.net.br\/v1\/wp-json\/wp\/v2\/posts\/31253\/revisions"}],"predecessor-version":[{"id":31254,"href":"https:\/\/www.ilheusnoticias.net.br\/v1\/wp-json\/wp\/v2\/posts\/31253\/revisions\/31254"}],"wp:attachment":[{"href":"https:\/\/www.ilheusnoticias.net.br\/v1\/wp-json\/wp\/v2\/media?parent=31253"}],"wp:term":[{"taxonomy":"category","embeddable":true,"href":"https:\/\/www.ilheusnoticias.net.br\/v1\/wp-json\/wp\/v2\/categories?post=31253"},{"taxonomy":"post_tag","embeddable":true,"href":"https:\/\/www.ilheusnoticias.net.br\/v1\/wp-json\/wp\/v2\/tags?post=31253"}],"curies":[{"name":"wp","href":"https:\/\/api.w.org\/{rel}","templated":true}]}}