{"id":31249,"date":"2023-03-11T10:40:41","date_gmt":"2023-03-11T13:40:41","guid":{"rendered":"https:\/\/www.ilheusnoticias.net.br\/v1\/?p=31249"},"modified":"2023-03-11T10:40:41","modified_gmt":"2023-03-11T13:40:41","slug":"pretas-e-pardas-do-norte-e-do-nordeste-dados-ineditos-tracam-perfil-de-mulheres-submetidas-a-escravidao-contemporanea","status":"publish","type":"post","link":"https:\/\/www.ilheusnoticias.net.br\/v1\/2023\/03\/11\/pretas-e-pardas-do-norte-e-do-nordeste-dados-ineditos-tracam-perfil-de-mulheres-submetidas-a-escravidao-contemporanea\/","title":{"rendered":"Pretas e pardas, do Norte e do Nordeste: dados in\u00e9ditos tra\u00e7am perfil de mulheres submetidas \u00e0 escravid\u00e3o contempor\u00e2nea"},"content":{"rendered":"<div class=\"row content-head featured \">\n<div class=\"title\" data-block-type=\"title\" data-block-id=\"0\"><\/div>\n<\/div>\n<div class=\"row medium-uncollapsed content-top-image\" data-block-type=\"featured-image\" data-block-id=\"1\">\n<div class=\"column medium-centered medium-22 large-20 desktop \">\n<figure class=\"glb-skeleton-box\"><img class=\"i-amphtml-fill-content i-amphtml-replaced-content\" src=\"https:\/\/s2.glbimg.com\/DotAVrbBrV4PiggD7zBrRkC64EU=\/0x0:1000x589\/924x0\/smart\/filters:strip_icc()\/i.s3.glbimg.com\/v1\/AUTH_59edd422c0c84a879bd37670ae4f538a\/internal_photos\/bs\/2023\/B\/1\/pGxhEqSfWVheWSi6GXxg\/dsc5281pb.webp\" srcset=\"\" alt=\"Pretas e pardas, do Norte e do Nordeste: dados in\u00e9ditos tra\u00e7am perfil de mulheres submetidas \u00e0 escravid\u00e3o contempor\u00e2nea\" \/><\/figure>\n<p><span class=\"rights-holder\">Marcos Serra Lima\/ G1<\/span><\/div>\n<\/div>\n<div class=\"mc-article-body\">\n<article>\n<div id=\"chunk-aogkh\">\n<div class=\"mc-column content-text active-extra-styles active-capital-letter\" data-block-type=\"unstyled\" data-block-weight=\"38\" data-block-id=\"3\">\n<p class=\"content-text__container theme-color-primary-first-letter\" data-track-category=\"Link no Texto\" data-track-links=\"\"><span class=\"highlight highlighted\">Nascidas no Norte ou no Nordeste, pretas ou pardas, analfabetas ou com o ensino b\u00e1sico incompleto.\u00a0<\/span>Esse \u00e9 o perfil da maioria das\u00a0<strong>2.488 mulheres resgatadas<\/strong>\u00a0do trabalho an\u00e1logo \u00e0 escravid\u00e3o durante os \u00faltimos\u00a0<strong>20 anos<\/strong>\u00a0no pa\u00eds.<\/p>\n<\/div>\n<\/div>\n<div class=\"wall protected-content\">\n<div id=\"chunk-8r6pi\">\n<div class=\"mc-column content-text active-extra-styles \" data-block-type=\"unstyled\" data-block-weight=\"31\" data-block-id=\"4\">\n<p class=\"content-text__container \" data-track-category=\"Link no Texto\" data-track-links=\"\">Os dados s\u00e3o in\u00e9ditos e foram compilados a pedido do\u00a0<strong>g1<\/strong>\u00a0pela\u00a0<strong>Divis\u00e3o de Fiscaliza\u00e7\u00e3o para Erradica\u00e7\u00e3o do Trabalho Escravo<\/strong>\u00a0(Detrae), \u00f3rg\u00e3o que integra o\u00a0<a class=\"\" href=\"https:\/\/g1.globo.com\/tudo-sobre\/ministerio-do-trabalho\/\">Minist\u00e9rio do Trabalho<\/a>\u00a0e Previd\u00eancia (MTP).<\/p>\n<\/div>\n<\/div>\n<div class=\"mc-column content-text active-extra-styles\" data-block-type=\"raw\" data-block-weight=\"12\" data-block-id=\"5\">\n<p><span class=\"highlight highlighted\">Mulheres corresponderam a apenas 5% do total de pessoas resgatadas em duas d\u00e9cadas.<\/span>\u00a0Segundo a auditora-fiscal do trabalho Jamile Virginio, que integra o Detrae, essa diferen\u00e7a se d\u00e1, em parte, porque a atua\u00e7\u00e3o do Detrae sobre atividades historicamente ligadas ao g\u00eanero feminino \u00e9 recente.<\/p>\n<\/div>\n<div id=\"chunk-eig91\">\n<div class=\"mc-column content-text active-extra-styles \" data-block-type=\"unstyled\" data-block-weight=\"19\" data-block-id=\"7\">\n<p class=\"content-text__container \" data-track-category=\"Link no Texto\" data-track-links=\"\">&#8220;Foi\u00a0<a class=\"\" href=\"https:\/\/g1.globo.com\/ba\/bahia\/noticia\/domestica-em-condicoes-analogas-a-escravidao-e-resgatada-na-ba-apos-40-anos-sem-salario-folga-ou-ferias.ghtml\">somente em 2017<\/a>\u00a0e 2019 que ocorreram os primeiros resgates no\u00a0<strong>trabalho dom\u00e9stico<\/strong>\u00a0e no\u00a0<strong>mercado do sexo<\/strong>&#8220;.<\/p>\n<\/div>\n<\/div>\n<div class=\"mc-column content-text active-extra-styles\" data-block-type=\"raw\" data-block-weight=\"7\" data-block-id=\"10\">\n<div class=\"content-intertitle\">\n<h2><strong>De onde vieram e para onde foram<\/strong><\/h2>\n<\/div>\n<p><span class=\"highlight highlighted\">A regi\u00e3o que concentrou o maior n\u00famero de casos foi o <\/span><strong><span class=\"highlight highlighted\">Sudeste, enquanto a maior parte das v\u00edtimas era natural de estados do Norte ou do Nordeste.<\/span><\/strong><strong>\u00a0<\/strong>Os estados que concentraram mais de\u00a0<strong>80%<\/strong> dos resgates s\u00e3o:<\/p>\n<\/div>\n<div class=\"mc-column content-text active-extra-styles\" data-block-type=\"raw\" data-block-weight=\"20\" data-block-id=\"13\">\n<ul class=\"content-unordered-list\">\n<li>Par\u00e1 (428)<\/li>\n<li>Minas Gerais (401)<\/li>\n<li>Bahia (278)<\/li>\n<li>S\u00e3o Paulo (271)<\/li>\n<li>Maranh\u00e3o (238)<\/li>\n<li>Tocantins (166)<\/li>\n<li>Goi\u00e1s (123)<\/li>\n<li>Rio de Janeiro (101)<\/li>\n<\/ul>\n<\/div>\n<div id=\"chunk-csdnr\">\n<div class=\"mc-column\">O Detrae tamb\u00e9m compilou dados sobre as <strong>atividades<\/strong>\u00a0desenvolvidas pelas resgatadas e\u00a0<a class=\"\" href=\"https:\/\/g1.globo.com\/economia\/agronegocios\/noticia\/2023\/02\/28\/cana-carvao-alho-as-atividades-rurais-com-mais-resgates-por-trabalho-escravo-em-2022.ghtml\">as fun\u00e7\u00f5es desempenhadas na zona rural s\u00e3o as que mais concentram casos<\/a>.\u00a0<strong>Mais de 70%<\/strong> dos casos s\u00e3o relacionados \u00e0s seguintes ocupa\u00e7\u00f5es:<\/div>\n<\/div>\n<div class=\"mc-column content-text active-extra-styles\" data-block-type=\"raw\" data-block-weight=\"23\" data-block-id=\"18\">\n<ul class=\"content-unordered-list\">\n<li>Agropecu\u00e1ria (1.234)<\/li>\n<li>Cultivo de caf\u00e9 (175)<\/li>\n<li>Cultivo de cana-de-a\u00e7\u00facar (138)<\/li>\n<li>Pecu\u00e1ria de corte (118)<\/li>\n<li>Cultivo de \u00e1rvores frut\u00edferas (18)<\/li>\n<li>Cultivo de erva-mate (15)<\/li>\n<\/ul>\n<\/div>\n<div id=\"chunk-7k1q5\">\n<div class=\"mc-column content-text active-extra-styles \" data-block-type=\"unstyled\" data-block-weight=\"37\" data-block-id=\"19\">\n<p class=\"content-text__container \" data-track-category=\"Link no Texto\" data-track-links=\"\">Jamile conta que a diferen\u00e7a num\u00e9rica nos resgates de homens e mulheres \u00e9 tema frequentemente discutido entre inspetores do trabalho. Ela aponta que papeis sociais tradicionalmente ligados a homens e mulheres podem ajudar a entender o cen\u00e1rio.<\/p>\n<\/div>\n<\/div>\n<div class=\"mc-column content-text active-extra-styles\" data-block-type=\"raw\" data-block-weight=\"30\" data-block-id=\"20\">\n<blockquote class=\"content-blockquote theme-border-color-primary-before\"><p>&#8220;A din\u00e2mica da sociedade brasileira \u00e9 essencialmente de cunho\u00a0<strong>patriarcal<\/strong>, que enxerga o\u00a0<strong>homem como provedor familiar<\/strong> e cobra para que busque alternativas de renda e emprego&#8221;.<\/p><\/blockquote>\n<blockquote class=\"content-blockquote theme-border-color-primary-before\"><p><span class=\"highlight highlighted\">Para ela, essa din\u00e2mica torna comuns os processos migrat\u00f3rios em busca de trabalho.<\/span>\u00a0&#8220;A condi\u00e7\u00e3o de\u00a0<strong>migrante<\/strong>\u00a0\u00e9 causa de\u00a0<strong>vulnerabilidade<\/strong> frequentemente associada \u00e0 explora\u00e7\u00e3o em condi\u00e7\u00f5es an\u00e1logas \u00e0 escravid\u00e3o.&#8221;<\/p><\/blockquote>\n<\/div>\n<div class=\"mc-column content-text active-extra-styles\" data-block-type=\"raw\" data-block-weight=\"28\" data-block-id=\"23\">\n<blockquote class=\"content-blockquote theme-border-color-primary-before\"><p>&#8220;Enquanto os homens saem dos munic\u00edpios de origem atr\u00e1s de promessas de ganhos melhores, as mulheres permanecem nestes mesmos munic\u00edpios para a manuten\u00e7\u00e3o dos cuidados dom\u00e9sticos e familiares.&#8221;<\/p><\/blockquote>\n<\/div>\n<div id=\"chunk-7ao4v\">\n<div class=\"mc-column content-text active-extra-styles \" data-block-type=\"unstyled\" data-block-weight=\"32\" data-block-id=\"24\">\n<p class=\"content-text__container \" data-track-category=\"Link no Texto\" data-track-links=\"\">A auditora ressalta outro ponto como explica\u00e7\u00e3o para os n\u00fameros. &#8220;<span class=\"highlight highlighted\">O trabalho dom\u00e9stico n\u00e3o remunerado e os cuidados com os familiares recaem de forma desproporcional sobre as mulheres, limitando seu potencial econ\u00f4mico<\/span>.&#8221;<\/p>\n<\/div>\n<\/div>\n<div id=\"chunk-f8k5k\">\n<div class=\"mc-column content-text active-extra-styles \" data-block-type=\"unstyled\" data-block-weight=\"22\" data-block-id=\"25\">\n<p class=\"content-text__container \" data-track-category=\"Link no Texto\" data-track-links=\"\">Outro fator citado por ela \u00e9 geogr\u00e1fico. &#8220;O foco, durante muitos anos, foi em atividades realizadas na\u00a0<strong>zona rural<\/strong>, atividades preponderantemente masculinas&#8221;.<\/p>\n<\/div>\n<\/div>\n<div id=\"chunk-3fl0m\">\n<div class=\"mc-column content-text active-extra-styles \" data-block-type=\"unstyled\" data-block-weight=\"23\" data-block-id=\"26\">\n<p class=\"content-text__container \" data-track-category=\"Link no Texto\" data-track-links=\"\">As viola\u00e7\u00f5es come\u00e7aram a ser identificadas no\u00a0<strong>ambiente urbano<\/strong>\u00a0s\u00f3 a partir de 2022, em \u00e1reas como constru\u00e7\u00e3o civil e\u00a0<a class=\"\" href=\"https:\/\/g1.globo.com\/sp\/sao-paulo\/noticia\/2019\/08\/01\/confeccoes-de-roupa-no-centro-de-sp-vao-pagar-r-324-mil-a-12-vitimas-de-trabalho-escravo.ghtml\">confec\u00e7\u00e3o de roupas<\/a>.<\/p>\n<\/div>\n<\/div>\n<div id=\"chunk-bmkou\">\n<div class=\"mc-column content-text active-extra-styles \" data-block-type=\"unstyled\" data-block-weight=\"42\" data-block-id=\"27\">\n<p class=\"content-text__container \" data-track-category=\"Link no Texto\" data-track-links=\"\">Mesmo diante desse contexto, a fiscal do trabalho aponta que s\u00e3o necess\u00e1rias medidas para aumentar o n\u00famero de resgates de mulheres. &#8220;O primeiro passo \u00e9 reconhecer que as atividades frequentemente desempenhadas por elas necessitam de um\u00a0<strong>olhar mais atento<\/strong> de nossa parte.&#8221;<\/p>\n<\/div>\n<\/div>\n<div class=\"mc-column content-text active-extra-styles\" data-block-type=\"raw\" data-block-weight=\"5\" data-block-id=\"28\">\n<div class=\"content-intertitle\">\n<h2>Como os dados foram obtidos<\/h2>\n<\/div>\n<p>As pol\u00edticas p\u00fablicas de combate ao trabalho escravo se iniciaram em 1995, mas s\u00f3 a partir de 2003 \u00e9 que informa\u00e7\u00f5es sobre o perfil das v\u00edtimas come\u00e7aram a ser coletadas.<\/p>\n<\/div>\n<\/div>\n<\/article>\n<\/div>\n","protected":false},"excerpt":{"rendered":"<p>Marcos Serra Lima\/ G1 Nascidas no Norte ou no Nordeste, pretas ou pardas, analfabetas ou com o ensino b\u00e1sico incompleto.\u00a0Esse \u00e9 o perfil da maioria das\u00a02.488 mulheres resgatadas\u00a0do trabalho an\u00e1logo \u00e0 escravid\u00e3o durante os \u00faltimos\u00a020 anos\u00a0no pa\u00eds. Os dados s\u00e3o in\u00e9ditos e foram compilados a pedido do\u00a0g1\u00a0pela\u00a0Divis\u00e3o de Fiscaliza\u00e7\u00e3o para Erradica\u00e7\u00e3o do Trabalho Escravo\u00a0(Detrae), \u00f3rg\u00e3o [&hellip;]<\/p>\n","protected":false},"author":2,"featured_media":0,"comment_status":"open","ping_status":"open","sticky":false,"template":"","format":"standard","meta":{"_links_to":"","_links_to_target":""},"categories":[7,9,8,1],"tags":[],"_links":{"self":[{"href":"https:\/\/www.ilheusnoticias.net.br\/v1\/wp-json\/wp\/v2\/posts\/31249"}],"collection":[{"href":"https:\/\/www.ilheusnoticias.net.br\/v1\/wp-json\/wp\/v2\/posts"}],"about":[{"href":"https:\/\/www.ilheusnoticias.net.br\/v1\/wp-json\/wp\/v2\/types\/post"}],"author":[{"embeddable":true,"href":"https:\/\/www.ilheusnoticias.net.br\/v1\/wp-json\/wp\/v2\/users\/2"}],"replies":[{"embeddable":true,"href":"https:\/\/www.ilheusnoticias.net.br\/v1\/wp-json\/wp\/v2\/comments?post=31249"}],"version-history":[{"count":1,"href":"https:\/\/www.ilheusnoticias.net.br\/v1\/wp-json\/wp\/v2\/posts\/31249\/revisions"}],"predecessor-version":[{"id":31250,"href":"https:\/\/www.ilheusnoticias.net.br\/v1\/wp-json\/wp\/v2\/posts\/31249\/revisions\/31250"}],"wp:attachment":[{"href":"https:\/\/www.ilheusnoticias.net.br\/v1\/wp-json\/wp\/v2\/media?parent=31249"}],"wp:term":[{"taxonomy":"category","embeddable":true,"href":"https:\/\/www.ilheusnoticias.net.br\/v1\/wp-json\/wp\/v2\/categories?post=31249"},{"taxonomy":"post_tag","embeddable":true,"href":"https:\/\/www.ilheusnoticias.net.br\/v1\/wp-json\/wp\/v2\/tags?post=31249"}],"curies":[{"name":"wp","href":"https:\/\/api.w.org\/{rel}","templated":true}]}}