{"id":31245,"date":"2023-03-10T13:07:05","date_gmt":"2023-03-10T16:07:05","guid":{"rendered":"https:\/\/www.ilheusnoticias.net.br\/v1\/?p=31245"},"modified":"2023-03-10T13:07:05","modified_gmt":"2023-03-10T16:07:05","slug":"jeronimo-avanca-em-projeto-do-canal-do-sertao-e-outras-acoes-apos-reunioes-em-brasilia","status":"publish","type":"post","link":"https:\/\/www.ilheusnoticias.net.br\/v1\/2023\/03\/10\/jeronimo-avanca-em-projeto-do-canal-do-sertao-e-outras-acoes-apos-reunioes-em-brasilia\/","title":{"rendered":"Jer\u00f4nimo avan\u00e7a em projeto do Canal do Sert\u00e3o e outras a\u00e7\u00f5es ap\u00f3s reuni\u00f5es em Bras\u00edlia"},"content":{"rendered":"<div class=\"PostHeaderIcons metadata-icons\"><\/div>\n<div class=\"PostContent\">\n<p><img src=\"http:\/\/www.blogdothame.blog.br\/v1\/wp-content\/uploads\/2023\/03\/brasilia-jer-2.jpg\" \/><\/p>\n<p>&nbsp;<\/p>\n<p>O governador Jer\u00f4nimo Rodrigues volta \u00e0 Bahia com avan\u00e7os em projetos e garantia de investimentos ap\u00f3s concluir agenda de trabalho com ministros, em Bras\u00edlia, nesta quinta-feira (9). Em reuni\u00e3o com o Minist\u00e9rio da Integra\u00e7\u00e3o e Desenvolvimento Regional, o governador obteve progresso ao confirmar, para abril deste ano, os servi\u00e7os de sondagens e topografia para a produ\u00e7\u00e3o do projeto b\u00e1sico do Canal do Sert\u00e3o, que ampliar\u00e1 o abastecimento de \u00e1gua para a regi\u00e3o. Conforme o planejamento, ser\u00e3o 300 quil\u00f4metros de extens\u00e3o de canal, com um investimento total de cerca de R$ 4,6 bilh\u00f5es. O in\u00edcio das obras da primeira fase tem previs\u00e3o para o segundo semestre de 2024.<\/p>\n<p>&nbsp;<\/p>\n<p>Ao longo do dia, o governante e uma comitiva de secret\u00e1rios de Estado tamb\u00e9m tiveram reuni\u00f5es com o Minist\u00e9rio do Meio Ambiente e com a Secretaria Geral da Presid\u00eancia. O grupo tamb\u00e9m teve um encontro com a dire\u00e7\u00e3o do Fundo Internacional de Desenvolvimento Agr\u00edcola (Fida).<\/p>\n<p>\u201cFoi um dia de muito trabalho e mais uma vez o alinhamento com o governo federal nos permite tratar de temas importantes e ter o apoio necess\u00e1rio para trazer essas boas not\u00edcias para a Bahia\u201d, assegurou Jer\u00f4nimo.<\/p>\n<p>Outra aquisi\u00e7\u00e3o da viagem voltada para o abastecimento de \u00e1gua foi a confirma\u00e7\u00e3o do in\u00edcio das obras da Adutora da F\u00e9, que vai resolver o problema de falta de \u00e1gua na cidade de Bom Jesus da Lapa, um investimento de R$ 40 milh\u00f5es.\u00a0 A secret\u00e1ria de Infraestrutura H\u00eddrica e Saneamento (Sihs), Larissa Moraes, acompanhou a agenda e comemorou o resultado do encontro. \u201cO ministro Waldez G\u00f3es se mostrou bastante comprometido com o projeto do Canal do Sert\u00e3o, que vai beneficiar cerca de dois milh\u00f5es de pessoas na Bahia. \u00c9 uma obra que a gente vem lutando h\u00e1 bastante tempo\u201d.<\/p>\n<\/div>\n","protected":false},"excerpt":{"rendered":"<p>&nbsp; O governador Jer\u00f4nimo Rodrigues volta \u00e0 Bahia com avan\u00e7os em projetos e garantia de investimentos ap\u00f3s concluir agenda de trabalho com ministros, em Bras\u00edlia, nesta quinta-feira (9). Em reuni\u00e3o com o Minist\u00e9rio da Integra\u00e7\u00e3o e Desenvolvimento Regional, o governador obteve progresso ao confirmar, para abril deste ano, os servi\u00e7os de sondagens e topografia para [&hellip;]<\/p>\n","protected":false},"author":2,"featured_media":0,"comment_status":"open","ping_status":"open","sticky":false,"template":"","format":"standard","meta":{"_links_to":"","_links_to_target":""},"categories":[7,9,8,1],"tags":[],"_links":{"self":[{"href":"https:\/\/www.ilheusnoticias.net.br\/v1\/wp-json\/wp\/v2\/posts\/31245"}],"collection":[{"href":"https:\/\/www.ilheusnoticias.net.br\/v1\/wp-json\/wp\/v2\/posts"}],"about":[{"href":"https:\/\/www.ilheusnoticias.net.br\/v1\/wp-json\/wp\/v2\/types\/post"}],"author":[{"embeddable":true,"href":"https:\/\/www.ilheusnoticias.net.br\/v1\/wp-json\/wp\/v2\/users\/2"}],"replies":[{"embeddable":true,"href":"https:\/\/www.ilheusnoticias.net.br\/v1\/wp-json\/wp\/v2\/comments?post=31245"}],"version-history":[{"count":1,"href":"https:\/\/www.ilheusnoticias.net.br\/v1\/wp-json\/wp\/v2\/posts\/31245\/revisions"}],"predecessor-version":[{"id":31246,"href":"https:\/\/www.ilheusnoticias.net.br\/v1\/wp-json\/wp\/v2\/posts\/31245\/revisions\/31246"}],"wp:attachment":[{"href":"https:\/\/www.ilheusnoticias.net.br\/v1\/wp-json\/wp\/v2\/media?parent=31245"}],"wp:term":[{"taxonomy":"category","embeddable":true,"href":"https:\/\/www.ilheusnoticias.net.br\/v1\/wp-json\/wp\/v2\/categories?post=31245"},{"taxonomy":"post_tag","embeddable":true,"href":"https:\/\/www.ilheusnoticias.net.br\/v1\/wp-json\/wp\/v2\/tags?post=31245"}],"curies":[{"name":"wp","href":"https:\/\/api.w.org\/{rel}","templated":true}]}}