{"id":31236,"date":"2023-03-10T12:54:11","date_gmt":"2023-03-10T15:54:11","guid":{"rendered":"https:\/\/www.ilheusnoticias.net.br\/v1\/?p=31236"},"modified":"2023-03-10T12:54:11","modified_gmt":"2023-03-10T15:54:11","slug":"lula-diz-a-ministros-que-quer-viajar-e-entregar-obras-nao-da-para-ficar-achando-que-o-gostoso-nesse-pais-e-guardar-dinheiro","status":"publish","type":"post","link":"https:\/\/www.ilheusnoticias.net.br\/v1\/2023\/03\/10\/lula-diz-a-ministros-que-quer-viajar-e-entregar-obras-nao-da-para-ficar-achando-que-o-gostoso-nesse-pais-e-guardar-dinheiro\/","title":{"rendered":"Lula diz a ministros que quer viajar e entregar obras: &#8216;N\u00e3o d\u00e1 para ficar achando que o gostoso nesse pa\u00eds \u00e9 guardar dinheiro&#8217;"},"content":{"rendered":"<div class=\"row content-head non-featured \">\n<div class=\"title\" data-block-type=\"title\" data-block-id=\"0\"><\/div>\n<div class=\"medium-centered subtitle\"><\/div>\n<\/div>\n<div class=\"content__signa-share\">\n<div class=\"content__signature\">\n<div class=\"content-publication-data\">\n<div class=\"content-publication-data__text\">\n<p class=\"content-publication-data__updated\">O presidente Luiz In\u00e1cio <a class=\"\" href=\"https:\/\/g1.globo.com\/politica\/politico\/lula\/\">Lula<\/a>\u00a0da Silva (PT) se reuniu com ministros no Pal\u00e1cio do Planalto nesta sexta-feira (10) e pediu ajuda das pastas para criar uma agenda de viagens pelo pa\u00eds e entrega de obras p\u00fablicas.<\/p>\n<\/div>\n<\/div>\n<\/div>\n<\/div>\n<div class=\"mc-article-body\">\n<article>\n<div class=\"wall protected-content\">\n<div id=\"chunk-bcjuc\">\n<div class=\"mc-column content-text active-extra-styles \" data-block-type=\"unstyled\" data-block-weight=\"26\" data-block-id=\"3\">\n<p class=\"content-text__container \" data-track-category=\"Link no Texto\" data-track-links=\"\">Lula afirmou que pretende intensificar essa agenda de viagens quando retornar da China \u2013 a visita oficial ao pa\u00eds est\u00e1 prevista para o fim deste m\u00eas.<\/p>\n<\/div>\n<\/div>\n<div id=\"chunk-7igbg\">\n<div class=\"mc-column content-text active-extra-styles \" data-block-type=\"unstyled\" data-block-weight=\"40\" data-block-id=\"4\">\n<p class=\"content-text__container \" data-track-category=\"Link no Texto\" data-track-links=\"\">&#8220;Eu quero viajar o Brasil para a gente voltar a inaugurar casa, escola, creche, estrada, universidade, escolas t\u00e9cnicas. N\u00f3s temos que colocar esse pa\u00eds em funcionamento&#8221;, enumerou Lula, que comandou uma reuni\u00e3o com ministros das \u00e1reas econ\u00f4mica e de infraestrutura.<\/p>\n<\/div>\n<\/div>\n<div id=\"chunk-fohep\">\n<div class=\"mc-column content-text active-extra-styles \" data-block-type=\"unstyled\" data-block-weight=\"32\" data-block-id=\"5\">\n<p class=\"content-text__container \" data-track-category=\"Link no Texto\" data-track-links=\"\">O presidente afirmou que deseja saber o &#8220;papel dos bancos p\u00fablicos para alavancar o investimento&#8221; no pa\u00eds e cobrou o financiamento de pequenos e m\u00e9dios empreendedores, cooperativas, grandes empres\u00e1rios, estados e munic\u00edpios.<\/p>\n<\/div>\n<\/div>\n<div class=\"mc-column content-text active-extra-styles\" data-block-type=\"raw\" data-block-weight=\"78\" data-block-id=\"6\">\n<p class=\"content-text__container\">\n<blockquote class=\"content-blockquote theme-border-color-primary-before\"><p>&#8220;N\u00e3o pode ser proibido emprestar dinheiro para voc\u00ea construir um ativo que vai aumentar o patrim\u00f4nio deste pa\u00eds, que vai aumentar a qualidade de vida do povo. Sabe, n\u00e3o d\u00e1 para a gente ficar achando que o gostoso neste pa\u00eds \u00e9 guardar dinheiro. N\u00e3o. Dinheiro bom \u00e9 dinheiro transformado em obras, \u00e9 dinheiro transformado em melhoria da qualidade de vida do povo, em sa\u00fade, educa\u00e7\u00e3o e, sobretudo, emprego, que \u00e9 o que d\u00e1 dignidade ao povo brasileiro&#8221;, disse.<\/p><\/blockquote>\n<\/div>\n<div id=\"chunk-1ce1n\">\n<div class=\"mc-column content-text active-extra-styles \" data-block-type=\"unstyled\" data-block-weight=\"41\" data-block-id=\"8\">\n<p class=\"content-text__container \" data-track-category=\"Link no Texto\" data-track-links=\"\">O presidente afirmou ainda que o governo &#8220;n\u00e3o pode ficar chorando o dinheiro que falta&#8221; \u2013 e atribuiu aos ministros Fernando Haddad (Fazenda) e Simone Tebet (Planejamento) a miss\u00e3o de &#8220;arrumar o dinheiro que n\u00f3s precisamos para fazer investimento neste pa\u00eds&#8221;.<\/p>\n<\/div>\n<\/div>\n<div id=\"chunk-2bkhb\">\n<div class=\"mc-column content-text active-extra-styles \" data-block-type=\"unstyled\" data-block-weight=\"22\" data-block-id=\"9\">\n<p class=\"content-text__container \" data-track-category=\"Link no Texto\" data-track-links=\"\"><strong><em>Na \u00faltima semana, Lula afirmou em outro evento que o desafio do governo era fazer a economia voltar a crescer. Relembre abaixo:<\/em><\/strong><\/p>\n<\/div>\n<\/div>\n<div id=\"chunk-2h3fv\">\n<div class=\"bs-video-block mc-column  content-media content-video\" data-block-type=\"backstage-video\" data-block-id=\"10\">\n<div class=\"content-media__container\">\n<div class=\"content-video__bigger-player-description-fixer\">\n<article class=\"content-video\">\n<section class=\"content-video__video-container\">\n<div class=\"content-video__video\">\n<div class=\"content-video__placeholder\" data-video-id=\"11415510\" data-video-has-viewport-play=\"True\"><img class=\"content-video__placeholder__thumb\" title=\"Presidente Lula afirma que desafio \u00e9 fazer a economia voltar a crescer\" src=\"https:\/\/s03.video.glbimg.com\/x240\/11415510.jpg\" alt=\"Presidente Lula afirma que desafio \u00e9 fazer a economia voltar a crescer\" \/><\/div>\n<\/div>\n<\/section>\n<\/article>\n<\/div>\n<p class=\"content-media__description\">Presidente Lula afirma que desafio \u00e9 fazer a economia voltar a crescer<\/p>\n<\/div>\n<\/div>\n<\/div>\n<div id=\"chunk-24r5d\">\n<div class=\"mc-column content-text active-extra-styles \" data-block-type=\"unstyled\" data-block-weight=\"58\" data-block-id=\"11\">\n<p class=\"content-text__container \" data-track-category=\"Link no Texto\" data-track-links=\"\">&#8220;A gente n\u00e3o pode aceitar a ideia de que o PIB n\u00e3o vai crescer porque algu\u00e9m disse que o PIB n\u00e3o vai crescer. N\u00f3s vamos dizer que o PIB vai crescer porque n\u00f3s vamos fazer o PIB crescer. Vamos dizer que o PIB vai crescer porque vamos gerar emprego. E vamos gerar emprego com as primeiras coisas&#8221;, afirmou.<\/p>\n<\/div>\n<\/div>\n<div id=\"chunk-fqum4\">\n<div class=\"mc-column content-text active-extra-styles \" data-block-type=\"unstyled\" data-block-weight=\"28\" data-block-id=\"13\">\n<p class=\"content-text__container \" data-track-category=\"Link no Texto\" data-track-links=\"\">Desde a elei\u00e7\u00e3o do ano passado, Lula \u00e9 pressionado pelo mercado a controlar o discurso de expans\u00e3o de gastos e apresentar medidas de controle das despesas p\u00fablicas.<\/p>\n<\/div>\n<\/div>\n<div id=\"chunk-83bgo\">\n<div class=\"mc-column content-text active-extra-styles \" data-block-type=\"unstyled\" data-block-weight=\"38\" data-block-id=\"14\">\n<p class=\"content-text__container \" data-track-category=\"Link no Texto\" data-track-links=\"\">O governo planeja entregar ainda neste m\u00eas a proposta de um novo arcabou\u00e7o fiscal para substituir o teto de gastos, regra que limite e corrige o or\u00e7amento pela infla\u00e7\u00e3o. O tema ter\u00e1 de ser aprovado pelo Congresso Nacional.<\/p>\n<\/div>\n<\/div>\n<div id=\"chunk-bbh2p\">\n<div class=\"mc-column content-text active-extra-styles \" data-block-type=\"unstyled\" data-block-weight=\"37\" data-block-id=\"15\">\n<p class=\"content-text__container \" data-track-category=\"Link no Texto\" data-track-links=\"\">A fala inicial de Lula foi transmitida nas redes sociais do governo e na TV Brasil. Em seguida, o ministro da Casa Civil, Rui Costa, assumiu o comando da reuni\u00e3o para ouvir demandas e sugest\u00f5es dos minist\u00e9rios.<\/p>\n<\/div>\n<\/div>\n<div class=\"mc-column content-text active-extra-styles\" data-block-type=\"raw\" data-block-weight=\"5\" data-block-id=\"16\">\n<div class=\"content-intertitle\">\n<h2>Novo nome para o PAC<\/h2>\n<\/div>\n<p>Lula tamb\u00e9m pediu que o governo pense em um novo nome para o programa que reunir\u00e1 as obras de infraestrutura. O presidente n\u00e3o quer repetir o nome do Programa de Acelera\u00e7\u00e3o do Crescimento (PAC), mantido em seus governos anteriores e no governo Dilma Rousseff.<\/p>\n<\/div>\n<div data-track-category=\"multicontent\" data-track-action=\"ultimo chunk conteudo\" data-track-noninteraction=\"false\" data-track-scroll=\"view\">\n<div id=\"chunk-c8e3q\">\n<div class=\"mc-column content-text active-extra-styles \" data-block-type=\"unstyled\" data-block-weight=\"41\" data-block-id=\"18\">\n<p class=\"content-text__container \" data-track-category=\"Link no Texto\" data-track-links=\"\">&#8220;O PAC foi muito importante, o PAC produziu muita coisa, mas se a gente puder criar um novo programa, sabe, \u00e9 importante. D\u00e1 mostra que a gente est\u00e1 renovando, inovando, que a gente tem criatividade para fazer outras coisas&#8221;, afirmou Lula.<\/p>\n<\/div>\n<\/div>\n<\/div>\n<\/div>\n<\/article>\n<\/div>\n","protected":false},"excerpt":{"rendered":"<p>O presidente Luiz In\u00e1cio Lula\u00a0da Silva (PT) se reuniu com ministros no Pal\u00e1cio do Planalto nesta sexta-feira (10) e pediu ajuda das pastas para criar uma agenda de viagens pelo pa\u00eds e entrega de obras p\u00fablicas. Lula afirmou que pretende intensificar essa agenda de viagens quando retornar da China \u2013 a visita oficial ao pa\u00eds [&hellip;]<\/p>\n","protected":false},"author":2,"featured_media":0,"comment_status":"open","ping_status":"open","sticky":false,"template":"","format":"standard","meta":{"_links_to":"","_links_to_target":""},"categories":[7,9,8,1],"tags":[],"_links":{"self":[{"href":"https:\/\/www.ilheusnoticias.net.br\/v1\/wp-json\/wp\/v2\/posts\/31236"}],"collection":[{"href":"https:\/\/www.ilheusnoticias.net.br\/v1\/wp-json\/wp\/v2\/posts"}],"about":[{"href":"https:\/\/www.ilheusnoticias.net.br\/v1\/wp-json\/wp\/v2\/types\/post"}],"author":[{"embeddable":true,"href":"https:\/\/www.ilheusnoticias.net.br\/v1\/wp-json\/wp\/v2\/users\/2"}],"replies":[{"embeddable":true,"href":"https:\/\/www.ilheusnoticias.net.br\/v1\/wp-json\/wp\/v2\/comments?post=31236"}],"version-history":[{"count":1,"href":"https:\/\/www.ilheusnoticias.net.br\/v1\/wp-json\/wp\/v2\/posts\/31236\/revisions"}],"predecessor-version":[{"id":31237,"href":"https:\/\/www.ilheusnoticias.net.br\/v1\/wp-json\/wp\/v2\/posts\/31236\/revisions\/31237"}],"wp:attachment":[{"href":"https:\/\/www.ilheusnoticias.net.br\/v1\/wp-json\/wp\/v2\/media?parent=31236"}],"wp:term":[{"taxonomy":"category","embeddable":true,"href":"https:\/\/www.ilheusnoticias.net.br\/v1\/wp-json\/wp\/v2\/categories?post=31236"},{"taxonomy":"post_tag","embeddable":true,"href":"https:\/\/www.ilheusnoticias.net.br\/v1\/wp-json\/wp\/v2\/tags?post=31236"}],"curies":[{"name":"wp","href":"https:\/\/api.w.org\/{rel}","templated":true}]}}