{"id":31232,"date":"2023-03-10T12:49:59","date_gmt":"2023-03-10T15:49:59","guid":{"rendered":"https:\/\/www.ilheusnoticias.net.br\/v1\/?p=31232"},"modified":"2023-03-10T12:49:59","modified_gmt":"2023-03-10T15:49:59","slug":"dia-da-mulher-na-faculdade-de-ilheus-teve-acao-de-estetica-e-cosmetica","status":"publish","type":"post","link":"https:\/\/www.ilheusnoticias.net.br\/v1\/2023\/03\/10\/dia-da-mulher-na-faculdade-de-ilheus-teve-acao-de-estetica-e-cosmetica\/","title":{"rendered":"Dia da Mulher na Faculdade de Ilh\u00e9us teve a\u00e7\u00e3o de Est\u00e9tica e Cosm\u00e9tica"},"content":{"rendered":"<p><img loading=\"lazy\" class=\"alignnone size-full wp-image-31233\" src=\"https:\/\/www.ilheusnoticias.net.br\/v1\/wp-content\/uploads\/2023\/03\/Professores-e-estudantes-do-curso-de-Estetica-e-Cosmetica.jpg\" alt=\"\" width=\"600\" height=\"450\" srcset=\"https:\/\/www.ilheusnoticias.net.br\/v1\/wp-content\/uploads\/2023\/03\/Professores-e-estudantes-do-curso-de-Estetica-e-Cosmetica.jpg 600w, https:\/\/www.ilheusnoticias.net.br\/v1\/wp-content\/uploads\/2023\/03\/Professores-e-estudantes-do-curso-de-Estetica-e-Cosmetica-300x225.jpg 300w\" sizes=\"(max-width: 600px) 100vw, 600px\" \/><\/p>\n<p>Professores e estudantes do Curso de Est\u00e9tica<\/p>\n<p>O Dia Internacional da Mulher, 8 de mar\u00e7o, contou com um evento promovido pelo colegiado do curso de Est\u00e9tica e Cosm\u00e9tica da Faculdade de Ilh\u00e9us com dicas e atividades de bem-estar e sa\u00fade. A a\u00e7\u00e3o realizada na \u00e1rea de conviv\u00eancia da institui\u00e7\u00e3o proporcionou servi\u00e7os de massagem, auriculoterapia e colorimetria. Mais de 70 pessoas foram atendidas, das 18h30min \u00e0s 20 horas, por estudantes de Est\u00e9tica e Cosm\u00e9tica, sob orienta\u00e7\u00e3o das professoras Mariana Moreira e La\u00eds Carvalho.<\/p>\n<p>Durante as atividades, foram oferecidos \u00e0s participantes: such\u00e1 de frutas, ch\u00e1 de or\u00e9gano (para dores e c\u00f3licas) e \u00e1gua saborizada. Segundo a professora Natally Torres, coordenadora do curso de Est\u00e9tica e Cosm\u00e9tica, \u201ca inten\u00e7\u00e3o deste ano com o evento foi mostrar que a est\u00e9tica pode oferecer diversos servi\u00e7os que, al\u00e9m da beleza, ajudam no al\u00edvio do estresse e dores.<\/p>\n<p><img loading=\"lazy\" class=\"alignnone size-full wp-image-31234\" src=\"https:\/\/www.ilheusnoticias.net.br\/v1\/wp-content\/uploads\/2023\/03\/Cha-agua-saborizada-e-sucha.jpg\" alt=\"\" width=\"600\" height=\"800\" srcset=\"https:\/\/www.ilheusnoticias.net.br\/v1\/wp-content\/uploads\/2023\/03\/Cha-agua-saborizada-e-sucha.jpg 600w, https:\/\/www.ilheusnoticias.net.br\/v1\/wp-content\/uploads\/2023\/03\/Cha-agua-saborizada-e-sucha-225x300.jpg 225w\" sizes=\"(max-width: 600px) 100vw, 600px\" \/><\/p>\n<p>A professora explica que a est\u00e9tica hoje \u00e9 um dos segmentos da atividade econ\u00f4mica que mais cresce no Brasil e no mundo. \u201cEla que sofreu uma alta enorme durante a pandemia, porque as pessoas buscaram alternativas para ganhar dinheiro justamente numa \u00e1rea que se refere \u00e0 autoestima, ou seja, as pessoas n\u00e3o deixaram de se cuidar mesmo em situa\u00e7\u00e3o de isolamento social\u201d, acrescenta.<\/p>\n<p>Ela observa que a est\u00e9tica envolve diversas \u00e1reas &#8211; facial, corporal, capilar e mente \u2013 e acaba envolvendo aspectos da beleza externa e\u00a0 interna do indiv\u00edduo. \u201cMexemos com o psicol\u00f3gico e o emocional do paciente para que possamos elevar cada vez mais a sua autoestima, e isso pode contribuir para o ingresso da mulher no mercado de trabalho\u201d, afirma Natally Torres.<\/p>\n<p>Cr\u00e9dito fotogr\u00e1fico: Victor Rezende<\/p>\n","protected":false},"excerpt":{"rendered":"<p>Professores e estudantes do Curso de Est\u00e9tica O Dia Internacional da Mulher, 8 de mar\u00e7o, contou com um evento promovido pelo colegiado do curso de Est\u00e9tica e Cosm\u00e9tica da Faculdade de Ilh\u00e9us com dicas e atividades de bem-estar e sa\u00fade. A a\u00e7\u00e3o realizada na \u00e1rea de conviv\u00eancia da institui\u00e7\u00e3o proporcionou servi\u00e7os de massagem, auriculoterapia e [&hellip;]<\/p>\n","protected":false},"author":2,"featured_media":0,"comment_status":"open","ping_status":"open","sticky":false,"template":"","format":"standard","meta":{"_links_to":"","_links_to_target":""},"categories":[7,9,8,1],"tags":[],"_links":{"self":[{"href":"https:\/\/www.ilheusnoticias.net.br\/v1\/wp-json\/wp\/v2\/posts\/31232"}],"collection":[{"href":"https:\/\/www.ilheusnoticias.net.br\/v1\/wp-json\/wp\/v2\/posts"}],"about":[{"href":"https:\/\/www.ilheusnoticias.net.br\/v1\/wp-json\/wp\/v2\/types\/post"}],"author":[{"embeddable":true,"href":"https:\/\/www.ilheusnoticias.net.br\/v1\/wp-json\/wp\/v2\/users\/2"}],"replies":[{"embeddable":true,"href":"https:\/\/www.ilheusnoticias.net.br\/v1\/wp-json\/wp\/v2\/comments?post=31232"}],"version-history":[{"count":1,"href":"https:\/\/www.ilheusnoticias.net.br\/v1\/wp-json\/wp\/v2\/posts\/31232\/revisions"}],"predecessor-version":[{"id":31235,"href":"https:\/\/www.ilheusnoticias.net.br\/v1\/wp-json\/wp\/v2\/posts\/31232\/revisions\/31235"}],"wp:attachment":[{"href":"https:\/\/www.ilheusnoticias.net.br\/v1\/wp-json\/wp\/v2\/media?parent=31232"}],"wp:term":[{"taxonomy":"category","embeddable":true,"href":"https:\/\/www.ilheusnoticias.net.br\/v1\/wp-json\/wp\/v2\/categories?post=31232"},{"taxonomy":"post_tag","embeddable":true,"href":"https:\/\/www.ilheusnoticias.net.br\/v1\/wp-json\/wp\/v2\/tags?post=31232"}],"curies":[{"name":"wp","href":"https:\/\/api.w.org\/{rel}","templated":true}]}}