{"id":31230,"date":"2023-03-10T12:45:25","date_gmt":"2023-03-10T15:45:25","guid":{"rendered":"https:\/\/www.ilheusnoticias.net.br\/v1\/?p=31230"},"modified":"2023-03-10T12:45:25","modified_gmt":"2023-03-10T15:45:25","slug":"prefeito-mario-alexandre-entrega-reforma-e-modernizacao-da-praca-castro-alves","status":"publish","type":"post","link":"https:\/\/www.ilheusnoticias.net.br\/v1\/2023\/03\/10\/prefeito-mario-alexandre-entrega-reforma-e-modernizacao-da-praca-castro-alves\/","title":{"rendered":"Prefeito M\u00e1rio Alexandre entrega reforma e moderniza\u00e7\u00e3o da Pra\u00e7a Castro Alves"},"content":{"rendered":"<div class=\"imagem thumbnail col-xs-12 col-sm-8 col-md-6 col-lg-6 imagem-materia\"><a class=\"fresco\" title=\"\" href=\"https:\/\/portalfacilarquivos.blob.core.windows.net\/uploads\/ILHEUS\/imgOrig\/%7B5CAD4AE1-DBDE-7EDA-BA03-DAA3B6B2B4CE%7D.jpg\" data-fresco-caption=\"\"><img loading=\"lazy\" title=\"\" src=\"https:\/\/portalfacilarquivos.blob.core.windows.net\/uploads\/ILHEUS\/img\/%7B5CAD4AE1-DBDE-7EDA-BA03-DAA3B6B2B4CE%7D\/%7B5CAD4AE1-DBDE-7EDA-BA03-DAA3B6B2B4CE%7D_650X450.jpg\" alt=\"pra\u00e7a castro alves\" width=\"650\" height=\"450\" \/><\/a><\/p>\n<p class=\"bg-primary\">Sistema de monitoramento 24 horas, ilumina\u00e7\u00e3o de LED e um espa\u00e7o totalmente requalificado. A Pra\u00e7a Castro Alves ganhou uma nova roupagem para garantir acolhimento digno aos turistas e \u00e0 popula\u00e7\u00e3o local. Ao lado do bispo da Diocese de Ilh\u00e9us, Dom Giovanni Crippa, comerciantes, empres\u00e1rios, autoridades pol\u00edticas, imprensa e comunidade geral, o prefeito M\u00e1rio Alexandre e o vice-prefeito Bebeto Galv\u00e3o entregaram o equipamento de lazer, na tarde da \u00faltima quinta-feira (9).<\/p>\n<\/div>\n<p>A moderniza\u00e7\u00e3o faz parte do programa \u2018Adote uma Pra\u00e7a\u2019, que contou com a parceria da MR Com\u00e9rcio de Alimentos. A obra compreende constru\u00e7\u00e3o de quiosques, instala\u00e7\u00e3o de bancos, piso elevado de concreto e intertravado, rampa de acessibilidade, banheiro p\u00fablico masculino e feminino, pergolados, parque infantil, grama sint\u00e9tica, entre outras melhorias.<\/p>\n<p>O programa fortalece a parceria com a iniciativa privada, cujo foco \u00e9 a revitaliza\u00e7\u00e3o de espa\u00e7os p\u00fablicos da cidade.<\/p>\n<p>&nbsp;<\/p>\n<div class=\"imagem thumbnail col-xs-12 col-sm-8 col-md-6 col-lg-6 imagem-materia\"><a class=\"fresco\" title=\"\" href=\"https:\/\/portalfacilarquivos.blob.core.windows.net\/uploads\/ILHEUS\/imgOrig\/%7B83CCEDEC-CC2E-DEEB-CCBB-BBCCE56C8C44%7D.jpg\" data-fresco-caption=\"\"><img loading=\"lazy\" title=\"\" src=\"https:\/\/portalfacilarquivos.blob.core.windows.net\/uploads\/ILHEUS\/img\/%7B83CCEDEC-CC2E-DEEB-CCBB-BBCCE56C8C44%7D\/%7B83CCEDEC-CC2E-DEEB-CCBB-BBCCE56C8C44%7D_650X450.jpg\" alt=\"pra\u00e7a castro alves\" width=\"650\" height=\"450\" \/><\/a><\/p>\n<p class=\"bg-primary\">\u201cCada vez que recuperamos um equipamento sinto alegria e mais vontade de trabalhar. Agrade\u00e7o \u00e0 nossa equipe e \u00e0 C\u00e2mara de Vereadores, por compreender que o nosso recado \u00e9 reordenar a cidade de Ilh\u00e9us. Hoje os empres\u00e1rios acreditam no governo, porque veem mudan\u00e7as significativas acontecendo e ajudam o munic\u00edpio a continuar nesse caminho de desenvolvimento. Pe\u00e7o a Deus que me d\u00ea for\u00e7a, sa\u00fade e sabedoria para construir di\u00e1logo e lutar pelo meu povo\u201d, destacou M\u00e1rio Alexandre.<\/p>\n<\/div>\n<p>Presidente da Associa\u00e7\u00e3o dos Comerciantes da Pra\u00e7a Castro Alves desde 2013, Magela Rossi ressaltou que a moderniza\u00e7\u00e3o do espa\u00e7o representa um novo ciclo para todos os comerciantes do local. \u201cTomamos chuva durante d\u00e9cadas, mas hoje a nossa realidade \u00e9 outra. Agrade\u00e7o ao prefeito Mar\u00e3o e ao amigo Camilo por tudo que fizeram por n\u00f3s. Tantos prefeitos passaram, mas n\u00e3o conseguiram fazer metade do que Mar\u00e3o fez\u201d.<\/p>\n<p>Conforme a Secretaria de Ordem P\u00fablica, a Pra\u00e7a Castro Alves \u00e9 pioneira no sistema de monitoramento integrado 24 horas, realizado pela Guarda Civil Municipal e Pol\u00edcia Militar da Bahia. A instala\u00e7\u00e3o de c\u00e2meras visa garantir a seguran\u00e7a do local e \u00e1reas adjacentes, bem como zelar pelo patrim\u00f4nio p\u00fablico na regi\u00e3o central.<\/p>\n<p>Bebeto acrescentou que o projeto \u00e9 resultado do trabalho de todos aqueles que acreditam na vontade pol\u00edtica de crescimento socioecon\u00f4mico da cidade. \u201cO estreitamento do di\u00e1logo entre o poder p\u00fablico e a iniciativa privada \u00e9 fundamental para assegurar a execu\u00e7\u00e3o de projetos de resgate da cultura e dos ambientes de conviv\u00eancia comunit\u00e1ria\u201d.<\/p>\n<p>A Pra\u00e7a Castro Alves ficou popularmente conhecida como Pracinha da Irene, saudosa baiana de acaraj\u00e9s e abar\u00e1s. O servi\u00e7o soma-se ainda \u00e0 revitaliza\u00e7\u00e3o da Pra\u00e7a Pedro Mattos, em frente ao Teatro Municipal, adotada pela Unimed de Ilh\u00e9us.<\/p>\n<p>&nbsp;<\/p>\n<div class=\"imagem thumbnail col-xs-12 col-sm-8 col-md-6 col-lg-6 imagem-materia\"><a class=\"fresco\" title=\"\" href=\"https:\/\/portalfacilarquivos.blob.core.windows.net\/uploads\/ILHEUS\/imgOrig\/%7B11C31E1E-EBB3-64AB-53DB-A5B1636CCC26%7D.jpg\" data-fresco-caption=\"\"><img loading=\"lazy\" title=\"\" src=\"https:\/\/portalfacilarquivos.blob.core.windows.net\/uploads\/ILHEUS\/img\/%7B11C31E1E-EBB3-64AB-53DB-A5B1636CCC26%7D\/%7B11C31E1E-EBB3-64AB-53DB-A5B1636CCC26%7D_650X450.jpg\" alt=\"pra\u00e7a castro alves\" width=\"650\" height=\"450\" \/><\/a><\/p>\n<p class=\"bg-primary\"><strong>Fala povo &#8211;<\/strong>\u00a0\u201cA realidade superou a expectativa. A pra\u00e7a realmente est\u00e1 muito bonita\u201d, comentou a economista L\u00edgia Moreira. \u201cO local ficou maravilhoso. Ilh\u00e9us estava precisando de uma pra\u00e7a como essa. Agradecemos muito \u00e0 Prefeitura e ao amigo Camilo pelo bel\u00edssimo trabalho que foi feito aqui\u201d, avaliou a comerciante In\u00eas de Santana.<\/p>\n<\/div>\n<p>Na ocasi\u00e3o, o p\u00fablico curtiu uma boa m\u00fasica, com apresenta\u00e7\u00e3o de Itassucy, S\u00e9rgio Nogueira e Amigos e Paulinho Xox\u00f4. Os shows integraram a retomada do projeto cultural \u2018Cantando para Jorge &#8211; M\u00fasica na Pra\u00e7a\u2019, exibido \u00e0s quintas-feiras, a partir das 18h.<\/p>\n","protected":false},"excerpt":{"rendered":"<p>Sistema de monitoramento 24 horas, ilumina\u00e7\u00e3o de LED e um espa\u00e7o totalmente requalificado. A Pra\u00e7a Castro Alves ganhou uma nova roupagem para garantir acolhimento digno aos turistas e \u00e0 popula\u00e7\u00e3o local. Ao lado do bispo da Diocese de Ilh\u00e9us, Dom Giovanni Crippa, comerciantes, empres\u00e1rios, autoridades pol\u00edticas, imprensa e comunidade geral, o prefeito M\u00e1rio Alexandre e [&hellip;]<\/p>\n","protected":false},"author":2,"featured_media":0,"comment_status":"open","ping_status":"open","sticky":false,"template":"","format":"standard","meta":{"_links_to":"","_links_to_target":""},"categories":[7,9,8,1],"tags":[],"_links":{"self":[{"href":"https:\/\/www.ilheusnoticias.net.br\/v1\/wp-json\/wp\/v2\/posts\/31230"}],"collection":[{"href":"https:\/\/www.ilheusnoticias.net.br\/v1\/wp-json\/wp\/v2\/posts"}],"about":[{"href":"https:\/\/www.ilheusnoticias.net.br\/v1\/wp-json\/wp\/v2\/types\/post"}],"author":[{"embeddable":true,"href":"https:\/\/www.ilheusnoticias.net.br\/v1\/wp-json\/wp\/v2\/users\/2"}],"replies":[{"embeddable":true,"href":"https:\/\/www.ilheusnoticias.net.br\/v1\/wp-json\/wp\/v2\/comments?post=31230"}],"version-history":[{"count":1,"href":"https:\/\/www.ilheusnoticias.net.br\/v1\/wp-json\/wp\/v2\/posts\/31230\/revisions"}],"predecessor-version":[{"id":31231,"href":"https:\/\/www.ilheusnoticias.net.br\/v1\/wp-json\/wp\/v2\/posts\/31230\/revisions\/31231"}],"wp:attachment":[{"href":"https:\/\/www.ilheusnoticias.net.br\/v1\/wp-json\/wp\/v2\/media?parent=31230"}],"wp:term":[{"taxonomy":"category","embeddable":true,"href":"https:\/\/www.ilheusnoticias.net.br\/v1\/wp-json\/wp\/v2\/categories?post=31230"},{"taxonomy":"post_tag","embeddable":true,"href":"https:\/\/www.ilheusnoticias.net.br\/v1\/wp-json\/wp\/v2\/tags?post=31230"}],"curies":[{"name":"wp","href":"https:\/\/api.w.org\/{rel}","templated":true}]}}