{"id":31228,"date":"2023-03-10T12:43:27","date_gmt":"2023-03-10T15:43:27","guid":{"rendered":"https:\/\/www.ilheusnoticias.net.br\/v1\/?p=31228"},"modified":"2023-03-10T12:43:27","modified_gmt":"2023-03-10T15:43:27","slug":"ilheus-divulga-resultado-preliminar-da-selecao-para-contratacao-temporaria-de-professores","status":"publish","type":"post","link":"https:\/\/www.ilheusnoticias.net.br\/v1\/2023\/03\/10\/ilheus-divulga-resultado-preliminar-da-selecao-para-contratacao-temporaria-de-professores\/","title":{"rendered":"Ilh\u00e9us divulga resultado preliminar da sele\u00e7\u00e3o para contrata\u00e7\u00e3o tempor\u00e1ria de professores"},"content":{"rendered":"<div class=\"imagem thumbnail col-xs-12 col-sm-8 col-md-6 col-lg-6 imagem-materia\"><a class=\"fresco\" title=\"\" href=\"https:\/\/portalfacilarquivos.blob.core.windows.net\/uploads\/ILHEUS\/imgOrig\/%7BCDACA055-41A8-51C3-7CD3-15D1A2AA23BE%7D.jpg\" data-fresco-caption=\"\"><img loading=\"lazy\" title=\"\" src=\"https:\/\/portalfacilarquivos.blob.core.windows.net\/uploads\/ILHEUS\/img\/%7BCDACA055-41A8-51C3-7CD3-15D1A2AA23BE%7D\/%7BCDACA055-41A8-51C3-7CD3-15D1A2AA23BE%7D_650X450.jpg\" alt=\"Matr\u00edculas de Escolas Municipais. Foto - Rodrigo Macedo\" width=\"650\" height=\"450\" \/><\/a><\/p>\n<p class=\"bg-primary\">A Secretaria da Educa\u00e7\u00e3o (Seduc) publicou na noite da \u00faltima quinta-feira (9) o resultado preliminar do processo seletivo para contrata\u00e7\u00e3o tempor\u00e1ria de professores e profissionais n\u00e3o docentes. O candidato poder\u00e1 recorrer dos resultados referentes \u00e0 classifica\u00e7\u00e3o dos documentos comprobat\u00f3rios, no prazo de dois dias, contados da publica\u00e7\u00e3o do resultado preliminar.<\/p>\n<\/div>\n<p><strong><a href=\"https:\/\/docs.google.com\/forms\/d\/e\/1FAIpQLSf0O68A6fwksutdWm8xjvVLGE2altyoXitNi42aBceCvb_3Dw\/viewform\" target=\"_blank\" rel=\"noopener\">Clique aqui para acessar o recurso.<\/a><\/strong><\/p>\n<p>No total, ser\u00e3o preenchidas 365 vagas para as \u00e1reas educacionais, entre docentes e n\u00e3o docentes. A Seduc visa promover a assist\u00eancia e intera\u00e7\u00e3o necess\u00e1rias para manter a qualidade do processo de aprendizagem. Os contratados atuar\u00e3o nas 53 escolas da rede municipal de ensino,\u00a0dando suporte \u00e0s atividades pedag\u00f3gicas.<\/p>\n<p><strong><a href=\"https:\/\/www.ilheus.ba.gov.br\/abrir_arquivo.aspx\/Resultado_Preliminar_Selecao_Contrato_Temporario_2023?cdLocal=2&amp;arquivo={BE0B3BD4-DB01-A3C7-C2C3-8334AA53ACEA}.pdf\" target=\"_blank\" rel=\"noopener\">Clique aqui e confira o resultado preliminar do processo simplificado.<\/a><\/strong><\/p>\n","protected":false},"excerpt":{"rendered":"<p>A Secretaria da Educa\u00e7\u00e3o (Seduc) publicou na noite da \u00faltima quinta-feira (9) o resultado preliminar do processo seletivo para contrata\u00e7\u00e3o tempor\u00e1ria de professores e profissionais n\u00e3o docentes. O candidato poder\u00e1 recorrer dos resultados referentes \u00e0 classifica\u00e7\u00e3o dos documentos comprobat\u00f3rios, no prazo de dois dias, contados da publica\u00e7\u00e3o do resultado preliminar. Clique aqui para acessar o [&hellip;]<\/p>\n","protected":false},"author":2,"featured_media":0,"comment_status":"open","ping_status":"open","sticky":false,"template":"","format":"standard","meta":{"_links_to":"","_links_to_target":""},"categories":[7,9,8,1],"tags":[],"_links":{"self":[{"href":"https:\/\/www.ilheusnoticias.net.br\/v1\/wp-json\/wp\/v2\/posts\/31228"}],"collection":[{"href":"https:\/\/www.ilheusnoticias.net.br\/v1\/wp-json\/wp\/v2\/posts"}],"about":[{"href":"https:\/\/www.ilheusnoticias.net.br\/v1\/wp-json\/wp\/v2\/types\/post"}],"author":[{"embeddable":true,"href":"https:\/\/www.ilheusnoticias.net.br\/v1\/wp-json\/wp\/v2\/users\/2"}],"replies":[{"embeddable":true,"href":"https:\/\/www.ilheusnoticias.net.br\/v1\/wp-json\/wp\/v2\/comments?post=31228"}],"version-history":[{"count":1,"href":"https:\/\/www.ilheusnoticias.net.br\/v1\/wp-json\/wp\/v2\/posts\/31228\/revisions"}],"predecessor-version":[{"id":31229,"href":"https:\/\/www.ilheusnoticias.net.br\/v1\/wp-json\/wp\/v2\/posts\/31228\/revisions\/31229"}],"wp:attachment":[{"href":"https:\/\/www.ilheusnoticias.net.br\/v1\/wp-json\/wp\/v2\/media?parent=31228"}],"wp:term":[{"taxonomy":"category","embeddable":true,"href":"https:\/\/www.ilheusnoticias.net.br\/v1\/wp-json\/wp\/v2\/categories?post=31228"},{"taxonomy":"post_tag","embeddable":true,"href":"https:\/\/www.ilheusnoticias.net.br\/v1\/wp-json\/wp\/v2\/tags?post=31228"}],"curies":[{"name":"wp","href":"https:\/\/api.w.org\/{rel}","templated":true}]}}