{"id":31226,"date":"2023-03-10T12:41:10","date_gmt":"2023-03-10T15:41:10","guid":{"rendered":"https:\/\/www.ilheusnoticias.net.br\/v1\/?p=31226"},"modified":"2023-03-10T12:41:10","modified_gmt":"2023-03-10T15:41:10","slug":"prefeitura-de-ilheus-comemora-mes-da-mulher-com-diversas-atividades-no-municipio","status":"publish","type":"post","link":"https:\/\/www.ilheusnoticias.net.br\/v1\/2023\/03\/10\/prefeitura-de-ilheus-comemora-mes-da-mulher-com-diversas-atividades-no-municipio\/","title":{"rendered":"Prefeitura de Ilh\u00e9us comemora m\u00eas da Mulher com diversas atividades no munic\u00edpio"},"content":{"rendered":"<p class=\"ds_chamada\"><a class=\"fresco\" title=\"\" href=\"https:\/\/portalfacilarquivos.blob.core.windows.net\/uploads\/ILHEUS\/imgOrig\/%7B245ACAAD-46B2-5EBB-C5E7-AE32EAEB32CD%7D.jpeg\" data-fresco-caption=\"\"><img loading=\"lazy\" title=\"\" src=\"https:\/\/portalfacilarquivos.blob.core.windows.net\/uploads\/ILHEUS\/img\/%7B245ACAAD-46B2-5EBB-C5E7-AE32EAEB32CD%7D\/%7B245ACAAD-46B2-5EBB-C5E7-AE32EAEB32CD%7D_650X450.jpeg\" alt=\"sps\" width=\"650\" height=\"450\" \/><\/a><\/p>\n<div class=\"imagem thumbnail col-xs-12 col-sm-8 col-md-6 col-lg-6 imagem-materia\">\n<p class=\"bg-primary\">Em comemora\u00e7\u00e3o ao Dia Internacional das Mulheres, celebrado na \u00faltima quarta-feira (8), a Prefeitura de Ilh\u00e9us est\u00e1 realizando diversas atividades nas seis unidades do Centro de Refer\u00eancia de Assist\u00eancia Social (<dfn id=\"dfn_materia_1_0\" title=\"\" data-trigger=\"hover\" data-toggle=\"popover\" data-placement=\"left\" data-content=\"Centro de Refer\u00eancia da Assist\u00eancia Social\" data-original-title=\"\">CRAS<\/dfn>) Norte, Sul, Vilela, Oliven\u00e7a, Salobrinho e Banco da Vit\u00f3ria. As a\u00e7\u00f5es s\u00e3o realizadas por meio da Secretaria Promo\u00e7\u00e3o Social de Combate \u00e0 Pobreza (SPS).<\/p>\n<\/div>\n<p>&#8220;Pensamos em fazer as atividades para as mulheres durante todo o m\u00eas de mar\u00e7o. \u00a0A ideia \u00e9 promover rodas de conversa, oficinas e atividades do SCFV e grupo PAIF, valorizando as mulheres durante todo esse m\u00eas&#8221;, ressaltou Rubenilton Silva, titular da SPS.<\/p>\n<div class=\"imagem thumbnail col-xs-12 col-sm-8 col-md-6 col-lg-6 imagem-materia\"><a class=\"fresco\" title=\"\" href=\"https:\/\/portalfacilarquivos.blob.core.windows.net\/uploads\/ILHEUS\/imgOrig\/%7BB5CA543B-CECE-3AEC-BAAD-20B48BD780A7%7D.jpeg\" data-fresco-caption=\"\"><img loading=\"lazy\" src=\"https:\/\/portalfacilarquivos.blob.core.windows.net\/uploads\/ILHEUS\/img\/%7BB5CA543B-CECE-3AEC-BAAD-20B48BD780A7%7D\/%7BB5CA543B-CECE-3AEC-BAAD-20B48BD780A7%7D_450X650.jpeg\" alt=\"sps\" width=\"450\" height=\"650\" \/><\/a>A programa\u00e7\u00e3o foi iniciada pelo <dfn id=\"dfn_materia_1_1\" title=\"\" data-trigger=\"hover\" data-toggle=\"popover\" data-placement=\"left\" data-content=\"Centro de Refer\u00eancia da Assist\u00eancia Social\" data-original-title=\"\">CRAS<\/dfn>\u00a0Oliven\u00e7a, com um caf\u00e9 da manh\u00e3 e roda de conversa para os grupos de idosas e intergeracionais do Servi\u00e7o de Conviv\u00eancia e Fortalecimento de V\u00ednculos (SCFV) dos n\u00facleos Oliven\u00e7a e Acu\u00edpe do Meio. A atividade aconteceu no Balne\u00e1rio Tororomba e contou com m\u00fasica ao vivo ao som do cantor Jean Valete.<\/p>\n<\/div>\n<p>No\u00a0<dfn id=\"dfn_materia_1_2\" title=\"\" data-trigger=\"hover\" data-toggle=\"popover\" data-placement=\"left\" data-content=\"Centro de Refer\u00eancia da Assist\u00eancia Social\" data-original-title=\"\">CRAS<\/dfn>\u00a0Vilela, as mulheres participaram de uma roda de conversa, sob o tema &#8220;Os direitos conquistados pelas mulheres&#8221;, coordenada pela equipe t\u00e9cnica. J\u00e1 nesta quinta-feira (9), a programa\u00e7\u00e3o foi realizada no\u00a0<dfn id=\"dfn_materia_1_3\" title=\"\" data-trigger=\"hover\" data-toggle=\"popover\" data-placement=\"left\" data-content=\"Centro de Refer\u00eancia da Assist\u00eancia Social\" data-original-title=\"\">CRAS<\/dfn>\u00a0Norte com um caf\u00e9 da manh\u00e3 e atividades com o professor Jujuba.<\/p>\n<div class=\"imagem thumbnail col-xs-12 col-sm-8 col-md-6 col-lg-6 imagem-materia\"><a class=\"fresco\" title=\"\" href=\"https:\/\/portalfacilarquivos.blob.core.windows.net\/uploads\/ILHEUS\/imgOrig\/%7B6588ACE1-5AAE-2AAB-ECDD-D0E4C476E5CB%7D.jpeg\" data-fresco-caption=\"\"><img loading=\"lazy\" src=\"https:\/\/portalfacilarquivos.blob.core.windows.net\/uploads\/ILHEUS\/img\/%7B6588ACE1-5AAE-2AAB-ECDD-D0E4C476E5CB%7D\/%7B6588ACE1-5AAE-2AAB-ECDD-D0E4C476E5CB%7D_450X650.jpeg\" alt=\"sps\" width=\"450\" height=\"650\" \/><\/a>No <dfn id=\"dfn_materia_1_4\" title=\"\" data-trigger=\"hover\" data-toggle=\"popover\" data-placement=\"left\" data-content=\"Centro de Refer\u00eancia da Assist\u00eancia Social\" data-original-title=\"\">CRAS<\/dfn>\u00a0Salobrinho foi realizada a apresenta\u00e7\u00e3o das crian\u00e7as do SCFV, com recita\u00e7\u00e3o do poema \u201cA Alma da Mulher\u201d. Equipes do Centro de Refer\u00eancia \u00e0 Mulher (CRAM), em parceria com a Universidade Estadual de Santa Cruz (UESC), atrav\u00e9s do curso de Enfermagem, ofertaram aferi\u00e7\u00e3o de press\u00e3o e teste de glicemia, al\u00e9m de entrega de brindes da empresa AVATIM.<\/p>\n<\/div>\n<p>&nbsp;<\/p>\n<div class=\"imagem thumbnail col-xs-12 col-sm-8 col-md-6 col-lg-6 imagem-materia\"><a class=\"fresco\" title=\"\" href=\"https:\/\/portalfacilarquivos.blob.core.windows.net\/uploads\/ILHEUS\/imgOrig\/%7B5CEE1D3C-0ABA-E2CB-B0C4-BEEEA32BEB73%7D.jpeg\" data-fresco-caption=\"\"><img loading=\"lazy\" title=\"\" src=\"https:\/\/portalfacilarquivos.blob.core.windows.net\/uploads\/ILHEUS\/img\/%7B5CEE1D3C-0ABA-E2CB-B0C4-BEEEA32BEB73%7D\/%7B5CEE1D3C-0ABA-E2CB-B0C4-BEEEA32BEB73%7D_650X450.jpeg\" alt=\"sps\" width=\"650\" height=\"450\" \/><\/a><\/p>\n<p class=\"bg-primary\">Foi realizada nas unidades do <dfn id=\"dfn_materia_1_5\" title=\"\" data-trigger=\"hover\" data-toggle=\"popover\" data-placement=\"left\" data-content=\"Centro de Refer\u00eancia da Assist\u00eancia Social\" data-original-title=\"\">CRAS<\/dfn>\u00a0Vilela, Norte e Salobrinho, a oficina &#8220;Moda e Estilo&#8221;, ministrada por Let\u00edcia Jesus, formada em Design de Moda, pela Faculdade Independente do Norte e especialista em Consultoria de Imagem e Estilo. A profissional ensinou como se vestir bem gastando pouco, como descobrir seu estilo, combinar cores e o impacto da imagem na constru\u00e7\u00e3o da autoestima.<\/p>\n<\/div>\n<p>Na pr\u00f3xima semana, as atividades em comemora\u00e7\u00e3o ao m\u00eas da Mulher ser\u00e3o realizadas no\u00a0<dfn id=\"dfn_materia_1_6\" title=\"\" data-trigger=\"hover\" data-toggle=\"popover\" data-placement=\"left\" data-content=\"Centro de Refer\u00eancia da Assist\u00eancia Social\" data-original-title=\"\">CRAS<\/dfn>\u00a0Banco da Vit\u00f3ria e no\u00a0<dfn id=\"dfn_materia_1_7\" title=\"\" data-trigger=\"hover\" data-toggle=\"popover\" data-placement=\"left\" data-content=\"Centro de Refer\u00eancia da Assist\u00eancia Social\" data-original-title=\"\">CRAS<\/dfn>\u00a0Sul. O encerramento das atividades ser\u00e1 realizado no dia 30 de mar\u00e7o, na Pousada Costa do Cacau, sob a coordena\u00e7\u00e3o do\u00a0<dfn id=\"dfn_materia_1_8\" title=\"\" data-trigger=\"hover\" data-toggle=\"popover\" data-placement=\"left\" data-content=\"Centro de Refer\u00eancia da Assist\u00eancia Social\" data-original-title=\"\">CRAS<\/dfn>\u00a0Sul.<\/p>\n","protected":false},"excerpt":{"rendered":"<p>Em comemora\u00e7\u00e3o ao Dia Internacional das Mulheres, celebrado na \u00faltima quarta-feira (8), a Prefeitura de Ilh\u00e9us est\u00e1 realizando diversas atividades nas seis unidades do Centro de Refer\u00eancia de Assist\u00eancia Social (CRAS) Norte, Sul, Vilela, Oliven\u00e7a, Salobrinho e Banco da Vit\u00f3ria. As a\u00e7\u00f5es s\u00e3o realizadas por meio da Secretaria Promo\u00e7\u00e3o Social de Combate \u00e0 Pobreza (SPS). [&hellip;]<\/p>\n","protected":false},"author":2,"featured_media":0,"comment_status":"open","ping_status":"open","sticky":false,"template":"","format":"standard","meta":{"_links_to":"","_links_to_target":""},"categories":[7,9,8,1],"tags":[],"_links":{"self":[{"href":"https:\/\/www.ilheusnoticias.net.br\/v1\/wp-json\/wp\/v2\/posts\/31226"}],"collection":[{"href":"https:\/\/www.ilheusnoticias.net.br\/v1\/wp-json\/wp\/v2\/posts"}],"about":[{"href":"https:\/\/www.ilheusnoticias.net.br\/v1\/wp-json\/wp\/v2\/types\/post"}],"author":[{"embeddable":true,"href":"https:\/\/www.ilheusnoticias.net.br\/v1\/wp-json\/wp\/v2\/users\/2"}],"replies":[{"embeddable":true,"href":"https:\/\/www.ilheusnoticias.net.br\/v1\/wp-json\/wp\/v2\/comments?post=31226"}],"version-history":[{"count":1,"href":"https:\/\/www.ilheusnoticias.net.br\/v1\/wp-json\/wp\/v2\/posts\/31226\/revisions"}],"predecessor-version":[{"id":31227,"href":"https:\/\/www.ilheusnoticias.net.br\/v1\/wp-json\/wp\/v2\/posts\/31226\/revisions\/31227"}],"wp:attachment":[{"href":"https:\/\/www.ilheusnoticias.net.br\/v1\/wp-json\/wp\/v2\/media?parent=31226"}],"wp:term":[{"taxonomy":"category","embeddable":true,"href":"https:\/\/www.ilheusnoticias.net.br\/v1\/wp-json\/wp\/v2\/categories?post=31226"},{"taxonomy":"post_tag","embeddable":true,"href":"https:\/\/www.ilheusnoticias.net.br\/v1\/wp-json\/wp\/v2\/tags?post=31226"}],"curies":[{"name":"wp","href":"https:\/\/api.w.org\/{rel}","templated":true}]}}