{"id":31220,"date":"2023-03-09T14:19:12","date_gmt":"2023-03-09T17:19:12","guid":{"rendered":"https:\/\/www.ilheusnoticias.net.br\/v1\/?p=31220"},"modified":"2023-03-09T14:19:12","modified_gmt":"2023-03-09T17:19:12","slug":"ilheus-promove-1a-edicao-da-marcha-da-juventude-evangelica-neste-sabado-11-confira-programacao","status":"publish","type":"post","link":"https:\/\/www.ilheusnoticias.net.br\/v1\/2023\/03\/09\/ilheus-promove-1a-edicao-da-marcha-da-juventude-evangelica-neste-sabado-11-confira-programacao\/","title":{"rendered":"Ilh\u00e9us promove 1\u00aa edi\u00e7\u00e3o da Marcha da Juventude Evang\u00e9lica neste s\u00e1bado (11); confira programa\u00e7\u00e3o"},"content":{"rendered":"<div class=\"imagem thumbnail col-xs-12 col-sm-8 col-md-6 col-lg-6 imagem-materia\"><a class=\"fresco\" title=\"\" href=\"https:\/\/portalfacilarquivos.blob.core.windows.net\/uploads\/ILHEUS\/imgOrig\/%7BA6A6C4D7-C44B-1DAD-B7A7-3A1DCCBE481B%7D.png\" data-fresco-caption=\"\"><img loading=\"lazy\" title=\"\" src=\"https:\/\/portalfacilarquivos.blob.core.windows.net\/uploads\/ILHEUS\/img\/%7BA6A6C4D7-C44B-1DAD-B7A7-3A1DCCBE481B%7D\/%7BA6A6C4D7-C44B-1DAD-B7A7-3A1DCCBE481B%7D_650X450.png\" alt=\"marcha da juventude\" width=\"650\" height=\"450\" \/><\/a><\/p>\n<p class=\"bg-primary\">Neste s\u00e1bado (11), Ilh\u00e9us promove a 1\u00aa Marcha da Juventude Evang\u00e9lica, na Pra\u00e7a da Avenida Jos\u00e9 Carolino, no bairro Teot\u00f4nio Vilela. Com apoio da Prefeitura, o evento \u00e9 organizado pela Associa\u00e7\u00e3o Evang\u00e9lica Abala Juventude Bahia. \u00a0A programa\u00e7\u00e3o ter\u00e1 in\u00edcio \u00e0s 15h e inclui uma a\u00e7\u00e3o evangel\u00edstica com panfletagens, ora\u00e7\u00f5es e uma prega\u00e7\u00e3o com o preletor Joabis Marques, al\u00e9m de apresenta\u00e7\u00e3o das bandas Ecos da Adora\u00e7\u00e3o, Karti\u00e7ais do Forr\u00f3 e Nathalia Kellen.<\/p>\n<\/div>\n<p>A a\u00e7\u00e3o vai reunir jovens de diversas igrejas da cidade. Para os organizadores, a expectativa \u00e9 grande no meio evang\u00e9lico, pois a a\u00e7\u00e3o tem a proposta de levar ensinamentos do evangelho de Cristo \u00e0 popula\u00e7\u00e3o, bem como proporcionar um momento de total integra\u00e7\u00e3o.<\/p>\n<p>Os eventos festivos, suspensos desde 2020 por conta das restri\u00e7\u00f5es da pandemia da Covid-19, tornaram-se ainda mais aguardados para os participantes. \u201c<\/p>\n<p>Durante a pandemia, quando muitos profetizaram derrotas e dificuldades, n\u00f3s entendemos desde o primeiro momento que vencer\u00edamos toda a batalha com o poder da ora\u00e7\u00e3o. Sempre iremos apoiar eventos grandiosos como esse, que levam o nome de Jesus Cristo para todos\u201d, frisou o prefeito M\u00e1rio Alexandre.<\/p>\n<p><strong>O qu\u00ea?<\/strong>\u00a01\u00aa Marcha da Juventude Evang\u00e9lica<\/p>\n<p><strong>Quando?<\/strong>\u00a0s\u00e1bado, 11 de mar\u00e7o, \u00e0s 15h<\/p>\n<p><strong>Onde?<\/strong>\u00a0Pra\u00e7a da Avenida Jos\u00e9 Carolino &#8211; Teot\u00f4nio Vilela<\/p>\n","protected":false},"excerpt":{"rendered":"<p>Neste s\u00e1bado (11), Ilh\u00e9us promove a 1\u00aa Marcha da Juventude Evang\u00e9lica, na Pra\u00e7a da Avenida Jos\u00e9 Carolino, no bairro Teot\u00f4nio Vilela. Com apoio da Prefeitura, o evento \u00e9 organizado pela Associa\u00e7\u00e3o Evang\u00e9lica Abala Juventude Bahia. \u00a0A programa\u00e7\u00e3o ter\u00e1 in\u00edcio \u00e0s 15h e inclui uma a\u00e7\u00e3o evangel\u00edstica com panfletagens, ora\u00e7\u00f5es e uma prega\u00e7\u00e3o com o preletor [&hellip;]<\/p>\n","protected":false},"author":2,"featured_media":0,"comment_status":"open","ping_status":"open","sticky":false,"template":"","format":"standard","meta":{"_links_to":"","_links_to_target":""},"categories":[7,9,8,1],"tags":[],"_links":{"self":[{"href":"https:\/\/www.ilheusnoticias.net.br\/v1\/wp-json\/wp\/v2\/posts\/31220"}],"collection":[{"href":"https:\/\/www.ilheusnoticias.net.br\/v1\/wp-json\/wp\/v2\/posts"}],"about":[{"href":"https:\/\/www.ilheusnoticias.net.br\/v1\/wp-json\/wp\/v2\/types\/post"}],"author":[{"embeddable":true,"href":"https:\/\/www.ilheusnoticias.net.br\/v1\/wp-json\/wp\/v2\/users\/2"}],"replies":[{"embeddable":true,"href":"https:\/\/www.ilheusnoticias.net.br\/v1\/wp-json\/wp\/v2\/comments?post=31220"}],"version-history":[{"count":1,"href":"https:\/\/www.ilheusnoticias.net.br\/v1\/wp-json\/wp\/v2\/posts\/31220\/revisions"}],"predecessor-version":[{"id":31221,"href":"https:\/\/www.ilheusnoticias.net.br\/v1\/wp-json\/wp\/v2\/posts\/31220\/revisions\/31221"}],"wp:attachment":[{"href":"https:\/\/www.ilheusnoticias.net.br\/v1\/wp-json\/wp\/v2\/media?parent=31220"}],"wp:term":[{"taxonomy":"category","embeddable":true,"href":"https:\/\/www.ilheusnoticias.net.br\/v1\/wp-json\/wp\/v2\/categories?post=31220"},{"taxonomy":"post_tag","embeddable":true,"href":"https:\/\/www.ilheusnoticias.net.br\/v1\/wp-json\/wp\/v2\/tags?post=31220"}],"curies":[{"name":"wp","href":"https:\/\/api.w.org\/{rel}","templated":true}]}}