{"id":31218,"date":"2023-03-09T14:17:54","date_gmt":"2023-03-09T17:17:54","guid":{"rendered":"https:\/\/www.ilheusnoticias.net.br\/v1\/?p=31218"},"modified":"2023-03-09T14:17:54","modified_gmt":"2023-03-09T17:17:54","slug":"nota-de-pesar-pelo-falecimento-de-jorge-luiz-servidor-federal-e-conselheiro-de-saude-de-ilheus","status":"publish","type":"post","link":"https:\/\/www.ilheusnoticias.net.br\/v1\/2023\/03\/09\/nota-de-pesar-pelo-falecimento-de-jorge-luiz-servidor-federal-e-conselheiro-de-saude-de-ilheus\/","title":{"rendered":"Nota de pesar pelo falecimento de Jorge Luiz, servidor federal e conselheiro de Sa\u00fade de Ilh\u00e9us"},"content":{"rendered":"<div class=\"imagem thumbnail col-xs-12 col-sm-8 col-md-6 col-lg-6 imagem-materia\"><a class=\"fresco\" title=\"\" href=\"https:\/\/portalfacilarquivos.blob.core.windows.net\/uploads\/ILHEUS\/imgOrig\/%7BA1A15ADC-EBE6-E6ED-EB37-2C427AECACE6%7D.jpeg\" data-fresco-caption=\"\"><img loading=\"lazy\" title=\"\" src=\"https:\/\/portalfacilarquivos.blob.core.windows.net\/uploads\/ILHEUS\/img\/%7BA1A15ADC-EBE6-E6ED-EB37-2C427AECACE6%7D\/%7BA1A15ADC-EBE6-E6ED-EB37-2C427AECACE6%7D_650X450.jpeg\" alt=\"nota de pesar\" width=\"650\" height=\"450\" \/><\/a><\/p>\n<p class=\"bg-primary\">O prefeito M\u00e1rio Alexandre e o vice-prefeito Bebeto Galv\u00e3o lamentam o falecimento de Jorge Luiz Santos, aos 59 anos, ocorrido nesta quinta-feira (9). Servidor p\u00fablico federal aposentado e conselheiro de Sa\u00fade de Ilh\u00e9us, ele deixa um grande legado pelo trabalho desenvolvido em defesa do Sistema \u00danico de Sa\u00fade.<\/p>\n<\/div>\n<p>Jorge Luiz presidiu o Conselho Municipal de Sa\u00fade, sendo um dos conselheiros mais antigos e atuantes na cidade. Importante lideran\u00e7a pol\u00edtica, ele foi um dos fundadores do PSOL em Ilh\u00e9us, ocupando a fun\u00e7\u00e3o de presidente do diret\u00f3rio municipal do partido. Nos anos de 2012 e 2016, concorreu \u00e0s elei\u00e7\u00f5es municipais.<\/p>\n<p>Jorge Luiz era formado em Filosofia pela Universidade Estadual de Santa Cruz (UESC), p\u00f3s-graduado em Educa\u00e7\u00e3o e Sa\u00fade tamb\u00e9m pela UESC e em Educa\u00e7\u00e3o Permanente em Sa\u00fade pela Escola Nacional de Sa\u00fade P\u00fablica da FIOCRUZ.<\/p>\n<p>\u201cPrestamos as nossas condol\u00eancias aos familiares e amigos do nosso querido Jorge Luiz. Pe\u00e7o a Deus que na sua infinita miseric\u00f3rdia conforte a todos\u201d, disse M\u00e1rio Alexandre.<\/p>\n<p>Sua trajet\u00f3ria pol\u00edtica e social sempre esteve associada ao movimento comunit\u00e1rio e \u00e0s inst\u00e2ncias de controle social, em prol das lutas populares. Nos \u00faltimos dois anos, ele vinha sofrendo com diversas debilidades f\u00edsicas em decorr\u00eancia de um tumor na cabe\u00e7a.<\/p>\n<p>O vel\u00f3rio acontece no SAF, localizado na Conquista. O sepultamento ocorrer\u00e1 no Reviver Cemit\u00e9rio Parque, \u00e0s 16h desta quinta-feira (9).<\/p>\n","protected":false},"excerpt":{"rendered":"<p>O prefeito M\u00e1rio Alexandre e o vice-prefeito Bebeto Galv\u00e3o lamentam o falecimento de Jorge Luiz Santos, aos 59 anos, ocorrido nesta quinta-feira (9). Servidor p\u00fablico federal aposentado e conselheiro de Sa\u00fade de Ilh\u00e9us, ele deixa um grande legado pelo trabalho desenvolvido em defesa do Sistema \u00danico de Sa\u00fade. Jorge Luiz presidiu o Conselho Municipal de [&hellip;]<\/p>\n","protected":false},"author":2,"featured_media":0,"comment_status":"open","ping_status":"open","sticky":false,"template":"","format":"standard","meta":{"_links_to":"","_links_to_target":""},"categories":[7,9,8,1],"tags":[],"_links":{"self":[{"href":"https:\/\/www.ilheusnoticias.net.br\/v1\/wp-json\/wp\/v2\/posts\/31218"}],"collection":[{"href":"https:\/\/www.ilheusnoticias.net.br\/v1\/wp-json\/wp\/v2\/posts"}],"about":[{"href":"https:\/\/www.ilheusnoticias.net.br\/v1\/wp-json\/wp\/v2\/types\/post"}],"author":[{"embeddable":true,"href":"https:\/\/www.ilheusnoticias.net.br\/v1\/wp-json\/wp\/v2\/users\/2"}],"replies":[{"embeddable":true,"href":"https:\/\/www.ilheusnoticias.net.br\/v1\/wp-json\/wp\/v2\/comments?post=31218"}],"version-history":[{"count":1,"href":"https:\/\/www.ilheusnoticias.net.br\/v1\/wp-json\/wp\/v2\/posts\/31218\/revisions"}],"predecessor-version":[{"id":31219,"href":"https:\/\/www.ilheusnoticias.net.br\/v1\/wp-json\/wp\/v2\/posts\/31218\/revisions\/31219"}],"wp:attachment":[{"href":"https:\/\/www.ilheusnoticias.net.br\/v1\/wp-json\/wp\/v2\/media?parent=31218"}],"wp:term":[{"taxonomy":"category","embeddable":true,"href":"https:\/\/www.ilheusnoticias.net.br\/v1\/wp-json\/wp\/v2\/categories?post=31218"},{"taxonomy":"post_tag","embeddable":true,"href":"https:\/\/www.ilheusnoticias.net.br\/v1\/wp-json\/wp\/v2\/tags?post=31218"}],"curies":[{"name":"wp","href":"https:\/\/api.w.org\/{rel}","templated":true}]}}