{"id":31216,"date":"2023-03-09T14:16:37","date_gmt":"2023-03-09T17:16:37","guid":{"rendered":"https:\/\/www.ilheusnoticias.net.br\/v1\/?p=31216"},"modified":"2023-03-09T14:16:37","modified_gmt":"2023-03-09T17:16:37","slug":"estrada-do-chocolate-e-pauta-de-reuniao-com-secretario-de-turismo-da-bahia","status":"publish","type":"post","link":"https:\/\/www.ilheusnoticias.net.br\/v1\/2023\/03\/09\/estrada-do-chocolate-e-pauta-de-reuniao-com-secretario-de-turismo-da-bahia\/","title":{"rendered":"Estrada do Chocolate \u00e9 pauta de reuni\u00e3o com secret\u00e1rio de Turismo da Bahia"},"content":{"rendered":"<div class=\"imagem thumbnail col-xs-12 col-sm-8 col-md-6 col-lg-6 imagem-materia\"><a class=\"fresco\" title=\"\" href=\"https:\/\/portalfacilarquivos.blob.core.windows.net\/uploads\/ILHEUS\/imgOrig\/%7BACEA6EC4-B3C8-CD6D-7CCE-AA1EE3DED4EA%7D.jpg\" data-fresco-caption=\"\"><img loading=\"lazy\" title=\"\" src=\"https:\/\/portalfacilarquivos.blob.core.windows.net\/uploads\/ILHEUS\/img\/%7BACEA6EC4-B3C8-CD6D-7CCE-AA1EE3DED4EA%7D\/%7BACEA6EC4-B3C8-CD6D-7CCE-AA1EE3DED4EA%7D_650X450.jpg\" alt=\"Festival Internacional do chocolate; chocolat Bahia 2022; chocolate\" width=\"650\" height=\"450\" \/><\/a><\/p>\n<p class=\"bg-primary\">Com relev\u00e2ncia econ\u00f4mica e social para regi\u00e3o sul da Bahia, a Estrada do Chocolate foi pauta do encontro realizado na \u00faltima quarta-feira (8), com a presen\u00e7a do secret\u00e1rio estadual de Turismo, Maur\u00edcio Bacellar, representantes da Prefeitura de Ilh\u00e9us e do trade tur\u00edstico.<\/p>\n<\/div>\n<p>Na ocasi\u00e3o, foram enfatizadas as a\u00e7\u00f5es desenvolvidas pelo Estado, com apoio da gest\u00e3o do prefeito M\u00e1rio Alexandre, para impulsionar a atividade tur\u00edstica no sul da Bahia e fortalecer o trabalho, principalmente dos pequenos produtores e microempreendedores que vivem da cacauicultura.<\/p>\n<p>\u201cO Governo do Estado tem uma aten\u00e7\u00e3o especial com a zona tur\u00edstica Costa do Cacau. Junto \u00e0 Prefeitura e aos empres\u00e1rios, n\u00f3s temos promovido a\u00e7\u00f5es para diversificar a oferta tur\u00edstica de Ilh\u00e9us. A cidade \u00e9 um destino consolidado no turismo do nosso estado por conta das atividades culturais e gastron\u00f4micas. Com a implementa\u00e7\u00e3o da Estrada do Chocolate, vamos ampliar a demanda no segmento, gerando emprego e mais renda para a popula\u00e7\u00e3o\u201d, frisou Bacellar.<\/p>\n<p>&nbsp;<\/p>\n<div class=\"imagem thumbnail col-xs-12 col-sm-8 col-md-6 col-lg-6 imagem-materia\"><a class=\"fresco\" title=\"\" href=\"https:\/\/portalfacilarquivos.blob.core.windows.net\/uploads\/ILHEUS\/imgOrig\/%7BA1CEC7BE-77CD-CEB0-AE1D-12DAD30D28C1%7D.jpg\" data-fresco-caption=\"\"><img loading=\"lazy\" title=\"\" src=\"https:\/\/portalfacilarquivos.blob.core.windows.net\/uploads\/ILHEUS\/img\/%7BA1CEC7BE-77CD-CEB0-AE1D-12DAD30D28C1%7D\/%7BA1CEC7BE-77CD-CEB0-AE1D-12DAD30D28C1%7D_650X450.jpg\" alt=\"estrada do chocolate\" width=\"650\" height=\"450\" \/><\/a><\/p>\n<p class=\"bg-primary\">O trecho compreende 45 quil\u00f4metros da rodovia Ilh\u00e9us-Uru\u00e7uca e abriga o roteiro de visita\u00e7\u00e3o a fazendas de cacau e f\u00e1bricas de chocolate, al\u00e9m da biodiversidade da Mata Atl\u00e2ntica.<\/p>\n<\/div>\n<p>A proposta chega para agregar valor \u00e0 atividade tur\u00edstica na regi\u00e3o sul, bem como promover a diversidade de renda e trabalho atrav\u00e9s do fruto. \u00a0Nas centen\u00e1rias fazendas de cacau, os turistas podem conhecer todo o processo da lavoura, desde o plantio \u00e0 secagem das am\u00eandoas, usadas na produ\u00e7\u00e3o do chocolate.<\/p>\n","protected":false},"excerpt":{"rendered":"<p>Com relev\u00e2ncia econ\u00f4mica e social para regi\u00e3o sul da Bahia, a Estrada do Chocolate foi pauta do encontro realizado na \u00faltima quarta-feira (8), com a presen\u00e7a do secret\u00e1rio estadual de Turismo, Maur\u00edcio Bacellar, representantes da Prefeitura de Ilh\u00e9us e do trade tur\u00edstico. Na ocasi\u00e3o, foram enfatizadas as a\u00e7\u00f5es desenvolvidas pelo Estado, com apoio da gest\u00e3o [&hellip;]<\/p>\n","protected":false},"author":2,"featured_media":0,"comment_status":"open","ping_status":"open","sticky":false,"template":"","format":"standard","meta":{"_links_to":"","_links_to_target":""},"categories":[7,9,8,1],"tags":[],"_links":{"self":[{"href":"https:\/\/www.ilheusnoticias.net.br\/v1\/wp-json\/wp\/v2\/posts\/31216"}],"collection":[{"href":"https:\/\/www.ilheusnoticias.net.br\/v1\/wp-json\/wp\/v2\/posts"}],"about":[{"href":"https:\/\/www.ilheusnoticias.net.br\/v1\/wp-json\/wp\/v2\/types\/post"}],"author":[{"embeddable":true,"href":"https:\/\/www.ilheusnoticias.net.br\/v1\/wp-json\/wp\/v2\/users\/2"}],"replies":[{"embeddable":true,"href":"https:\/\/www.ilheusnoticias.net.br\/v1\/wp-json\/wp\/v2\/comments?post=31216"}],"version-history":[{"count":1,"href":"https:\/\/www.ilheusnoticias.net.br\/v1\/wp-json\/wp\/v2\/posts\/31216\/revisions"}],"predecessor-version":[{"id":31217,"href":"https:\/\/www.ilheusnoticias.net.br\/v1\/wp-json\/wp\/v2\/posts\/31216\/revisions\/31217"}],"wp:attachment":[{"href":"https:\/\/www.ilheusnoticias.net.br\/v1\/wp-json\/wp\/v2\/media?parent=31216"}],"wp:term":[{"taxonomy":"category","embeddable":true,"href":"https:\/\/www.ilheusnoticias.net.br\/v1\/wp-json\/wp\/v2\/categories?post=31216"},{"taxonomy":"post_tag","embeddable":true,"href":"https:\/\/www.ilheusnoticias.net.br\/v1\/wp-json\/wp\/v2\/tags?post=31216"}],"curies":[{"name":"wp","href":"https:\/\/api.w.org\/{rel}","templated":true}]}}