{"id":31208,"date":"2023-03-09T08:08:39","date_gmt":"2023-03-09T11:08:39","guid":{"rendered":"https:\/\/www.ilheusnoticias.net.br\/v1\/?p=31208"},"modified":"2023-03-09T08:08:39","modified_gmt":"2023-03-09T11:08:39","slug":"presidente-lula-anuncia-projeto-para-igualar-salarios-de-homens-e-mulheres","status":"publish","type":"post","link":"https:\/\/www.ilheusnoticias.net.br\/v1\/2023\/03\/09\/presidente-lula-anuncia-projeto-para-igualar-salarios-de-homens-e-mulheres\/","title":{"rendered":"Presidente Lula anuncia projeto para igualar sal\u00e1rios de homens e mulheres"},"content":{"rendered":"<div class=\"region region-content\">\n<article class=\"container\">\n<div class=\"row\">\n<div class=\"col-lg-12 mb-3\"><img loading=\"lazy\" class=\"alignnone  wp-image-6522\" src=\"https:\/\/www.ilheusnoticias.net.br\/v1\/wp-content\/uploads\/2017\/06\/lula.jpg\" alt=\"\" width=\"280\" height=\"186\" \/><\/div>\n<div class=\"col-lg-12 mb-3\">No Dia Internacional da Mulher, celebrado nesta quarta-feira (8), o presidente Luiz In\u00e1cio Lula da Silva vai oficializar o envio de um projeto de lei para promover igualdade salarial entre homens e mulheres que exercem a mesma fun\u00e7\u00e3o. O texto prev\u00ea medidas para que empresas tenham mais transpar\u00eancia remunerat\u00f3ria e para ampliar a fiscaliza\u00e7\u00e3o e o combate \u00e0 discrimina\u00e7\u00e3o salarial.<br \/>\n<img src=\"https:\/\/agenciabrasil.ebc.com.br\/ebc.png?id=1514740&amp;o=node\" \/><img src=\"https:\/\/agenciabrasil.ebc.com.br\/ebc.gif?id=1514740&amp;o=node\" \/><\/div>\n<div class=\"col-xl-7 offset-xl-1 col-lg-8 offset-lg-0 col-md-10 offset-md-1 mb-3\">\n<div class=\"post-item alt-font\">\n<div class=\"post-item-wrap\">\n<p>A comemora\u00e7\u00e3o do Dia Internacional da Mulher ser\u00e1 marcada pelo an\u00fancio de uma s\u00e9rie de a\u00e7\u00f5es do governo federal que incidem diretamente na garantia de direitos das mulheres. O evento em que ser\u00e3o oficializadas essas iniciativas ser\u00e1 \u00e0s 11h de hoje, no Pal\u00e1cio do Planalto, em Bras\u00edlia, e ter\u00e1 a presen\u00e7a do presidente Luiz In\u00e1cio Lula da Silva, da ministra das Mulheres, Cida Gon\u00e7alves, al\u00e9m de representantes de mais 19 minist\u00e9rios, do Banco do Brasil, da Caixa Econ\u00f4mica Federal e do Banco Nacional de Desenvolvimento Econ\u00f4mico e Social (BNDES).<\/p>\n<p>Informa\u00e7\u00f5es sobre o projeto para igualar sal\u00e1rios n\u00e3o foram detalhadas, mas ele deve mexer na Consolida\u00e7\u00e3o das Leis do Trabalho (CLT). A reforma trabalhista, aprovada em 2018, chegou a inserir um dispositivo que estabelece multa para empresas que pagarem sal\u00e1rios diferentes para homens e mulheres que exer\u00e7am a mesma fun\u00e7\u00e3o, mas a puni\u00e7\u00e3o \u00e9 considerada pequena, o que acaba estimulando a desigualdade.<\/p>\n<p>Em 2021, na gest\u00e3o de Jair Bolsonaro, o Pal\u00e1cio do Planalto chegou a devolver ao Congresso Nacional um projeto de lei, que estava pronto para san\u00e7\u00e3o, e aumentava a multa no valor correspondente a cinco vezes a diferen\u00e7a salarial paga pelo empregador. O projeto, desde ent\u00e3o, ficou parado na C\u00e2mara dos Deputados.<\/p>\n<p>Outro texto em an\u00e1lise na C\u00e2mara \u00e9 o Projeto de Lei (PL) 111\/23, apresentado neste ano, que torna obrigat\u00f3ria a equipara\u00e7\u00e3o salarial entre homens e mulheres que desempenham fun\u00e7\u00f5es ou ocupam cargos id\u00eanticos. A proposta \u00e9 de autoria da deputada S\u00e2mia Bomfim (PSOL-SP).<\/p>\n<p>Em 2019, uma pesquisa Instituto Brasileiro de Geografia e Estat\u00edstica (IBGE) mostrou que as\u00a0<a href=\"https:\/\/agenciabrasil.ebc.com.br\/geral\/noticia\/2019-03\/pesquisa-do-ibge-mostra-que-mulher-ganha-menos-em-todas-ocupacoes\" target=\"_blank\" rel=\"noopener\">mulheres ganham menos do que os homens<\/a>\u00a0em todas as ocupa\u00e7\u00f5es analisadas. Mesmo com uma queda na desigualdade salarial entre 2012 e 2018, as trabalhadoras ganham, em m\u00e9dia, 20,5% menos que os homens no pa\u00eds.<\/p>\n<\/div>\n<\/div>\n<\/div>\n<\/div>\n<\/article>\n<\/div>\n","protected":false},"excerpt":{"rendered":"<p>No Dia Internacional da Mulher, celebrado nesta quarta-feira (8), o presidente Luiz In\u00e1cio Lula da Silva vai oficializar o envio de um projeto de lei para promover igualdade salarial entre homens e mulheres que exercem a mesma fun\u00e7\u00e3o. O texto prev\u00ea medidas para que empresas tenham mais transpar\u00eancia remunerat\u00f3ria e para ampliar a fiscaliza\u00e7\u00e3o e [&hellip;]<\/p>\n","protected":false},"author":2,"featured_media":0,"comment_status":"open","ping_status":"open","sticky":false,"template":"","format":"standard","meta":{"_links_to":"","_links_to_target":""},"categories":[7,9,8,1],"tags":[],"_links":{"self":[{"href":"https:\/\/www.ilheusnoticias.net.br\/v1\/wp-json\/wp\/v2\/posts\/31208"}],"collection":[{"href":"https:\/\/www.ilheusnoticias.net.br\/v1\/wp-json\/wp\/v2\/posts"}],"about":[{"href":"https:\/\/www.ilheusnoticias.net.br\/v1\/wp-json\/wp\/v2\/types\/post"}],"author":[{"embeddable":true,"href":"https:\/\/www.ilheusnoticias.net.br\/v1\/wp-json\/wp\/v2\/users\/2"}],"replies":[{"embeddable":true,"href":"https:\/\/www.ilheusnoticias.net.br\/v1\/wp-json\/wp\/v2\/comments?post=31208"}],"version-history":[{"count":1,"href":"https:\/\/www.ilheusnoticias.net.br\/v1\/wp-json\/wp\/v2\/posts\/31208\/revisions"}],"predecessor-version":[{"id":31209,"href":"https:\/\/www.ilheusnoticias.net.br\/v1\/wp-json\/wp\/v2\/posts\/31208\/revisions\/31209"}],"wp:attachment":[{"href":"https:\/\/www.ilheusnoticias.net.br\/v1\/wp-json\/wp\/v2\/media?parent=31208"}],"wp:term":[{"taxonomy":"category","embeddable":true,"href":"https:\/\/www.ilheusnoticias.net.br\/v1\/wp-json\/wp\/v2\/categories?post=31208"},{"taxonomy":"post_tag","embeddable":true,"href":"https:\/\/www.ilheusnoticias.net.br\/v1\/wp-json\/wp\/v2\/tags?post=31208"}],"curies":[{"name":"wp","href":"https:\/\/api.w.org\/{rel}","templated":true}]}}