{"id":31206,"date":"2023-03-09T08:05:00","date_gmt":"2023-03-09T11:05:00","guid":{"rendered":"https:\/\/www.ilheusnoticias.net.br\/v1\/?p=31206"},"modified":"2023-03-09T08:05:00","modified_gmt":"2023-03-09T11:05:00","slug":"novo-superintendente-da-policia-federal-na-bahia-toma-posse","status":"publish","type":"post","link":"https:\/\/www.ilheusnoticias.net.br\/v1\/2023\/03\/09\/novo-superintendente-da-policia-federal-na-bahia-toma-posse\/","title":{"rendered":"Novo superintendente da Pol\u00edcia Federal na Bahia toma posse"},"content":{"rendered":"<div class=\"row content-head non-featured \">\n<div class=\"title\" data-block-type=\"title\" data-block-id=\"0\"><\/div>\n<div class=\"medium-centered subtitle\">\n<h2 class=\"content-head__subtitle\"><img class=\"i-amphtml-fill-content i-amphtml-replaced-content\" style=\"font-size: 16px;\" src=\"https:\/\/s2.glbimg.com\/UmoEiOst3sOjL7iUl0u-ysreJn0=\/0x0:1024x654\/984x0\/smart\/filters:strip_icc()\/i.s3.glbimg.com\/v1\/AUTH_59edd422c0c84a879bd37670ae4f538a\/internal_photos\/bs\/2023\/l\/R\/KomUHMTiAfQRCYk72mOQ\/whatsapp-image-2023-03-08-at-11.47.53.jpeg\" sizes=\"(max-width: 1707px) 648px, 100vw\" srcset=\"https:\/\/s2.glbimg.com\/32rxrhjDZRTGz7OB-GCQHbxaM7o=\/0x0:1024x654\/1000x0\/smart\/filters:strip_icc()\/i.s3.glbimg.com\/v1\/AUTH_59edd422c0c84a879bd37670ae4f538a\/internal_photos\/bs\/2023\/l\/R\/KomUHMTiAfQRCYk72mOQ\/whatsapp-image-2023-03-08-at-11.47.53.jpeg 1000w, https:\/\/s2.glbimg.com\/UmoEiOst3sOjL7iUl0u-ysreJn0=\/0x0:1024x654\/984x0\/smart\/filters:strip_icc()\/i.s3.glbimg.com\/v1\/AUTH_59edd422c0c84a879bd37670ae4f538a\/internal_photos\/bs\/2023\/l\/R\/KomUHMTiAfQRCYk72mOQ\/whatsapp-image-2023-03-08-at-11.47.53.jpeg 984w, https:\/\/s2.glbimg.com\/BTGc5fw7WgPHz6PdAVRHVKTUf50=\/0x0:1024x654\/640x0\/smart\/filters:strip_icc()\/i.s3.glbimg.com\/v1\/AUTH_59edd422c0c84a879bd37670ae4f538a\/internal_photos\/bs\/2023\/l\/R\/KomUHMTiAfQRCYk72mOQ\/whatsapp-image-2023-03-08-at-11.47.53.jpeg 640w, https:\/\/s2.glbimg.com\/nTXRhf3LrYoM3EvOz_1SUu2EK_0=\/0x0:1024x654\/600x0\/smart\/filters:strip_icc()\/i.s3.glbimg.com\/v1\/AUTH_59edd422c0c84a879bd37670ae4f538a\/internal_photos\/bs\/2023\/l\/R\/KomUHMTiAfQRCYk72mOQ\/whatsapp-image-2023-03-08-at-11.47.53.jpeg 600w\" alt=\"Novo superintendente da Pol\u00edcia Federal na Bahia toma posse  \u2014 Foto: Divulga\u00e7\u00e3o\/PF\" \/><\/h2>\n<\/div>\n<\/div>\n<div class=\"mc-article-body\">\n<article>\n<div id=\"chunk-16klc\">\n<div class=\"row medium-uncollapsed content-media content-photo\" data-block-type=\"backstage-photo\" data-block-id=\"1\">\n<div class=\"mc-column content-media__container\">\n<p class=\"content-media__description \">Novo superintendente da Pol\u00edcia Federal na Bahia toma posse \u2014 Foto: Divulga\u00e7\u00e3o\/PF<\/p>\n<p class=\"content-media__description \"><span style=\"font-family: inherit; font-size: inherit; font-style: inherit; font-variant-ligatures: inherit; font-variant-caps: inherit; font-weight: inherit; text-align: center;\">O novo Superintendente Regional da Pol\u00edcia Federal na Bahia, delegado Fl\u00e1vio M\u00e1rcio Albergaria Silva, tomou posse na tarde de ter\u00e7a-feira (7). A cerim\u00f4nia aconteceu no Audit\u00f3rio do F\u00f3rum Teixeira de Freitas, da Justi\u00e7a Federal, em Salvador, e contou com a presen\u00e7a do Diretor-Geral da PF, delegado Andrei Augusto Passos Rodrigues.<\/span><\/p>\n<\/div>\n<\/div>\n<\/div>\n<div class=\"wall protected-content\">\n<div id=\"chunk-9tvme\">\n<div class=\"mc-column content-text active-extra-styles \" data-block-type=\"unstyled\" data-block-weight=\"43\" data-block-id=\"4\">\n<p class=\"content-text__container \" data-track-category=\"Link no Texto\" data-track-links=\"\">O novo superintendente substitui o delegado Leandro Almada. O termo de posse foi assinado pelo Diretor-Geral e pelo empossando. Seguindo os ritos da cerim\u00f4nia, o \u00faltimo Superintendente da PF na Bahia transmitiu os princ\u00edpios fundamentais da Pol\u00edcia Federal ao j\u00e1 empossado novo Superintendente.<\/p>\n<\/div>\n<\/div>\n<div id=\"chunk-bfv09\">\n<div class=\"mc-column content-text active-extra-styles \" data-block-type=\"unstyled\" data-block-weight=\"30\" data-block-id=\"5\">\n<p class=\"content-text__container \" data-track-category=\"Link no Texto\" data-track-links=\"\">Em seu discurso de posse, Fl\u00e1vio Albergaria relembrou o importante trabalho desempenhado pelo \u00faltimo Superintendente, delegado Leandro Almada, e agradeceu a confian\u00e7a e aprendizado adquiridos quando comp\u00f4s sua equipe.<\/p>\n<\/div>\n<\/div>\n<div id=\"chunk-f71g2\">\n<div class=\"mc-column content-text active-extra-styles \" data-block-type=\"unstyled\" data-block-weight=\"37\" data-block-id=\"7\">\n<p class=\"content-text__container \" data-track-category=\"Link no Texto\" data-track-links=\"\">Em seguida, refor\u00e7ou a import\u00e2ncia da atua\u00e7\u00e3o conjunta de todas as for\u00e7as policiais para o enfrentamento de fac\u00e7\u00f5es criminosas com atua\u00e7\u00e3o na Bahia e afirmou que n\u00e3o medir\u00e1 esfor\u00e7os para ampliar a integra\u00e7\u00e3o entre os \u00f3rg\u00e3os policiais.<\/p>\n<\/div>\n<\/div>\n<div id=\"chunk-9q83n\">\n<div class=\"mc-column content-text active-extra-styles \" data-block-type=\"unstyled\" data-block-weight=\"90\" data-block-id=\"8\">\n<p class=\"content-text__container \" data-track-category=\"Link no Texto\" data-track-links=\"\">O Vice-Governador Geraldo J\u00fanior, esteve presente na cerim\u00f4nia, assim como o Secret\u00e1rio de Seguran\u00e7a P\u00fablica, Marcelo Werner, o Secret\u00e1rio de Justi\u00e7a e Direitos Humanos, Felipe Freitas, o Secret\u00e1rio de Administra\u00e7\u00e3o Penitenci\u00e1ria, Jos\u00e9 Ant\u00f4nio Maia Gon\u00e7alves, a Procuradora-Chefe da Procuradoria da Rep\u00fablica na Bahia, Vanessa Cristina Gomes Previtera, o Comandante do 2\u00b0 Distrito Naval, Ant\u00f4nio Carlos Cambra, o Diretor do Foro da Justi\u00e7a Federal, Durval Carneiro Neto, al\u00e9m de diversas autoridades baianas que representaram a Pol\u00edcia Militar, Pol\u00edcia Civil, Guarda Civil Municipal, Minist\u00e9rio P\u00fablico, DETRAN, PRF, Receita Federal, entre outros \u00f3rg\u00e3os.<\/p>\n<\/div>\n<\/div>\n<div class=\"mc-column content-text active-extra-styles\" data-block-type=\"raw\" data-block-weight=\"2\" data-block-id=\"9\">\n<p class=\"content-text__container\">\n<div class=\"content-intertitle\">\n<h2>Fl\u00e1vio Albergaria<\/h2>\n<\/div>\n<p>&nbsp;<\/p>\n<\/div>\n<div id=\"chunk-5vihs\">\n<div class=\"row medium-uncollapsed content-media content-photo\" data-block-type=\"backstage-photo\" data-block-id=\"10\">\n<div class=\"mc-column content-media__container\">\n<div class=\"content-media-container glb-skeleton-box\">\n<figure class=\"content-media-figure\"><img class=\"i-amphtml-fill-content i-amphtml-replaced-content\" src=\"https:\/\/s2.glbimg.com\/ZPfGw-r9YBHKELk8KcYMsCdTD_Y=\/0x0:1024x650\/984x0\/smart\/filters:strip_icc()\/i.s3.glbimg.com\/v1\/AUTH_59edd422c0c84a879bd37670ae4f538a\/internal_photos\/bs\/2023\/G\/D\/osvDiBSuAMjdAka0tJ5A\/whatsapp-image-2023-03-08-at-11.47.52.jpeg\" sizes=\"(max-width: 1707px) 648px, 100vw\" srcset=\"https:\/\/s2.glbimg.com\/xYzl2DIoD3ujCQiQ2OxC-P0kW9s=\/0x0:1024x650\/1000x0\/smart\/filters:strip_icc()\/i.s3.glbimg.com\/v1\/AUTH_59edd422c0c84a879bd37670ae4f538a\/internal_photos\/bs\/2023\/G\/D\/osvDiBSuAMjdAka0tJ5A\/whatsapp-image-2023-03-08-at-11.47.52.jpeg 1000w, https:\/\/s2.glbimg.com\/ZPfGw-r9YBHKELk8KcYMsCdTD_Y=\/0x0:1024x650\/984x0\/smart\/filters:strip_icc()\/i.s3.glbimg.com\/v1\/AUTH_59edd422c0c84a879bd37670ae4f538a\/internal_photos\/bs\/2023\/G\/D\/osvDiBSuAMjdAka0tJ5A\/whatsapp-image-2023-03-08-at-11.47.52.jpeg 984w, https:\/\/s2.glbimg.com\/LiDKAi4Qr5gFPxa0Ovwey495jKg=\/0x0:1024x650\/640x0\/smart\/filters:strip_icc()\/i.s3.glbimg.com\/v1\/AUTH_59edd422c0c84a879bd37670ae4f538a\/internal_photos\/bs\/2023\/G\/D\/osvDiBSuAMjdAka0tJ5A\/whatsapp-image-2023-03-08-at-11.47.52.jpeg 640w, https:\/\/s2.glbimg.com\/4M58vVluYtS3vI5VUbnWnW9OiDg=\/0x0:1024x650\/600x0\/smart\/filters:strip_icc()\/i.s3.glbimg.com\/v1\/AUTH_59edd422c0c84a879bd37670ae4f538a\/internal_photos\/bs\/2023\/G\/D\/osvDiBSuAMjdAka0tJ5A\/whatsapp-image-2023-03-08-at-11.47.52.jpeg 600w\" alt=\"Novo superintendente da Pol\u00edcia Federal na Bahia toma posse  \u2014 Foto: Divulga\u00e7\u00e3o\/PF\" \/><\/figure>\n<\/div>\n<p class=\"content-media__description \">Novo superintendente da Pol\u00edcia Federal na Bahia toma posse \u2014 Foto: Divulga\u00e7\u00e3o\/PF<\/p>\n<\/div>\n<\/div>\n<\/div>\n<div id=\"chunk-6ggj\">\n<div class=\"content-ads content-ads--reveal\" data-block-type=\"ads\" data-block-id=\"11\">\n<div id=\"banner_materia__0b3f8096-6231-4c1c-961c-4506e286b9f0\" class=\"tag-manager-publicidade-container mc-has-reveal mc-has-ad-lazyload tag-manager-publicidade-banner_materia__0b3f8096-6231-4c1c-961c-4506e286b9f0 tag-manager-publicidade-container--carregado tag-manager-publicidade-container--visivel\" data-id=\"banner_materia__0b3f8096-6231-4c1c-961c-4506e286b9f0\" data-google-query-id=\"CMagzbTZzv0CFZocuQYd3rkCjw\">\n<div id=\"google_ads_iframe_\/95377733\/tvg_G1\/Sua_Regiao&gt;Nordeste&gt;Bahia_4__container__\" style=\"box-sizing: inherit; margin: auto; padding: 0px; border: 0pt none; font: inherit; vertical-align: initial; max-width: 100%; text-align: center; width: 970px; height: 250px;\">Fl\u00e1vio Albergaria ocupa o cargo de Delegado de Pol\u00edcia Federal h\u00e1 17 anos. Com larga experi\u00eancia profissional, ocupou diferentes postos na carreira. O novo superintendente da PF foi membro representante da Pol\u00edcia Federal no Conselho Municipal de Pol\u00edticas P\u00fablicas sobre Drogas e supervisor do Grupo de Investiga\u00e7\u00f5es Sens\u00edveis da Pol\u00edcia Federal em Minas Gerais e da For\u00e7a Integrada de Combate ao Crime Organizado naquele estado. Tamb\u00e9m foi chefe da Delegacia Regional de Investiga\u00e7\u00e3o e Combate ao Crime Organizado da PF no Amazonas e da Delegacia Regional Executiva e Representante Regional da INTERPOL em Roraima. Trabalhou como professor da Academia Nacional de Pol\u00edcia, na disciplina de Repress\u00e3o a Crimes Fazend\u00e1rios e foi chefe da Delegacia de Pol\u00edcia Federal em Vit\u00f3ria da Conquista, no sudoeste da Bahia e da Delegacia Regional Executiva da Pol\u00edcia Federal na Bahia.<\/div>\n<\/div>\n<\/div>\n<\/div>\n<\/div>\n<\/article>\n<\/div>\n","protected":false},"excerpt":{"rendered":"<p>Novo superintendente da Pol\u00edcia Federal na Bahia toma posse \u2014 Foto: Divulga\u00e7\u00e3o\/PF O novo Superintendente Regional da Pol\u00edcia Federal na Bahia, delegado Fl\u00e1vio M\u00e1rcio Albergaria Silva, tomou posse na tarde de ter\u00e7a-feira (7). A cerim\u00f4nia aconteceu no Audit\u00f3rio do F\u00f3rum Teixeira de Freitas, da Justi\u00e7a Federal, em Salvador, e contou com a presen\u00e7a do Diretor-Geral [&hellip;]<\/p>\n","protected":false},"author":2,"featured_media":0,"comment_status":"open","ping_status":"open","sticky":false,"template":"","format":"standard","meta":{"_links_to":"","_links_to_target":""},"categories":[7,9,8,1],"tags":[],"_links":{"self":[{"href":"https:\/\/www.ilheusnoticias.net.br\/v1\/wp-json\/wp\/v2\/posts\/31206"}],"collection":[{"href":"https:\/\/www.ilheusnoticias.net.br\/v1\/wp-json\/wp\/v2\/posts"}],"about":[{"href":"https:\/\/www.ilheusnoticias.net.br\/v1\/wp-json\/wp\/v2\/types\/post"}],"author":[{"embeddable":true,"href":"https:\/\/www.ilheusnoticias.net.br\/v1\/wp-json\/wp\/v2\/users\/2"}],"replies":[{"embeddable":true,"href":"https:\/\/www.ilheusnoticias.net.br\/v1\/wp-json\/wp\/v2\/comments?post=31206"}],"version-history":[{"count":1,"href":"https:\/\/www.ilheusnoticias.net.br\/v1\/wp-json\/wp\/v2\/posts\/31206\/revisions"}],"predecessor-version":[{"id":31207,"href":"https:\/\/www.ilheusnoticias.net.br\/v1\/wp-json\/wp\/v2\/posts\/31206\/revisions\/31207"}],"wp:attachment":[{"href":"https:\/\/www.ilheusnoticias.net.br\/v1\/wp-json\/wp\/v2\/media?parent=31206"}],"wp:term":[{"taxonomy":"category","embeddable":true,"href":"https:\/\/www.ilheusnoticias.net.br\/v1\/wp-json\/wp\/v2\/categories?post=31206"},{"taxonomy":"post_tag","embeddable":true,"href":"https:\/\/www.ilheusnoticias.net.br\/v1\/wp-json\/wp\/v2\/tags?post=31206"}],"curies":[{"name":"wp","href":"https:\/\/api.w.org\/{rel}","templated":true}]}}