{"id":31204,"date":"2023-03-09T08:00:36","date_gmt":"2023-03-09T11:00:36","guid":{"rendered":"https:\/\/www.ilheusnoticias.net.br\/v1\/?p=31204"},"modified":"2023-03-09T08:00:36","modified_gmt":"2023-03-09T11:00:36","slug":"ex-primeira-dama-da-bahia-e-esposa-do-ministro-rui-costa-aline-peixoto-e-eleita-para-o-tribunal-de-contas-dos-municipios-do-estado","status":"publish","type":"post","link":"https:\/\/www.ilheusnoticias.net.br\/v1\/2023\/03\/09\/ex-primeira-dama-da-bahia-e-esposa-do-ministro-rui-costa-aline-peixoto-e-eleita-para-o-tribunal-de-contas-dos-municipios-do-estado\/","title":{"rendered":"Ex-primeira-dama da Bahia e esposa do ministro Rui Costa, Aline Peixoto \u00e9 eleita para o Tribunal de Contas dos Munic\u00edpios do Estado"},"content":{"rendered":"<div class=\"row content-head non-featured \">\n<div class=\"title\" data-block-type=\"title\" data-block-id=\"0\"><\/div>\n<div class=\"medium-centered subtitle\"><\/div>\n<\/div>\n<div class=\"mc-article-body\">\n<article>\n<div id=\"chunk-a8ip8\">\n<div class=\"row medium-uncollapsed content-media content-photo\" data-block-type=\"backstage-photo\" data-block-id=\"1\">\n<div class=\"mc-column content-media__container\">\n<div class=\"content-media-container glb-skeleton-box\">\n<figure class=\"content-media-figure\"><img class=\"i-amphtml-fill-content i-amphtml-replaced-content\" src=\"https:\/\/s2.glbimg.com\/ohpNvxIqlSF_DWN_OWTYSnUDR_M=\/0x0:1280x853\/984x0\/smart\/filters:strip_icc()\/i.s3.glbimg.com\/v1\/AUTH_59edd422c0c84a879bd37670ae4f538a\/internal_photos\/bs\/2023\/O\/M\/AtROO5SgGoVlg1BHa1xQ\/53030443-1542516699213802-8984456045699006464-n.jpg\" sizes=\"(max-width: 1707px) 648px, 100vw\" srcset=\"https:\/\/s2.glbimg.com\/yfawFoVGT_GMjynwsRQa9MQkhWk=\/0x0:1280x853\/1000x0\/smart\/filters:strip_icc()\/i.s3.glbimg.com\/v1\/AUTH_59edd422c0c84a879bd37670ae4f538a\/internal_photos\/bs\/2023\/O\/M\/AtROO5SgGoVlg1BHa1xQ\/53030443-1542516699213802-8984456045699006464-n.jpg 1000w, https:\/\/s2.glbimg.com\/ohpNvxIqlSF_DWN_OWTYSnUDR_M=\/0x0:1280x853\/984x0\/smart\/filters:strip_icc()\/i.s3.glbimg.com\/v1\/AUTH_59edd422c0c84a879bd37670ae4f538a\/internal_photos\/bs\/2023\/O\/M\/AtROO5SgGoVlg1BHa1xQ\/53030443-1542516699213802-8984456045699006464-n.jpg 984w, https:\/\/s2.glbimg.com\/JWcWPFaSxWdmpIIdk8cfGsimzfs=\/0x0:1280x853\/640x0\/smart\/filters:strip_icc()\/i.s3.glbimg.com\/v1\/AUTH_59edd422c0c84a879bd37670ae4f538a\/internal_photos\/bs\/2023\/O\/M\/AtROO5SgGoVlg1BHa1xQ\/53030443-1542516699213802-8984456045699006464-n.jpg 640w, https:\/\/s2.glbimg.com\/mEx4hYgnarZxWXvxbmxvH3xea4M=\/0x0:1280x853\/600x0\/smart\/filters:strip_icc()\/i.s3.glbimg.com\/v1\/AUTH_59edd422c0c84a879bd37670ae4f538a\/internal_photos\/bs\/2023\/O\/M\/AtROO5SgGoVlg1BHa1xQ\/53030443-1542516699213802-8984456045699006464-n.jpg 600w\" alt=\"Esposa de Rui Costa \u00e9 eleita conselheira do TCM da Bahia \u2014 Foto: Secom\/Governo da Bahia\" \/><\/figure>\n<\/div>\n<p class=\"content-media__description \">Esposa de Rui Costa \u00e9 eleita conselheira do TCM da Bahia \u2014 Foto: Secom\/Governo da Bahia<\/p>\n<\/div>\n<\/div>\n<\/div>\n<div id=\"chunk-957jq\">\n<div class=\"mc-column content-text active-extra-styles \" data-block-type=\"unstyled\" data-block-weight=\"56\" data-block-id=\"3\">\n<p class=\"content-text__container \" data-track-category=\"Link no Texto\" data-track-links=\"\">A enfermeira Aline Peixoto foi eleita, nesta quarta-feira (8), conselheira do Tribunal de Contas dos Munic\u00edpios do Estado da Bahia. A nova conselheira foi escolhida pelos deputados baianos em uma vota\u00e7\u00e3o secreta no plen\u00e1rio da Assembleia Legislativa da Bahia (Alba). Aline Peixoto \u00e9 esposa do ministro da Casa Civil e ex-governador da Bahia, Rui Costa.<\/p>\n<\/div>\n<\/div>\n<div class=\"wall protected-content\">\n<div id=\"chunk-53nqa\">\n<div class=\"mc-column content-text active-extra-styles \" data-block-type=\"unstyled\" data-block-weight=\"42\" data-block-id=\"4\">\n<p class=\"content-text__container \" data-track-category=\"Link no Texto\" data-track-links=\"\"><span class=\"highlight highlighted\">Ela foi eleita em primeira rodada por 40 votos e venceu o ex-deputado estadual e ex-prefeito de Concei\u00e7\u00e3o do Coit\u00e9, que teve 19 votos. Quatro deputados votaram nulo. A Alba tem 63 deputados estaduais e para ser eleito era necess\u00e1rio 32 votos.<\/span><\/p>\n<\/div>\n<\/div>\n<div id=\"chunk-iiur\">\n<div class=\"mc-column content-text active-extra-styles \" data-block-type=\"unstyled\" data-block-weight=\"22\" data-block-id=\"5\">\n<p class=\"content-text__container \" data-track-category=\"Link no Texto\" data-track-links=\"\">A ex-primeira dama vai ocupar o cargo que estava vago desde o ano passado, quando o conselheiro Raimundo Moreira se aposentou.<\/p>\n<\/div>\n<\/div>\n<div id=\"chunk-ejnin\">\n<div class=\"mc-column content-text active-extra-styles \" data-block-type=\"unstyled\" data-block-weight=\"35\" data-block-id=\"7\">\n<p class=\"content-text__container \" data-track-category=\"Link no Texto\" data-track-links=\"\">Ap\u00f3s a elei\u00e7\u00e3o, Aline divulgou nota \u00e0 imprensa, onde comemorou a escolha dos deputados baianos. Ela destacou ser a primeira mulher eleita para a corte justamente no Dia Internacional da Mulher e agradeceu aos parlamentares.<\/p>\n<\/div>\n<\/div>\n<div class=\"mc-column content-text active-extra-styles\" data-block-type=\"raw\" data-block-weight=\"52\" data-block-id=\"8\">\n<p class=\"content-text__container\">\n<blockquote class=\"content-blockquote theme-border-color-primary-before\"><p>&#8220;Quero aqui agradecer a cada deputada e deputado por mais este epis\u00f3dio de fortalecimento da democracia e dos ideais republicanos. O Poder Legislativo realizou um processo de escolha transparente e conduzido com lisura. A confian\u00e7a depositada em mim ser\u00e1 o maior incentivo para seguir em frente e dar o meu melhor&#8221;, disse.<\/p><\/blockquote>\n<p>&nbsp;<\/p>\n<\/div>\n<div id=\"chunk-5mrka\">\n<div class=\"mc-column content-text active-extra-styles \" data-block-type=\"unstyled\" data-block-weight=\"13\" data-block-id=\"9\">\n<p class=\"content-text__container \" data-track-category=\"Link no Texto\" data-track-links=\"\">Ela prometeu atuar com rigor, mas se aproximar dos gestores durante o mandato.<\/p>\n<\/div>\n<\/div>\n<div id=\"chunk-dpqft\">\n<div class=\"mc-column content-text active-extra-styles \" data-block-type=\"unstyled\" data-block-weight=\"30\" data-block-id=\"10\">\n<p class=\"content-text__container \" data-track-category=\"Link no Texto\" data-track-links=\"\">&#8220;Atuarei ao lado de todos os conselheiros na manuten\u00e7\u00e3o do rigor habitual do TCM. Que este seja punitivo quando necess\u00e1rio, por\u00e9m tamb\u00e9m educativo, aproximando-se cada vez mais dos gestores&#8221;.<\/p>\n<\/div>\n<\/div>\n<div id=\"chunk-e2b8u\">\n<div class=\"mc-column content-text active-extra-styles \" data-block-type=\"unstyled\" data-block-weight=\"36\" data-block-id=\"11\">\n<p class=\"content-text__container \" data-track-category=\"Link no Texto\" data-track-links=\"\">Aline Peixoto presidiu a organiza\u00e7\u00e3o Volunt\u00e1rias Sociais da Bahia enquanto era primeira-dama do estado, entre 2015 e 2022. Antes disso, foi assessora especial da Secretaria de Sa\u00fade da Bahia e diretora do Hospital Geral de Ipia\u00fa.<\/p>\n<\/div>\n<\/div>\n<div id=\"chunk-9oshg\">\n<div class=\"mc-column content-text active-extra-styles \" data-block-type=\"unstyled\" data-block-weight=\"49\" data-block-id=\"12\">\n<p class=\"content-text__container \" data-track-category=\"Link no Texto\" data-track-links=\"\">Antes da vota\u00e7\u00e3o, os l\u00edderes do governo, deputado Rosemberg Pinto (PT), e da oposi\u00e7\u00e3o, Alan Sanches (Uni\u00e3o Brasil), falaram aos deputados e defenderam os votos em seus candidatos, Aline e Tom, respectivamente. O deputado do PSOL, Hilton Coelho, defendeu o voto nulo e disse ser contr\u00e1rio \u00e0s duas candidaturas.<\/p>\n<\/div>\n<\/div>\n<div id=\"chunk-1tr\">\n<div class=\"row medium-uncollapsed content-media content-photo\" data-block-type=\"backstage-photo\" data-block-id=\"14\">\n<div class=\"mc-column content-media__container\">\n<div class=\"content-media-container glb-skeleton-box\">\n<figure class=\"content-media-figure\"><img class=\"i-amphtml-fill-content i-amphtml-replaced-content\" src=\"https:\/\/s2.glbimg.com\/KJkcCP4saXwXbQQ-xgQv-ZXEAu0=\/0x0:620x465\/984x0\/smart\/filters:strip_icc()\/s.glbimg.com\/jo\/g1\/f\/original\/2015\/11\/14\/primeira_dama.jpg\" sizes=\"(max-width: 1707px) 648px, 100vw\" srcset=\"https:\/\/s2.glbimg.com\/lJ9iBPg0kXrzhlctge5psI5nfTA=\/0x0:620x465\/1000x0\/smart\/filters:strip_icc()\/s.glbimg.com\/jo\/g1\/f\/original\/2015\/11\/14\/primeira_dama.jpg 1000w, https:\/\/s2.glbimg.com\/KJkcCP4saXwXbQQ-xgQv-ZXEAu0=\/0x0:620x465\/984x0\/smart\/filters:strip_icc()\/s.glbimg.com\/jo\/g1\/f\/original\/2015\/11\/14\/primeira_dama.jpg 984w, https:\/\/s2.glbimg.com\/AET2Ed7NEOkLPED0t4eMxuYzA5M=\/0x0:620x465\/640x0\/smart\/filters:strip_icc()\/s.glbimg.com\/jo\/g1\/f\/original\/2015\/11\/14\/primeira_dama.jpg 640w, https:\/\/s2.glbimg.com\/7qcKdaR0X8ySgHYrrX1ADucBj1A=\/0x0:620x465\/600x0\/smart\/filters:strip_icc()\/s.glbimg.com\/jo\/g1\/f\/original\/2015\/11\/14\/primeira_dama.jpg 600w\" alt=\"Aline Peixoto ser\u00e1 conselheira do TCM \u2014 Foto: Reprodu\u00e7\u00e3o\/TV Bahia\" \/><\/figure>\n<\/div>\n<p class=\"content-media__description \">Aline Peixoto ser\u00e1 conselheira do TCM \u2014 Foto: Reprodu\u00e7\u00e3o\/TV Bahia<\/p>\n<\/div>\n<\/div>\n<\/div>\n<div id=\"chunk-m6h8\">\n<div class=\"mc-column content-text active-extra-styles \" data-block-type=\"unstyled\" data-block-weight=\"32\" data-block-id=\"15\">\n<p class=\"content-text__container \" data-track-category=\"Link no Texto\" data-track-links=\"\">Um edi\u00e7\u00e3o suplementar do Di\u00e1rio Oficial foi publicada ainda na quarta-feira e trazia a nomea\u00e7\u00e3o da ex-primeira dama da Bahia para o TCM. A medida foi assinada pelo governador Jer\u00f4nimo Rodrigues.<\/p>\n<\/div>\n<\/div>\n<div id=\"chunk-4omaj\">\n<div class=\"mc-column content-text active-extra-styles \" data-block-type=\"unstyled\" data-block-weight=\"23\" data-block-id=\"16\">\n<p class=\"content-text__container \" data-track-category=\"Link no Texto\" data-track-links=\"\">Aline Peixoto ser\u00e1 a primeira mulher conselheira do Tribunal de Constas dos Munic\u00edpios do Estado da Bahia. O cargo vital\u00edcio d\u00e1 direito a:<\/p>\n<\/div>\n<\/div>\n<div class=\"mc-column content-text active-extra-styles\" data-block-type=\"raw\" data-block-weight=\"19\" data-block-id=\"17\">\n<p>A indica\u00e7\u00e3o de Aline Peixoto dividiu os dois principais nomes do PT baiano, o ministro da Casa Civil Rui Costa e o l\u00edder do governo no Senado Jaques Wagner. Ambos governaram a Bahia por dois mandatos. Wagner, que governou o estado entre 2007 e 2014, disse em entrevista ao portal baiano Metro 1que era contra a indica\u00e7\u00e3o de Aline.<\/p>\n<\/div>\n<div id=\"chunk-18flj\">\n<div class=\"mc-column content-text active-extra-styles \" data-block-type=\"unstyled\" data-block-weight=\"51\" data-block-id=\"20\">\n<p class=\"content-text__container \" data-track-category=\"Link no Texto\" data-track-links=\"\">Wagner chegou a dizer que, pela vota\u00e7\u00e3o ser secreta, a vit\u00f3ria da esposa de Rui Costa n\u00e3o estava assegurada. Esposa de Wagner e tamb\u00e9m ex-primeira da Bahia, F\u00e1tima Mendon\u00e7a foi outra que se manifestou contr\u00e1ria \u00e0 indica\u00e7\u00e3o ao TCM da esposa de Costa, que governou a Bahia entre 2015 e 2022.<\/p>\n<\/div>\n<\/div>\n<\/div>\n<\/article>\n<\/div>\n","protected":false},"excerpt":{"rendered":"<p>Esposa de Rui Costa \u00e9 eleita conselheira do TCM da Bahia \u2014 Foto: Secom\/Governo da Bahia A enfermeira Aline Peixoto foi eleita, nesta quarta-feira (8), conselheira do Tribunal de Contas dos Munic\u00edpios do Estado da Bahia. A nova conselheira foi escolhida pelos deputados baianos em uma vota\u00e7\u00e3o secreta no plen\u00e1rio da Assembleia Legislativa da Bahia [&hellip;]<\/p>\n","protected":false},"author":2,"featured_media":0,"comment_status":"open","ping_status":"open","sticky":false,"template":"","format":"standard","meta":{"_links_to":"","_links_to_target":""},"categories":[7,9,8,1],"tags":[],"_links":{"self":[{"href":"https:\/\/www.ilheusnoticias.net.br\/v1\/wp-json\/wp\/v2\/posts\/31204"}],"collection":[{"href":"https:\/\/www.ilheusnoticias.net.br\/v1\/wp-json\/wp\/v2\/posts"}],"about":[{"href":"https:\/\/www.ilheusnoticias.net.br\/v1\/wp-json\/wp\/v2\/types\/post"}],"author":[{"embeddable":true,"href":"https:\/\/www.ilheusnoticias.net.br\/v1\/wp-json\/wp\/v2\/users\/2"}],"replies":[{"embeddable":true,"href":"https:\/\/www.ilheusnoticias.net.br\/v1\/wp-json\/wp\/v2\/comments?post=31204"}],"version-history":[{"count":1,"href":"https:\/\/www.ilheusnoticias.net.br\/v1\/wp-json\/wp\/v2\/posts\/31204\/revisions"}],"predecessor-version":[{"id":31205,"href":"https:\/\/www.ilheusnoticias.net.br\/v1\/wp-json\/wp\/v2\/posts\/31204\/revisions\/31205"}],"wp:attachment":[{"href":"https:\/\/www.ilheusnoticias.net.br\/v1\/wp-json\/wp\/v2\/media?parent=31204"}],"wp:term":[{"taxonomy":"category","embeddable":true,"href":"https:\/\/www.ilheusnoticias.net.br\/v1\/wp-json\/wp\/v2\/categories?post=31204"},{"taxonomy":"post_tag","embeddable":true,"href":"https:\/\/www.ilheusnoticias.net.br\/v1\/wp-json\/wp\/v2\/tags?post=31204"}],"curies":[{"name":"wp","href":"https:\/\/api.w.org\/{rel}","templated":true}]}}