{"id":31202,"date":"2023-03-09T07:52:35","date_gmt":"2023-03-09T10:52:35","guid":{"rendered":"https:\/\/www.ilheusnoticias.net.br\/v1\/?p=31202"},"modified":"2023-03-09T07:52:35","modified_gmt":"2023-03-09T10:52:35","slug":"imposto-de-renda-2023-receita-federal-libera-programa-de-declaracao-nesta-quinta-feira","status":"publish","type":"post","link":"https:\/\/www.ilheusnoticias.net.br\/v1\/2023\/03\/09\/imposto-de-renda-2023-receita-federal-libera-programa-de-declaracao-nesta-quinta-feira\/","title":{"rendered":"Imposto de Renda 2023: Receita Federal libera programa de declara\u00e7\u00e3o nesta quinta-feira"},"content":{"rendered":"<div class=\"row content-head non-featured \">\n<div class=\"title\" data-block-type=\"title\" data-block-id=\"0\"><\/div>\n<div class=\"medium-centered subtitle\">\n<h2 class=\"content-head__subtitle\"><img class=\"i-amphtml-fill-content i-amphtml-replaced-content\" style=\"font-size: 16px;\" src=\"https:\/\/s2.glbimg.com\/BDqFUNt-PaOPC6urTkh_Mu1Trjw=\/0x0:1920x1079\/984x0\/smart\/filters:strip_icc()\/i.s3.glbimg.com\/v1\/AUTH_59edd422c0c84a879bd37670ae4f538a\/internal_photos\/bs\/2023\/u\/B\/iheqTAT8iSuCiXrnGIcw\/ir-abre-destaque.png\" sizes=\"(max-width: 1707px) 648px, 100vw\" srcset=\"https:\/\/s2.glbimg.com\/RbjiWo9MgwqSXBhFQ0Io1315-j0=\/0x0:1920x1079\/1000x0\/smart\/filters:strip_icc()\/i.s3.glbimg.com\/v1\/AUTH_59edd422c0c84a879bd37670ae4f538a\/internal_photos\/bs\/2023\/u\/B\/iheqTAT8iSuCiXrnGIcw\/ir-abre-destaque.png 1000w, https:\/\/s2.glbimg.com\/BDqFUNt-PaOPC6urTkh_Mu1Trjw=\/0x0:1920x1079\/984x0\/smart\/filters:strip_icc()\/i.s3.glbimg.com\/v1\/AUTH_59edd422c0c84a879bd37670ae4f538a\/internal_photos\/bs\/2023\/u\/B\/iheqTAT8iSuCiXrnGIcw\/ir-abre-destaque.png 984w, https:\/\/s2.glbimg.com\/fnnsMV4tLV-t58JYU19iSUHA5QU=\/0x0:1920x1079\/640x0\/smart\/filters:strip_icc()\/i.s3.glbimg.com\/v1\/AUTH_59edd422c0c84a879bd37670ae4f538a\/internal_photos\/bs\/2023\/u\/B\/iheqTAT8iSuCiXrnGIcw\/ir-abre-destaque.png 640w, https:\/\/s2.glbimg.com\/rDwSrZ0B6omBxTHOPX2WJSIaT2c=\/0x0:1920x1079\/600x0\/smart\/filters:strip_icc()\/i.s3.glbimg.com\/v1\/AUTH_59edd422c0c84a879bd37670ae4f538a\/internal_photos\/bs\/2023\/u\/B\/iheqTAT8iSuCiXrnGIcw\/ir-abre-destaque.png 600w\" alt=\"Imposto de Renda 2023 \u2014 Foto: Arte \/ g1\" \/><\/h2>\n<\/div>\n<\/div>\n<div class=\"mc-article-body\">\n<article>\n<div id=\"chunk-b5535\">\n<div class=\"row medium-uncollapsed content-media content-photo\" data-block-type=\"backstage-photo\" data-block-id=\"1\">\n<div class=\"mc-column content-media__container\">\n<p class=\"content-media__description \">Imposto de Renda 2023 \u2014 Foto: Arte \/ g1<\/p>\n<\/div>\n<\/div>\n<\/div>\n<div id=\"chunk-d0v66\">\n<div class=\"mc-column content-text active-extra-styles \" data-block-type=\"unstyled\" data-block-weight=\"35\" data-block-id=\"3\">\n<p class=\"content-text__container \" data-track-category=\"Link no Texto\" data-track-links=\"\">O programa utilizado para declara\u00e7\u00e3o do Imposto de Renda 2023, ano-base 2022, foi liberado pela Receita Federal para download a partir desta quinta-feira (9). Por\u00e9m, o sistema deve estar dispon\u00edvel a partir de 9h.<\/p>\n<\/div>\n<\/div>\n<div class=\"wall protected-content\">\n<div id=\"chunk-2r0q2\">\n<div class=\"mc-column content-text active-extra-styles \" data-block-type=\"unstyled\" data-block-weight=\"27\" data-block-id=\"4\">\n<p class=\"content-text__container \" data-track-category=\"Link no Texto\" data-track-links=\"\">A previs\u00e3o inicial do \u00f3rg\u00e3o era de que o programa\u00a0<a href=\"https:\/\/g1.globo.com\/economia\/imposto-de-renda\/noticia\/2023\/02\/24\/imposto-de-renda-2023-programa-sera-liberado-em-15-de-marco-quando-comeca-o-prazo-de-entrega.ghtml\">seria disponibilizado no pr\u00f3ximo dia 15 de mar\u00e7o<\/a>, quando inicia o prazo de entrega das declara\u00e7\u00f5es.<\/p>\n<\/div>\n<\/div>\n<div class=\"mc-column content-text active-extra-styles\" data-block-type=\"raw\" data-block-weight=\"12\" data-block-id=\"5\">\n<ul class=\"content-unordered-list\">\n<li>Assim que liberado, o &#8220;download&#8221; do programa<a href=\"https:\/\/www.gov.br\/receitafederal\/pt-br\/centrais-de-conteudo\/download\/pgd\/dirpf\" target=\"_blank\" rel=\"noopener\">\u00a0poder\u00e1 ser feito nesta p\u00e1gina.<\/a><\/li>\n<\/ul>\n<\/div>\n<div id=\"chunk-561b8\">\n<div class=\"mc-column content-text active-extra-styles \" data-block-type=\"unstyled\" data-block-weight=\"17\" data-block-id=\"6\">\n<p class=\"content-text__container \" data-track-category=\"Link no Texto\" data-track-links=\"\">De acordo com a Receita Federal, a antecipa\u00e7\u00e3o da libera\u00e7\u00e3o do programa do IR &#8220;ajuda o contribuinte&#8221;.<\/p>\n<\/div>\n<\/div>\n<div id=\"chunk-1prcf\">\n<div class=\"mc-column content-text active-extra-styles \" data-block-type=\"unstyled\" data-block-weight=\"35\" data-block-id=\"7\">\n<p class=\"content-text__container \" data-track-category=\"Link no Texto\" data-track-links=\"\">&#8220;Ao ter acesso \u00e0s informa\u00e7\u00f5es necess\u00e1rias para a entrega da declara\u00e7\u00e3o, pode se organizar e juntar a documenta\u00e7\u00e3o que for necess\u00e1ria. Al\u00e9m disso, deve evitar poss\u00edveis congestionamentos [para download do programa]&#8221;, acrescentou o \u00f3rg\u00e3o.<\/p>\n<\/div>\n<\/div>\n<div id=\"chunk-5518l\">\n<div class=\"mc-column content-text active-extra-styles \" data-block-type=\"unstyled\" data-block-weight=\"35\" data-block-id=\"9\">\n<p class=\"content-text__container \" data-track-category=\"Link no Texto\" data-track-links=\"\">O Fisco lembra, por\u00e9m, que as funcionalidades de entrega e transmiss\u00e3o, juntamente com as informa\u00e7\u00f5es da pr\u00e9-preenchida, ter\u00e3o in\u00edcio somente em 15 de mar\u00e7o.\u00a0<a href=\"https:\/\/g1.globo.com\/economia\/imposto-de-renda\/noticia\/2023\/02\/14\/imposto-de-renda-2023-prazo-de-entrega-vai-de-15-de-marco-a-31-de-maio-informa-receita.ghtml\">O prazo se estender\u00e1 at\u00e9 31 de maio neste ano.<\/a><\/p>\n<\/div>\n<\/div>\n<div class=\"mc-column content-text active-extra-styles\" data-block-type=\"raw\" data-block-weight=\"5\" data-block-id=\"10\">\n<div class=\"content-intertitle\">\n<h2>Ordem de recebimento das restitui\u00e7\u00f5es<\/h2>\n<\/div>\n<\/div>\n<div id=\"chunk-6tnnj\">\n<div class=\"mc-column content-text active-extra-styles \" data-block-type=\"unstyled\" data-block-weight=\"10\" data-block-id=\"11\">\n<p class=\"content-text__container \" data-track-category=\"Link no Texto\" data-track-links=\"\">Os grupos priorit\u00e1rios, para recebimento das restitui\u00e7\u00f5es (por ordem), s\u00e3o:<\/p>\n<\/div>\n<\/div>\n<div class=\"mc-column content-text active-extra-styles\" data-block-type=\"raw\" data-block-weight=\"30\" data-block-id=\"12\">\n<ul class=\"content-unordered-list\">\n<li>idosos acima de 80 anos;<\/li>\n<li>idosos entre 60 e 79 anos;<\/li>\n<li>contribuintes com alguma defici\u00eancia f\u00edsica ou mental ou mol\u00e9stia grave;<\/li>\n<li>contribuintes cuja maior fonte de renda seja o magist\u00e9rio.<\/li>\n<\/ul>\n<\/div>\n<div id=\"chunk-d90ih\">\n<div class=\"mc-column content-text active-extra-styles \" data-block-type=\"unstyled\" data-block-weight=\"21\" data-block-id=\"13\">\n<p class=\"content-text__container \" data-track-category=\"Link no Texto\" data-track-links=\"\">Normalmente, ap\u00f3s o pagamento dos grupos priorit\u00e1rios, a ordem de recebimento tinha por regra a data de entrega das declara\u00e7\u00f5es.<\/p>\n<\/div>\n<\/div>\n<div id=\"chunk-tc48\">\n<div class=\"mc-column content-text active-extra-styles \" data-block-type=\"unstyled\" data-block-weight=\"36\" data-block-id=\"14\">\n<p class=\"content-text__container \" data-track-category=\"Link no Texto\" data-track-links=\"\">Neste ano, por\u00e9m, a Receita Federal informou que ser\u00e1 priorizado o pagamento das restitui\u00e7\u00f5es de contribuintes que adotarem o\u00a0<a href=\"https:\/\/g1.globo.com\/economia\/imposto-de-renda\/noticia\/2023\/02\/27\/imposto-de-renda-2023-declaracoes-pre-preenchidas-e-restituicoes-via-pix-furarao-fila-e-terao-prioridade-no-recebimento.ghtml\">modelo pr\u00e9-preenchido, ou que optarem por receber a restitui\u00e7\u00e3o via PIX\u00a0<\/a>(sistema de transfer\u00eancias em tempo real).<\/p>\n<\/div>\n<\/div>\n<div id=\"chunk-15fme\">\n<div class=\"mc-column content-text active-extra-styles \" data-block-type=\"unstyled\" data-block-weight=\"59\" data-block-id=\"15\">\n<p class=\"content-text__container \" data-track-category=\"Link no Texto\" data-track-links=\"\"><strong>Por exemplo<\/strong>: um contribuinte que n\u00e3o est\u00e1 nos grupos priorit\u00e1rios entrega a declara\u00e7\u00e3o em 15 de mar\u00e7o, logo no in\u00edcio do prazo legal, e n\u00e3o apresenta declara\u00e7\u00e3o pr\u00e9-preenchida ou informa o PIX. Ele receber\u00e1 a restitui\u00e7\u00e3o depois de outra pessoa que enviou o documento no \u00faltimo dia do prazo legal, em 31 de maio (que tenha usado esses procedimentos).<\/p>\n<\/div>\n<\/div>\n<div id=\"chunk-jg80\">\n<div class=\"mc-column content-text active-extra-styles \" data-block-type=\"unstyled\" data-block-weight=\"53\" data-block-id=\"16\">\n<p class=\"content-text__container \" data-track-category=\"Link no Texto\" data-track-links=\"\">A explica\u00e7\u00e3o da Receita Federal \u00e9 que est\u00e1 sendo criada uma outra faixa de prioridade (veja abaixo), incluindo os contribuintes que entregaram a declara\u00e7\u00e3o pr\u00e9-preenchida ou que informaram o PIX para recebimento dos valores. Eles passar\u00e3o a &#8220;furar a fila&#8221;, que antes era estabelecida somente com base na ordem de entrega dos documentos.<\/p>\n<\/div>\n<\/div>\n<div class=\"mc-column content-text active-extra-styles\" data-block-type=\"raw\" data-block-weight=\"7\" data-block-id=\"18\">\n<div class=\"content-intertitle\">\n<h2>\u00c9 obrigado a declarar IR em 2023<\/h2>\n<\/div>\n<\/div>\n<div class=\"mc-column content-text active-extra-styles\" data-block-type=\"raw\" data-block-weight=\"193\" data-block-id=\"19\">\n<ul class=\"content-unordered-list\">\n<li>quem recebeu rendimentos tribut\u00e1veis acima de R$ 28.559,70 em 2022. O valor \u00e9 o mesmo da declara\u00e7\u00e3o do IR do ano passado;<\/li>\n<li>contribuintes que receberam rendimentos isentos, n\u00e3o-tribut\u00e1veis ou tributados exclusivamente na fonte, cuja soma tenha sido superior a R$ 40 mil no ano passado;<\/li>\n<li>quem obteve, em qualquer m\u00eas de 2022, ganho de capital na aliena\u00e7\u00e3o de bens ou direitos, sujeito \u00e0 incid\u00eancia do imposto, ou realizou opera\u00e7\u00f5es em bolsas de valores, de mercadorias, de futuros e assemelhadas cuja soma foi superior a R$ 40.000,00 (quarenta mil reais), ou com apura\u00e7\u00e3o de ganhos l\u00edquidos sujeitas \u00e0 incid\u00eancia do imposto;<\/li>\n<li>quem teve isen\u00e7\u00e3o de imposto sobre o ganho de capital na venda de im\u00f3veis residenciais, seguido de aquisi\u00e7\u00e3o de outro im\u00f3vel residencial no prazo de 180 dias;<\/li>\n<li>quem teve, em 2022, receita bruta em valor superior a R$ 142.798,50 em atividade rural;<\/li>\n<li>quem tinha, at\u00e9 31 de dezembro de 2022, a posse ou a propriedade de bens ou direitos, inclusive terra nua, de valor total superior a R$ 300 mil;<\/li>\n<li>quem passou para a condi\u00e7\u00e3o de residente no Brasil em qualquer m\u00eas e se encontrava nessa condi\u00e7\u00e3o at\u00e9 31 de dezembro de 2022.<\/li>\n<\/ul>\n<\/div>\n<\/div>\n<\/article>\n<\/div>\n","protected":false},"excerpt":{"rendered":"<p>Imposto de Renda 2023 \u2014 Foto: Arte \/ g1 O programa utilizado para declara\u00e7\u00e3o do Imposto de Renda 2023, ano-base 2022, foi liberado pela Receita Federal para download a partir desta quinta-feira (9). Por\u00e9m, o sistema deve estar dispon\u00edvel a partir de 9h. A previs\u00e3o inicial do \u00f3rg\u00e3o era de que o programa\u00a0seria disponibilizado no [&hellip;]<\/p>\n","protected":false},"author":2,"featured_media":0,"comment_status":"open","ping_status":"open","sticky":false,"template":"","format":"standard","meta":{"_links_to":"","_links_to_target":""},"categories":[7,9,8,1],"tags":[],"_links":{"self":[{"href":"https:\/\/www.ilheusnoticias.net.br\/v1\/wp-json\/wp\/v2\/posts\/31202"}],"collection":[{"href":"https:\/\/www.ilheusnoticias.net.br\/v1\/wp-json\/wp\/v2\/posts"}],"about":[{"href":"https:\/\/www.ilheusnoticias.net.br\/v1\/wp-json\/wp\/v2\/types\/post"}],"author":[{"embeddable":true,"href":"https:\/\/www.ilheusnoticias.net.br\/v1\/wp-json\/wp\/v2\/users\/2"}],"replies":[{"embeddable":true,"href":"https:\/\/www.ilheusnoticias.net.br\/v1\/wp-json\/wp\/v2\/comments?post=31202"}],"version-history":[{"count":1,"href":"https:\/\/www.ilheusnoticias.net.br\/v1\/wp-json\/wp\/v2\/posts\/31202\/revisions"}],"predecessor-version":[{"id":31203,"href":"https:\/\/www.ilheusnoticias.net.br\/v1\/wp-json\/wp\/v2\/posts\/31202\/revisions\/31203"}],"wp:attachment":[{"href":"https:\/\/www.ilheusnoticias.net.br\/v1\/wp-json\/wp\/v2\/media?parent=31202"}],"wp:term":[{"taxonomy":"category","embeddable":true,"href":"https:\/\/www.ilheusnoticias.net.br\/v1\/wp-json\/wp\/v2\/categories?post=31202"},{"taxonomy":"post_tag","embeddable":true,"href":"https:\/\/www.ilheusnoticias.net.br\/v1\/wp-json\/wp\/v2\/tags?post=31202"}],"curies":[{"name":"wp","href":"https:\/\/api.w.org\/{rel}","templated":true}]}}