{"id":31199,"date":"2023-03-09T07:48:03","date_gmt":"2023-03-09T10:48:03","guid":{"rendered":"https:\/\/www.ilheusnoticias.net.br\/v1\/?p=31199"},"modified":"2023-03-09T07:48:54","modified_gmt":"2023-03-09T10:48:54","slug":"guarda-municipal-de-ilheus-promove-cafe-da-manha-em-homenagem-ao-dia-internacional-da-mulher","status":"publish","type":"post","link":"https:\/\/www.ilheusnoticias.net.br\/v1\/2023\/03\/09\/guarda-municipal-de-ilheus-promove-cafe-da-manha-em-homenagem-ao-dia-internacional-da-mulher\/","title":{"rendered":"Guarda Municipal de Ilh\u00e9us promove caf\u00e9 da manh\u00e3 em homenagem ao Dia Internacional da Mulher"},"content":{"rendered":"<div class=\"imagem thumbnail col-xs-12 col-sm-8 col-md-6 col-lg-6 imagem-materia\"><a class=\"fresco\" title=\"\" href=\"https:\/\/portalfacilarquivos.blob.core.windows.net\/uploads\/ILHEUS\/imgOrig\/%7BD01ACB21-CCEA-CBA8-DEA4-C78CABBCD38A%7D.jpg\" data-fresco-caption=\"\"><img loading=\"lazy\" title=\"\" src=\"https:\/\/portalfacilarquivos.blob.core.windows.net\/uploads\/ILHEUS\/img\/%7BD01ACB21-CCEA-CBA8-DEA4-C78CABBCD38A%7D\/%7BD01ACB21-CCEA-CBA8-DEA4-C78CABBCD38A%7D_650X450.jpg\" alt=\"GCM\" width=\"650\" height=\"450\" \/><\/a><\/div>\n<p>Em comemora\u00e7\u00e3o ao Dia Internacional da Mulher, a Guarda Civil Municipal (GCM) de Ilh\u00e9us promoveu um caf\u00e9 da manh\u00e3 especial nesta quarta-feira (8), no audit\u00f3rio do Centro Administrativo da Conquista, com m\u00fasica ao vivo e entrega de brindes. O encontro destacou a import\u00e2ncia da mulher e as conquistas alcan\u00e7adas ao longo dos anos, incluindo a participa\u00e7\u00e3o feminina nas For\u00e7as de Seguran\u00e7a. Atualmente, o efetivo da GCM soma 182 servidores, dos quais 15 s\u00e3o mulheres.<\/p>\n<div class=\"imagem thumbnail col-xs-12 col-sm-8 col-md-6 col-lg-6 imagem-materia\"><a class=\"fresco\" title=\"\" href=\"https:\/\/portalfacilarquivos.blob.core.windows.net\/uploads\/ILHEUS\/imgOrig\/%7BBDB036E8-BBE7-4710-5EC0-ADCB3CDDCAED%7D.jpg\" data-fresco-caption=\"\"><img loading=\"lazy\" title=\"\" src=\"https:\/\/portalfacilarquivos.blob.core.windows.net\/uploads\/ILHEUS\/img\/%7BBDB036E8-BBE7-4710-5EC0-ADCB3CDDCAED%7D\/%7BBDB036E8-BBE7-4710-5EC0-ADCB3CDDCAED%7D_650X450.jpg\" alt=\"GCM\" width=\"650\" height=\"450\" \/><\/a><\/div>\n<p>Representando o prefeito M\u00e1rio Alexandre, o secret\u00e1rio Marcelo Barreto elogiou a atua\u00e7\u00e3o de todas as servidoras da corpora\u00e7\u00e3o, que al\u00e9m de profissionais s\u00e3o m\u00e3es e esposas. O comandante da GCM, Rosivaldo Oliveira, comentou sobre a valoriza\u00e7\u00e3o das servidoras, atrav\u00e9s de diferentes a\u00e7\u00f5es.<\/p>\n<p>\u201cAlgumas colegas fazem parte do Grupamento Operacional Cicl\u00edstico e em breve far\u00e3o parte da Ronda Ostensiva Municipal. Promovemos essa homenagem para marcar essa data t\u00e3o importante e especial. Vamos continuar fortalecendo o trabalho de cada servidora, a fim de que elas tenham mais efetividade na corpora\u00e7\u00e3o\u201d.<\/p>\n<div class=\"imagem thumbnail col-xs-12 col-sm-8 col-md-6 col-lg-6 imagem-materia\">\n<p><a class=\"fresco\" title=\"\" href=\"https:\/\/portalfacilarquivos.blob.core.windows.net\/uploads\/ILHEUS\/imgOrig\/%7BCE1DDE8D-50EB-8D17-AE0D-888DBE1BAE58%7D.jpg\" data-fresco-caption=\"\"><img loading=\"lazy\" title=\"\" src=\"https:\/\/portalfacilarquivos.blob.core.windows.net\/uploads\/ILHEUS\/img\/%7BCE1DDE8D-50EB-8D17-AE0D-888DBE1BAE58%7D\/%7BCE1DDE8D-50EB-8D17-AE0D-888DBE1BAE58%7D_650X450.jpg\" alt=\"GCM\" width=\"650\" height=\"450\" \/><\/a><\/p>\n<p class=\"bg-primary\">A Guarda Civil Municipal \u00e9 subordinada \u00e0 Secretaria de Ordem P\u00fablica, que tem como secret\u00e1rio o tenente-coronel da reserva da Pol\u00edcia Militar da Bahia, Marcelo Barreto. Atualmente, a institui\u00e7\u00e3o \u00e9 comandada pelo GCM Rosivaldo Oliveira (comandante) e o GCM Victor (subcomandante). Entre as suas fun\u00e7\u00f5es operacionais, est\u00e3o a seguran\u00e7a do cidad\u00e3o e o zelo pelo patrim\u00f4nio p\u00fablico.<\/p>\n<\/div>\n","protected":false},"excerpt":{"rendered":"<p>Em comemora\u00e7\u00e3o ao Dia Internacional da Mulher, a Guarda Civil Municipal (GCM) de Ilh\u00e9us promoveu um caf\u00e9 da manh\u00e3 especial nesta quarta-feira (8), no audit\u00f3rio do Centro Administrativo da Conquista, com m\u00fasica ao vivo e entrega de brindes. O encontro destacou a import\u00e2ncia da mulher e as conquistas alcan\u00e7adas ao longo dos anos, incluindo a [&hellip;]<\/p>\n","protected":false},"author":2,"featured_media":0,"comment_status":"open","ping_status":"open","sticky":false,"template":"","format":"standard","meta":{"_links_to":"","_links_to_target":""},"categories":[7,9,8,1],"tags":[],"_links":{"self":[{"href":"https:\/\/www.ilheusnoticias.net.br\/v1\/wp-json\/wp\/v2\/posts\/31199"}],"collection":[{"href":"https:\/\/www.ilheusnoticias.net.br\/v1\/wp-json\/wp\/v2\/posts"}],"about":[{"href":"https:\/\/www.ilheusnoticias.net.br\/v1\/wp-json\/wp\/v2\/types\/post"}],"author":[{"embeddable":true,"href":"https:\/\/www.ilheusnoticias.net.br\/v1\/wp-json\/wp\/v2\/users\/2"}],"replies":[{"embeddable":true,"href":"https:\/\/www.ilheusnoticias.net.br\/v1\/wp-json\/wp\/v2\/comments?post=31199"}],"version-history":[{"count":2,"href":"https:\/\/www.ilheusnoticias.net.br\/v1\/wp-json\/wp\/v2\/posts\/31199\/revisions"}],"predecessor-version":[{"id":31201,"href":"https:\/\/www.ilheusnoticias.net.br\/v1\/wp-json\/wp\/v2\/posts\/31199\/revisions\/31201"}],"wp:attachment":[{"href":"https:\/\/www.ilheusnoticias.net.br\/v1\/wp-json\/wp\/v2\/media?parent=31199"}],"wp:term":[{"taxonomy":"category","embeddable":true,"href":"https:\/\/www.ilheusnoticias.net.br\/v1\/wp-json\/wp\/v2\/categories?post=31199"},{"taxonomy":"post_tag","embeddable":true,"href":"https:\/\/www.ilheusnoticias.net.br\/v1\/wp-json\/wp\/v2\/tags?post=31199"}],"curies":[{"name":"wp","href":"https:\/\/api.w.org\/{rel}","templated":true}]}}