{"id":31197,"date":"2023-03-08T07:16:35","date_gmt":"2023-03-08T10:16:35","guid":{"rendered":"https:\/\/www.ilheusnoticias.net.br\/v1\/?p=31197"},"modified":"2023-03-08T07:16:35","modified_gmt":"2023-03-08T10:16:35","slug":"brasil-bate-recorde-de-feminicidios-em-2022-com-uma-mulher-morta-a-cada-6-horas","status":"publish","type":"post","link":"https:\/\/www.ilheusnoticias.net.br\/v1\/2023\/03\/08\/brasil-bate-recorde-de-feminicidios-em-2022-com-uma-mulher-morta-a-cada-6-horas\/","title":{"rendered":"Brasil bate recorde de feminic\u00eddios em 2022, com uma mulher morta a cada 6 horas"},"content":{"rendered":"<div class=\"row content-head non-featured \">\n<div class=\"title\" data-block-type=\"title\" data-block-id=\"0\">\n<h1 class=\"content-head__title\"><span style=\"font-size: 16px;\">N\u00famero de v\u00edtimas cresceu 5% no \u00faltimo ano, mostra levantamento exclusivo do Monitor da Viol\u00eancia. Foram 1,4 mil mortes motivadas pelo g\u00eanero. Alta de casos vai na contram\u00e3o dos assassinatos, que tiveram queda de 1% em 2022.<\/span><\/h1>\n<\/div>\n<\/div>\n<div class=\"content__signa-share\">\n<div class=\"content__signature\">\n<div class=\"content-publication-data\">\n<div class=\"content-publication-data__text\">\n<p class=\"content-publication-data__from\" title=\"Clara Velasco, Felipe Grandin, Marina Pinhoni e Victor Farias, g1\">Por Clara Velasco, Felipe Grandin, Marina Pinhoni e Victor Farias, g1<\/p>\n<p class=\"content-publication-data__updated\"><time datetime=\"2023-03-08T06:30:07.889Z\">08\/03\/2023 03h30\u00a0<\/time><span class=\"content-publication-data__updated-relative\">\u00a0<time datetime=\"2023-03-08T06:30:08.369Z\">Atualizado\u00a0<time datetime=\"2023-03-08T06:30:08.369Z\">h\u00e1 3 horas<\/time><\/time><\/span><\/p>\n<\/div>\n<\/div>\n<\/div>\n<div class=\"content__share-bar content__share-bar--cloned\" data-position=\"upper\"><img class=\"content-video__placeholder__thumb\" title=\"Monitor da Viol\u00eancia: Feminic\u00eddios crescem no Brasil em 2022\" src=\"https:\/\/s03.video.glbimg.com\/x240\/11428162.jpg\" alt=\"Monitor da Viol\u00eancia: Feminic\u00eddios crescem no Brasil em 2022\" \/><\/div>\n<\/div>\n<div class=\"mc-article-body\">\n<article>\n<div id=\"chunk-cmdlf\">\n<div class=\"bs-video-block mc-column  content-media content-video\" data-block-type=\"backstage-video\" data-block-id=\"1\">\n<div class=\"content-media__container\">\n<p class=\"content-media__description\">Monitor da Viol\u00eancia: Feminic\u00eddios crescem no Brasil em 2022<\/p>\n<\/div>\n<\/div>\n<\/div>\n<div id=\"chunk-4u8ul\">\n<div class=\"mc-column content-text active-extra-styles \" data-block-type=\"unstyled\" data-block-weight=\"73\" data-block-id=\"3\">\n<p class=\"content-text__container \" data-track-category=\"Link no Texto\" data-track-links=\"\">O Brasil teve um aumento de 5% nos casos de feminic\u00eddio em 2022 em compara\u00e7\u00e3o com 2021, aponta levantamento feito pelo g1 com base nos dados oficiais dos 26 estados e do Distrito federal.\u00a0<span class=\"highlight highlighted\">S\u00e3o 1,4 mil mulheres mortas apenas pelo fato de serem mulheres &#8211; uma a cada 6 horas, em m\u00e9dia.<\/span>\u00a0Este n\u00famero \u00e9 o maior registrado no pa\u00eds desde que a lei de feminic\u00eddio entrou em vigor, em 2015.<\/p>\n<\/div>\n<\/div>\n<div class=\"wall protected-content\">\n<div id=\"chunk-507r9\">\n<div class=\"mc-column content-text active-extra-styles \" data-block-type=\"unstyled\" data-block-weight=\"44\" data-block-id=\"4\">\n<p class=\"content-text__container \" data-track-category=\"Link no Texto\" data-track-links=\"\"><span class=\"highlight highlighted\">A alta acontece na contram\u00e3o do n\u00famero de assassinatos<\/span>, que<a href=\"https:\/\/g1.globo.com\/monitor-da-violencia\/noticia\/2023\/03\/01\/numero-de-assassinatos-cai-1percent-no-brasil-em-2022.ghtml\">\u00a0foi o menor da s\u00e9rie hist\u00f3rica<\/a>\u00a0do Monitor da Viol\u00eancia e do F\u00f3rum Brasileiro de Seguran\u00e7a P\u00fablica (FBSP). Com 40,8 mil casos, o pa\u00eds teve 1% menos mortes em 2022 que em 2021.<\/p>\n<\/div>\n<\/div>\n<div id=\"chunk-fuio9\">\n<div class=\"content-ads content-ads--reveal\" data-block-type=\"ads\" data-block-id=\"5\">\n<div id=\"banner_materia2\" class=\"tag-manager-publicidade-container mc-has-reveal mc-has-ad-lazyload tag-manager-publicidade-banner_materia2 tag-manager-publicidade-container--carregado tag-manager-publicidade-container--visivel\" data-id=\"banner_materia2\" data-google-query-id=\"COjY4uqLzP0CFS2ilQIdkOEL0A\">\n<div id=\"google_ads_iframe_\/95377733\/tvg_G1\/Monitor_da_Violencia_3__container__\"><\/div>\n<\/div>\n<\/div>\n<\/div>\n<div id=\"chunk-5tt7r\">\n<div class=\"row medium-uncollapsed content-media content-photo\" data-block-type=\"backstage-photo\" data-block-id=\"6\">\n<div class=\"mc-column content-media__container\">\n<div class=\"content-media-container glb-skeleton-box\">\n<figure class=\"content-media-figure\"><img class=\"i-amphtml-fill-content i-amphtml-replaced-content\" src=\"https:\/\/s2.glbimg.com\/nQ-_8qxP9wHQAUgm_vecFJrGids=\/0x0:1200x3949\/984x0\/smart\/filters:strip_icc()\/i.s3.glbimg.com\/v1\/AUTH_59edd422c0c84a879bd37670ae4f538a\/internal_photos\/bs\/2023\/M\/E\/0YAGBJQyCRxcgAOUd5Iw\/0703-feminicidiov3-v.jpg\" sizes=\"(max-width: 1707px) 648px, 100vw\" srcset=\"https:\/\/s2.glbimg.com\/_NKDcauDRmlCQlVbIRh-2C2z0fg=\/0x0:1200x3949\/1000x0\/smart\/filters:strip_icc()\/i.s3.glbimg.com\/v1\/AUTH_59edd422c0c84a879bd37670ae4f538a\/internal_photos\/bs\/2023\/M\/E\/0YAGBJQyCRxcgAOUd5Iw\/0703-feminicidiov3-v.jpg 1000w, https:\/\/s2.glbimg.com\/nQ-_8qxP9wHQAUgm_vecFJrGids=\/0x0:1200x3949\/984x0\/smart\/filters:strip_icc()\/i.s3.glbimg.com\/v1\/AUTH_59edd422c0c84a879bd37670ae4f538a\/internal_photos\/bs\/2023\/M\/E\/0YAGBJQyCRxcgAOUd5Iw\/0703-feminicidiov3-v.jpg 984w, https:\/\/s2.glbimg.com\/RIy4UxpXsbH0ecFsfnmJ__yL2ZM=\/0x0:1200x3949\/640x0\/smart\/filters:strip_icc()\/i.s3.glbimg.com\/v1\/AUTH_59edd422c0c84a879bd37670ae4f538a\/internal_photos\/bs\/2023\/M\/E\/0YAGBJQyCRxcgAOUd5Iw\/0703-feminicidiov3-v.jpg 640w, https:\/\/s2.glbimg.com\/aqnP-m9dF41K97luw_ejn6WXv3k=\/0x0:1200x3949\/600x0\/smart\/filters:strip_icc()\/i.s3.glbimg.com\/v1\/AUTH_59edd422c0c84a879bd37670ae4f538a\/internal_photos\/bs\/2023\/M\/E\/0YAGBJQyCRxcgAOUd5Iw\/0703-feminicidiov3-v.jpg 600w\" alt=\"Assassinatos de mulheres e feminic\u00eddios em 2022 \u2014 Foto: Luisa Rivas\/g1\" \/><\/figure>\n<\/div>\n<p class=\"content-media__description \">Assassinatos de mulheres e feminic\u00eddios em 2022 \u2014 Foto: Luisa Rivas\/g1<\/p>\n<\/div>\n<\/div>\n<\/div>\n<div id=\"chunk-cna3v\">\n<div class=\"mc-column content-text active-extra-styles \" data-block-type=\"unstyled\" data-block-weight=\"32\" data-block-id=\"7\">\n<p class=\"content-text__container \" data-track-category=\"Link no Texto\" data-track-links=\"\">Se forem consideradas apenas as mortes de mulheres, o que inclui tamb\u00e9m os casos que s\u00e3o classificados como feminic\u00eddios, o n\u00famero cresceu 3% de um ano para o outro &#8211; para 3.930.<\/p>\n<\/div>\n<\/div>\n<div class=\"mc-column content-text active-extra-styles\" data-block-type=\"raw\" data-block-weight=\"38\" data-block-id=\"8\">\n<ul class=\"content-unordered-list\">\n<li><strong>AN\u00c1LISE DO FBSP:\u00a0<\/strong>N\u00fameros de uma trag\u00e9dia anunciada: 10 mulheres assassinadas todos os dias no Brasil<\/li>\n<li><strong>AN\u00c1LISE DO NEV-USP:<\/strong>\u00a0Aumento dos feminic\u00eddios no Brasil mostra que mulheres ainda n\u00e3o conquistaram o direito \u00e0 vida<\/li>\n<li><strong>METODOLOGIA:<\/strong>\u00a0<a href=\"https:\/\/g1.globo.com\/monitor-da-violencia\/noticia\/monitor-da-violencia-metodologia.ghtml\">Monitor da Viol\u00eancia<\/a><\/li>\n<\/ul>\n<\/div>\n<div id=\"chunk-chsul\">\n<div class=\"mc-column content-text active-extra-styles \" data-block-type=\"unstyled\" data-block-weight=\"4\" data-block-id=\"9\">\n<p class=\"content-text__container \" data-track-category=\"Link no Texto\" data-track-links=\"\">Esta reportagem revela que:<\/p>\n<\/div>\n<\/div>\n<div class=\"mc-column content-text active-extra-styles\" data-block-type=\"raw\" data-block-weight=\"89\" data-block-id=\"10\">\n<ul class=\"content-unordered-list\">\n<li>o Brasil teve\u00a0<strong>3,9 mil homic\u00eddios dolosos de mulheres em 2022<\/strong>\u00a0(aumento de 2,6% em rela\u00e7\u00e3o ao ano anterior)<\/li>\n<li>foram\u00a0<strong>1,4 mil feminic\u00eddios<\/strong>, o maior n\u00famero j\u00e1 registrado desde que a lei entrou em vigor, em 2015<\/li>\n<li><strong>12 estados registraram alta<\/strong>\u00a0no n\u00famero de homic\u00eddios de mulheres<\/li>\n<li><strong>14 estados tiveram mais v\u00edtimas de feminic\u00eddio<\/strong>\u00a0de um ano para o outro<\/li>\n<li>Mato Grosso do Sul e Rond\u00f4nia s\u00e3o os\u00a0<strong>estados com o maior \u00edndice de homic\u00eddios de mulheres<\/strong><\/li>\n<li>MS e RO tamb\u00e9m t\u00eam as\u00a0<strong>maiores taxas de feminic\u00eddios do pa\u00eds<\/strong><\/li>\n<\/ul>\n<\/div>\n<div id=\"chunk-e0cm8\">\n<div class=\"mc-column content-text active-extra-styles \" data-block-type=\"unstyled\" data-block-weight=\"35\" data-block-id=\"12\">\n<p class=\"content-text__container \" data-track-category=\"Link no Texto\" data-track-links=\"\">O levantamento faz parte do Monitor da Viol\u00eancia, uma parceria do\u00a0<a href=\"https:\/\/g1.globo.com\/\"><strong>g1<\/strong><\/a> com o N\u00facleo de Estudos da viol\u00eancia da USP (NEV-USP) e o FBSP. Nesta quarta (8), \u00e9 celebrado o Dia Internacional da Mulher.<\/p>\n<\/div>\n<\/div>\n<div class=\"mc-column content-text active-extra-styles\" data-block-type=\"raw\" data-block-weight=\"3\" data-block-id=\"13\">\n<div class=\"content-intertitle\">\n<h2>Tortura, ci\u00fame, amea\u00e7as<\/h2>\n<\/div>\n<\/div>\n<div id=\"chunk-64dgs\">\n<div class=\"mc-column content-text active-extra-styles \" data-block-type=\"unstyled\" data-block-weight=\"50\" data-block-id=\"14\">\n<p class=\"content-text__container \" data-track-category=\"Link no Texto\" data-track-links=\"\">Francielle Alc\u00e2ntara, de 36 anos, Camilla Alves, de 29, e Darlene Ara\u00fajo, de 38, s\u00e3o algumas das mulheres que perderam a vida em casos de feminic\u00eddio no Brasil em 2022. Os crimes mostram a repeti\u00e7\u00e3o das agress\u00f5es, a falta de prote\u00e7\u00e3o do Estado e a desestrutura\u00e7\u00e3o familiar ap\u00f3s os crimes.<\/p>\n<\/div>\n<\/div>\n<div id=\"chunk-akp8g\">\n<div class=\"mc-column content-text active-extra-styles \" data-block-type=\"unstyled\" data-block-weight=\"51\" data-block-id=\"15\">\n<p class=\"content-text__container \" data-track-category=\"Link no Texto\" data-track-links=\"\">Francielle foi torturada pelo marido durante um m\u00eas na frente do filho de 1 ano antes de morrer. Camila j\u00e1 tinha registrado queixa por viol\u00eancia dom\u00e9stica na delegacia contra seu assassino. Darlene foi morta a facadas na frente dos filhos pelo marido, que j\u00e1 tinha sido preso tr\u00eas vezes por agredi-la.<\/p>\n<\/div>\n<\/div>\n<div id=\"chunk-a0f4v\">\n<div class=\"mc-column content-text active-extra-styles \" data-block-type=\"unstyled\" data-block-weight=\"25\" data-block-id=\"16\">\n<p class=\"content-text__container \" data-track-category=\"Link no Texto\" data-track-links=\"\">De acordo com o Anu\u00e1rio de Seguran\u00e7a P\u00fablica, do FBSP, 8 em cada 10 crimes de feminic\u00eddio s\u00e3o cometidos pelo parceiro ou ex-parceiro da v\u00edtima.<\/p>\n<\/div>\n<\/div>\n<div id=\"chunk-57d88\">\n<div class=\"mc-column content-text active-extra-styles \" data-block-type=\"unstyled\" data-block-weight=\"34\" data-block-id=\"17\">\n<p class=\"content-text__container \" data-track-category=\"Link no Texto\" data-track-links=\"\">&#8220;Ao contr\u00e1rio dos homic\u00eddios em geral, cujas motiva\u00e7\u00f5es s\u00e3o as mais variadas, os feminic\u00eddios t\u00eam sempre o mesmo cerne: a desigualdade de g\u00eanero&#8221;, afirmam as pesquisadoras Debora Piccirillo e Giane Silvestre, pesquisadoras do NEV-USP.<\/p>\n<\/div>\n<\/div>\n<div class=\"mc-column content-text active-extra-styles\" data-block-type=\"raw\" data-block-weight=\"49\" data-block-id=\"18\">\n<blockquote class=\"content-blockquote theme-border-color-primary-before\"><p>&#8220;Esta desigualdade, que est\u00e1 presente nas rela\u00e7\u00f5es sociais, \u00e9 baseada na cren\u00e7a de que as mulheres s\u00e3o subalternas aos homens e que suas vontades s\u00e3o menos relevantes. A viol\u00eancia de g\u00eanero reflete a radicaliza\u00e7\u00e3o desta cren\u00e7a que, muitas vezes, transforma as mulheres em objetos e &#8216;propriedade&#8217; de seus parceiros.&#8221;<\/p><\/blockquote>\n<\/div>\n<div class=\"mc-column content-text active-extra-styles\" data-block-type=\"raw\" data-block-weight=\"8\" data-block-id=\"20\">\n<div class=\"content-intertitle\">\n<h2>Alta de feminic\u00eddio: mais registros ou mais viol\u00eancia?<\/h2>\n<\/div>\n<\/div>\n<div id=\"chunk-1aqpr\">\n<div class=\"mc-column content-text active-extra-styles \" data-block-type=\"unstyled\" data-block-weight=\"19\" data-block-id=\"21\">\n<p class=\"content-text__container \" data-track-category=\"Link no Texto\" data-track-links=\"\">Desde 2015, quando a lei passou a valer, os n\u00fameros de feminic\u00eddios t\u00eam crescido a cada ano no Brasil.<\/p>\n<\/div>\n<\/div>\n<div id=\"chunk-8lri\">\n<div class=\"mc-column content-text active-extra-styles \" data-block-type=\"unstyled\" data-block-weight=\"61\" data-block-id=\"22\">\n<p class=\"content-text__container \" data-track-category=\"Link no Texto\" data-track-links=\"\">Como \u00e9 poss\u00edvel ver no gr\u00e1fico abaixo, o n\u00famero de feminic\u00eddios de 2022 \u00e9 o mais alto da s\u00e9rie hist\u00f3rica do Monitor da Viol\u00eancia e do F\u00f3rum Brasileiro de Seguran\u00e7a P\u00fablica. Vale notar, por\u00e9m, que diversos estados ainda n\u00e3o possu\u00edam dados de feminic\u00eddios em 2015, 2016 e 2017. Os dados apenas s\u00e3o referentes a todos os estados a partir de 2018.<\/p>\n<\/div>\n<\/div>\n<div id=\"chunk-8kkgd\">\n<div class=\"row medium-uncollapsed content-media content-photo\" data-block-type=\"backstage-photo\" data-block-id=\"23\">\n<div class=\"mc-column content-media__container\">\n<div class=\"content-media-container glb-skeleton-box\">\n<figure class=\"content-media-figure\"><img class=\"i-amphtml-fill-content i-amphtml-replaced-content\" src=\"https:\/\/s2.glbimg.com\/h067Cz89-tnMXijrkau_O3Qc67s=\/0x0:1200x2346\/984x0\/smart\/filters:strip_icc()\/i.s3.glbimg.com\/v1\/AUTH_59edd422c0c84a879bd37670ae4f538a\/internal_photos\/bs\/2023\/b\/v\/PSPkMKT5yKrt1nYrqOnw\/0703-feminicidios-alta-v3.png\" sizes=\"(max-width: 1707px) 648px, 100vw\" srcset=\"https:\/\/s2.glbimg.com\/e660mdz9GBohPj8WW4ewCtjylAc=\/0x0:1200x2346\/1000x0\/smart\/filters:strip_icc()\/i.s3.glbimg.com\/v1\/AUTH_59edd422c0c84a879bd37670ae4f538a\/internal_photos\/bs\/2023\/b\/v\/PSPkMKT5yKrt1nYrqOnw\/0703-feminicidios-alta-v3.png 1000w, https:\/\/s2.glbimg.com\/h067Cz89-tnMXijrkau_O3Qc67s=\/0x0:1200x2346\/984x0\/smart\/filters:strip_icc()\/i.s3.glbimg.com\/v1\/AUTH_59edd422c0c84a879bd37670ae4f538a\/internal_photos\/bs\/2023\/b\/v\/PSPkMKT5yKrt1nYrqOnw\/0703-feminicidios-alta-v3.png 984w, https:\/\/s2.glbimg.com\/QPG0KeXg2FlboeWUxDlqkD6hbTg=\/0x0:1200x2346\/640x0\/smart\/filters:strip_icc()\/i.s3.glbimg.com\/v1\/AUTH_59edd422c0c84a879bd37670ae4f538a\/internal_photos\/bs\/2023\/b\/v\/PSPkMKT5yKrt1nYrqOnw\/0703-feminicidios-alta-v3.png 640w, https:\/\/s2.glbimg.com\/8w2nBljIhePLwoZQ8iuDfSUAIoI=\/0x0:1200x2346\/600x0\/smart\/filters:strip_icc()\/i.s3.glbimg.com\/v1\/AUTH_59edd422c0c84a879bd37670ae4f538a\/internal_photos\/bs\/2023\/b\/v\/PSPkMKT5yKrt1nYrqOnw\/0703-feminicidios-alta-v3.png 600w\" alt=\"Feminic\u00eddios em rela\u00e7\u00e3o ao total de assassinato de mulheres \u2014 Foto: Luisa Rivas\/g1\" \/><\/figure>\n<\/div>\n<p class=\"content-media__description \">Feminic\u00eddios em rela\u00e7\u00e3o ao total de assassinato de mulheres \u2014 Foto: Luisa Rivas\/g1<\/p>\n<\/div>\n<\/div>\n<\/div>\n<div id=\"chunk-d52mi\">\n<div class=\"mc-column content-text active-extra-styles \" data-block-type=\"unstyled\" data-block-weight=\"38\" data-block-id=\"24\">\n<p class=\"content-text__container \" data-track-category=\"Link no Texto\" data-track-links=\"\">O aumento de casos pode ser um indicativo de que as pol\u00edcias est\u00e3o cada vez mais se adequando \u00e0 legisla\u00e7\u00e3o e registrando corretamente o crime. Alguns especialistas apontam, por\u00e9m, que o crime est\u00e1, de fato, crescendo no Brasil.<\/p>\n<\/div>\n<\/div>\n<div id=\"chunk-13jmp\">\n<div class=\"mc-column content-text active-extra-styles \" data-block-type=\"unstyled\" data-block-weight=\"68\" data-block-id=\"26\">\n<p class=\"content-text__container \" data-track-category=\"Link no Texto\" data-track-links=\"\">Uma das explica\u00e7\u00f5es para a alta do feminic\u00eddio, em um per\u00edodo de queda dos homic\u00eddios, \u00e9 a\u00a0<span class=\"highlight highlighted\">redu\u00e7\u00e3o expressiva do investimento em pol\u00edticas de enfrentamento \u00e0 viol\u00eancia dom\u00e9stica e familiar<\/span>, afirmam Piccirillo e Silvestre, do NEV-USP. Durante o governo Bolsonaro, ressaltam elas,\u00a0<a href=\"https:\/\/g1.globo.com\/politica\/noticia\/2022\/09\/29\/governo-bolsonaro-propoe-94percent-menos-de-recursos-no-orcamento-para-combate-a-violencia-contra-mulheres-diz-levantamento.ghtml\">houve um corte expressivo da verba para essa \u00e1rea<\/a>, dinheiro destinado, principalmente, \u00e0s unidades da Casa da Mulher Brasileira e de Centros de Atendimento \u00e0s Mulheres.<\/p>\n<\/div>\n<\/div>\n<div id=\"chunk-6de9j\">\n<div class=\"mc-column content-text active-extra-styles \" data-block-type=\"unstyled\" data-block-weight=\"53\" data-block-id=\"27\">\n<p class=\"content-text__container \" data-track-category=\"Link no Texto\" data-track-links=\"\">Segundo as pesquisadoras,\u00a0<span class=\"highlight highlighted\">outros fatores s\u00e3o: a baixa fiscaliza\u00e7\u00e3o<\/span>, o que permite que mesmo mulheres com medidas protetivas se tornem v\u00edtimas de feminic\u00eddio; o\u00a0<span class=\"highlight highlighted\">aumento do n\u00famero de armas em circula\u00e7\u00e3o<\/span>, com o relaxamento das leis; e a ascens\u00e3o de movimentos conservadores que defendem a manuten\u00e7\u00e3o da\u00a0<span class=\"highlight highlighted\">desigualdade de g\u00eanero nas rela\u00e7\u00f5es sociais<\/span>.<\/p>\n<\/div>\n<\/div>\n<div id=\"chunk-eju67\">\n<div class=\"mc-column content-text active-extra-styles \" data-block-type=\"unstyled\" data-block-weight=\"32\" data-block-id=\"28\">\n<p class=\"content-text__container \" data-track-category=\"Link no Texto\" data-track-links=\"\">Samira Bueno e Isabela Sobral, do FBSP, ressaltam que a implementa\u00e7\u00e3o das leis de prote\u00e7\u00e3o \u00e0 mulher existentes, como a Lei Maria da Penha, poderia ter evitado muitos casos de feminic\u00eddio.<\/p>\n<\/div>\n<\/div>\n<div class=\"mc-column content-text active-extra-styles\" data-block-type=\"raw\" data-block-weight=\"44\" data-block-id=\"29\">\n<blockquote class=\"content-blockquote theme-border-color-primary-before\"><p>&#8220;N\u00e3o se trata, portanto, de crimes passionais, que ocorrem do dia para a noite, mas, pelo contr\u00e1rio, s\u00e3o fruto de uma escalada de diferentes formas de viol\u00eancia que geralmente iniciam com ofensas e humilha\u00e7\u00f5es, ci\u00fames excessivos, viol\u00eancia patrimonial, e evoluem para a viol\u00eancia f\u00edsica.&#8221;<\/p><\/blockquote>\n<\/div>\n<div id=\"chunk-774h\">\n<div class=\"mc-column content-text active-extra-styles \" data-block-type=\"unstyled\" data-block-weight=\"36\" data-block-id=\"30\">\n<p class=\"content-text__container \" data-track-category=\"Link no Texto\" data-track-links=\"\">As pesquisadoras lembram que maioria absoluta das mulheres v\u00edtimas de viol\u00eancia no ano passado n\u00e3o buscou nenhum equipamento estatal, segundo a pesquisa Vis\u00edvel e Invis\u00edvel: a vitimiza\u00e7\u00e3o de mulheres no Brasil,\u00a0<a href=\"https:\/\/g1.globo.com\/sp\/sao-paulo\/noticia\/2023\/03\/02\/35-mulheres-foram-agredidas-fisica-ou-verbalmente-por-minuto-no-brasil-em-2022-diz-pesquisa.ghtml\">divulgada na \u00faltima semana<\/a>.<\/p>\n<\/div>\n<\/div>\n<div id=\"chunk-6r8s1\">\n<div class=\"mc-column content-text active-extra-styles \" data-block-type=\"unstyled\" data-block-weight=\"51\" data-block-id=\"32\">\n<p class=\"content-text__container \" data-track-category=\"Link no Texto\" data-track-links=\"\">Samira e Isabela destacam que a qualidade da informa\u00e7\u00e3o sobre os registros de feminic\u00eddio melhorou, mas ainda h\u00e1 espa\u00e7o para aprimoramento. &#8220;Temos observado que em v\u00e1rios estados o percentual de feminic\u00eddios em rela\u00e7\u00e3o ao total de assassinatos t\u00eam crescido, o que denota uma melhoria no trabalho de investiga\u00e7\u00e3o da Pol\u00edcia Civil.&#8221;<\/p>\n<\/div>\n<\/div>\n<div class=\"mc-column content-text active-extra-styles\" data-block-type=\"raw\" data-block-weight=\"3\" data-block-id=\"33\">\n<p class=\"content-text__container\">Brasil de contrastes<\/p>\n<\/div>\n<div id=\"chunk-8sa9i\">\n<div class=\"mc-column content-text active-extra-styles \" data-block-type=\"unstyled\" data-block-weight=\"36\" data-block-id=\"34\">\n<p class=\"content-text__container \" data-track-category=\"Link no Texto\" data-track-links=\"\">Metade dos estados brasileiros teve alta nos casos de feminic\u00eddios em 2022. Em alguns casos, o aumento foi de mais de 40% \u2013 como em Mato Grosso do Sul (40%), Rond\u00f4nia (75%) e Amap\u00e1 (100%).<\/p>\n<\/div>\n<\/div>\n<div id=\"chunk-ad1o2\">\n<div class=\"mc-column content-text active-extra-styles \" data-block-type=\"unstyled\" data-block-weight=\"58\" data-block-id=\"35\">\n<p class=\"content-text__container \" data-track-category=\"Link no Texto\" data-track-links=\"\">MS e RO, inclusive, tamb\u00e9m s\u00e3o destaques negativos em outros dois indicadores: as taxas de ocorr\u00eancias de mortes de mulheres (veja as taxas de todos os estados no final desta reportagem). Esse indicador \u00e9 importante porque ele mede a incid\u00eancia do crime em rela\u00e7\u00e3o \u00e0 popula\u00e7\u00e3o de cada estado \u2013 e n\u00e3o apenas o n\u00famero absoluto de mortes.<\/p>\n<\/div>\n<\/div>\n<div id=\"chunk-c8mnf\">\n<div class=\"mc-column content-text active-extra-styles \" data-block-type=\"unstyled\" data-block-weight=\"67\" data-block-id=\"36\">\n<p class=\"content-text__container \" data-track-category=\"Link no Texto\" data-track-links=\"\">Em nota, a Delegacia Especializada de Atendimento \u00e0 Mulher de Campo Grande (MS) afirmou que tem uma taxa de resolu\u00e7\u00e3o de feminic\u00eddios de 100%, incluindo a pris\u00e3o dos autores. De acordo com o \u00f3rg\u00e3o, h\u00e1 policiais treinados capazes de atuar contra a viol\u00eancia de g\u00eanero e prestar atendimento humanizado 24h por dia. Ressaltou ainda que faz a\u00e7\u00f5es de preven\u00e7\u00e3o, como as palestras, em v\u00e1rios setores da sociedade.<\/p>\n<\/div>\n<\/div>\n<div id=\"chunk-e3mtv\">\n<div class=\"mc-column content-text active-extra-styles \" data-block-type=\"unstyled\" data-block-weight=\"21\" data-block-id=\"38\">\n<p class=\"content-text__container \" data-track-category=\"Link no Texto\" data-track-links=\"\">Por fim, a DEAM afirmou que &#8220;a viol\u00eancia contra a mulher deita ra\u00edzes no sistema patriarcal e no machismo estrutural&#8221;.<\/p>\n<\/div>\n<\/div>\n<div class=\"mc-column content-text active-extra-styles\" data-block-type=\"raw\" data-block-weight=\"82\" data-block-id=\"39\">\n<blockquote class=\"content-blockquote theme-border-color-primary-before\"><p>&#8220;Desta forma, entendemos que, ainda que tenhamos a atividade de Pol\u00edcia Judici\u00e1ria sendo executada de forma eficiente e como forma de atividade prec\u00edpua da 1\u00aaDEAM\/CG\/MS aliada as diversas palestras de conscientiza\u00e7\u00e3o e sensibiliza\u00e7\u00e3o ministradas pela Delegacia Especializada, opera\u00e7\u00f5es de preven\u00e7\u00e3o e repress\u00e3o (cumprimentos de mandados de pris\u00e3o e de busca e apreens\u00e3o) n\u00e3o s\u00e3o suficientes, se a mudan\u00e7a n\u00e3o ocorrer no \u00e2mbito cultural da sociedade, na desconstru\u00e7\u00e3o do machismo, do patriarcado e da misoginia, combatendo a cultura da desigualdade de g\u00eanero.&#8221;<\/p><\/blockquote>\n<p>A Secretaria de Seguran\u00e7a de Rond\u00f4nia n\u00e3o respondeu aos questionamentos da reportagem.<\/p>\n<\/div>\n<div id=\"chunk-9lh80\">\n<div class=\"mc-column content-text active-extra-styles \" data-block-type=\"unstyled\" data-block-weight=\"7\" data-block-id=\"41\">\n<p class=\"content-text__container \" data-track-category=\"Link no Texto\" data-track-links=\"\"><strong>Taxa de assassinatos de mulheres por estado<\/strong><\/p>\n<\/div>\n<\/div>\n<div id=\"chunk-dqrcq\">\n<div class=\"mc-column content-text active-extra-styles \" data-block-type=\"unstyled\" data-block-weight=\"16\" data-block-id=\"42\">\n<p class=\"content-text__container \" data-track-category=\"Link no Texto\" data-track-links=\"\">Veja a taxa de homic\u00eddios de mulheres por 100 mil em cada estado, em ordem decrescente:<\/p>\n<\/div>\n<\/div>\n<div class=\"mc-column content-text active-extra-styles\" data-block-type=\"raw\" data-block-weight=\"73\" data-block-id=\"43\">\n<ul class=\"content-unordered-list\">\n<li>Mato Grosso do Sul: 8,3<\/li>\n<li>Rond\u00f4nia: 7,6<\/li>\n<li>Roraima: 6,8<\/li>\n<li>Mato Grosso: 5,8<\/li>\n<li>Cear\u00e1: 5,5<\/li>\n<li>Bahia: 5,3<\/li>\n<li>Acre: 5<\/li>\n<li>Par\u00e1: 4,7<\/li>\n<li>Rio Grande do Sul: 4,7<\/li>\n<li>Piau\u00ed: 4,6<\/li>\n<li>Tocantins: 4,6<\/li>\n<li>Amazonas: 4,4<\/li>\n<li>Esp\u00edrito Santo: 4,4<\/li>\n<li>Paran\u00e1: 4,4<\/li>\n<li>Pernambuco: 4,4<\/li>\n<li>Alagoas: 4,1<\/li>\n<li>Para\u00edba: 4,1<\/li>\n<li>Goi\u00e1s: 3,7<\/li>\n<li>Maranh\u00e3o: 3,6<\/li>\n<li><strong>Brasil: 3,6<\/strong><\/li>\n<li>Rio Grande do Norte: 3,3<\/li>\n<li>Sergipe: 3,3<\/li>\n<li>Amap\u00e1: 3,1<\/li>\n<li>Rio de Janeiro: 3,1<\/li>\n<li>Minas Gerais: 2,8<\/li>\n<li>Santa Catarina: 2,8<\/li>\n<li>Distrito Federal: 2,2<\/li>\n<li>S\u00e3o Paulo: 1,8<\/li>\n<\/ul>\n<\/div>\n<div id=\"chunk-845od\">\n<div class=\"mc-column content-text active-extra-styles \" data-block-type=\"unstyled\" data-block-weight=\"17\" data-block-id=\"45\">\n<p class=\"content-text__container \" data-track-category=\"Link no Texto\" data-track-links=\"\">Os dados do \u00faltimo trimestre do RJ ainda est\u00e3o em fase de an\u00e1lise e podem sofrer altera\u00e7\u00f5es.<\/p>\n<\/div>\n<\/div>\n<div id=\"chunk-cl7j1\">\n<div class=\"mc-column content-text active-extra-styles \" data-block-type=\"unstyled\" data-block-weight=\"5\" data-block-id=\"46\">\n<p class=\"content-text__container \" data-track-category=\"Link no Texto\" data-track-links=\"\"><strong>Taxa de feminic\u00eddio por estado<\/strong><\/p>\n<\/div>\n<\/div>\n<div id=\"chunk-1h732\">\n<div class=\"mc-column content-text active-extra-styles \" data-block-type=\"unstyled\" data-block-weight=\"11\" data-block-id=\"47\">\n<p class=\"content-text__container \" data-track-category=\"Link no Texto\" data-track-links=\"\">Veja a taxa de feminic\u00eddios em cada estado, em ordem decrescente:<\/p>\n<\/div>\n<\/div>\n<div class=\"mc-column content-text active-extra-styles\" data-block-type=\"raw\" data-block-weight=\"73\" data-block-id=\"48\">\n<ul class=\"content-unordered-list\">\n<li>Mato Grosso do Sul: 3,5<\/li>\n<li>Rond\u00f4nia: 3,1<\/li>\n<li>Mato Grosso: 2,7<\/li>\n<li>Acre: 2,5<\/li>\n<li>Tocantins: 1,9<\/li>\n<li>Rio Grande do Sul: 1,8<\/li>\n<li>Alagoas: 1,8<\/li>\n<li>Maranh\u00e3o: 1,8<\/li>\n<li>Amap\u00e1: 1,8<\/li>\n<li>Sergipe: 1,6<\/li>\n<li>Minas Gerais: 1,6<\/li>\n<li>Esp\u00edrito Santo: 1,5<\/li>\n<li>Pernambuco: 1,5<\/li>\n<li>Goi\u00e1s: 1,5<\/li>\n<li>Santa Catarina: 1,5<\/li>\n<li>Bahia: 1,4<\/li>\n<li>Piau\u00ed: 1,4<\/li>\n<li>Paran\u00e1: 1,3<\/li>\n<li><strong>Brasil: 1,3<\/strong><\/li>\n<li>Par\u00e1: 1,2<\/li>\n<li>Para\u00edba: 1,2<\/li>\n<li>Distrito Federal: 1,2<\/li>\n<li>Roraima: 1<\/li>\n<li>Amazonas: 1<\/li>\n<li>Rio Grande do Norte: 0,9<\/li>\n<li>Rio de Janeiro: 0,9<\/li>\n<li>S\u00e3o Paulo: 0,8<\/li>\n<li>Cear\u00e1: 0,6<\/li>\n<\/ul>\n<\/div>\n<\/div>\n<\/article>\n<\/div>\n","protected":false},"excerpt":{"rendered":"<p>N\u00famero de v\u00edtimas cresceu 5% no \u00faltimo ano, mostra levantamento exclusivo do Monitor da Viol\u00eancia. Foram 1,4 mil mortes motivadas pelo g\u00eanero. Alta de casos vai na contram\u00e3o dos assassinatos, que tiveram queda de 1% em 2022. Por Clara Velasco, Felipe Grandin, Marina Pinhoni e Victor Farias, g1 08\/03\/2023 03h30\u00a0\u00a0Atualizado\u00a0h\u00e1 3 horas Monitor da Viol\u00eancia: [&hellip;]<\/p>\n","protected":false},"author":2,"featured_media":0,"comment_status":"open","ping_status":"open","sticky":false,"template":"","format":"standard","meta":{"_links_to":"","_links_to_target":""},"categories":[7,9,8,1],"tags":[],"_links":{"self":[{"href":"https:\/\/www.ilheusnoticias.net.br\/v1\/wp-json\/wp\/v2\/posts\/31197"}],"collection":[{"href":"https:\/\/www.ilheusnoticias.net.br\/v1\/wp-json\/wp\/v2\/posts"}],"about":[{"href":"https:\/\/www.ilheusnoticias.net.br\/v1\/wp-json\/wp\/v2\/types\/post"}],"author":[{"embeddable":true,"href":"https:\/\/www.ilheusnoticias.net.br\/v1\/wp-json\/wp\/v2\/users\/2"}],"replies":[{"embeddable":true,"href":"https:\/\/www.ilheusnoticias.net.br\/v1\/wp-json\/wp\/v2\/comments?post=31197"}],"version-history":[{"count":1,"href":"https:\/\/www.ilheusnoticias.net.br\/v1\/wp-json\/wp\/v2\/posts\/31197\/revisions"}],"predecessor-version":[{"id":31198,"href":"https:\/\/www.ilheusnoticias.net.br\/v1\/wp-json\/wp\/v2\/posts\/31197\/revisions\/31198"}],"wp:attachment":[{"href":"https:\/\/www.ilheusnoticias.net.br\/v1\/wp-json\/wp\/v2\/media?parent=31197"}],"wp:term":[{"taxonomy":"category","embeddable":true,"href":"https:\/\/www.ilheusnoticias.net.br\/v1\/wp-json\/wp\/v2\/categories?post=31197"},{"taxonomy":"post_tag","embeddable":true,"href":"https:\/\/www.ilheusnoticias.net.br\/v1\/wp-json\/wp\/v2\/tags?post=31197"}],"curies":[{"name":"wp","href":"https:\/\/api.w.org\/{rel}","templated":true}]}}