{"id":31183,"date":"2023-03-07T10:46:37","date_gmt":"2023-03-07T13:46:37","guid":{"rendered":"https:\/\/www.ilheusnoticias.net.br\/v1\/?p=31183"},"modified":"2023-03-07T10:46:37","modified_gmt":"2023-03-07T13:46:37","slug":"marco-lilas-prefeitura-intensifica-coleta-de-preventivo-nas-unidades-de-saude-nesta-quarta-8","status":"publish","type":"post","link":"https:\/\/www.ilheusnoticias.net.br\/v1\/2023\/03\/07\/marco-lilas-prefeitura-intensifica-coleta-de-preventivo-nas-unidades-de-saude-nesta-quarta-8\/","title":{"rendered":"Mar\u00e7o Lil\u00e1s: Prefeitura intensifica coleta de preventivo nas unidades de sa\u00fade nesta quarta (8)"},"content":{"rendered":"<p>&nbsp;<\/p>\n<div class=\"imagem thumbnail col-xs-12 col-sm-8 col-md-6 col-lg-6 imagem-materia\"><a class=\"fresco\" title=\"\" href=\"https:\/\/portalfacilarquivos.blob.core.windows.net\/uploads\/ILHEUS\/imgOrig\/%7BB02078E1-CA2C-BBAB-AAA0-E27ED84E2456%7D.jpg\" data-fresco-caption=\"\"><img loading=\"lazy\" title=\"\" src=\"https:\/\/portalfacilarquivos.blob.core.windows.net\/uploads\/ILHEUS\/img\/%7BB02078E1-CA2C-BBAB-AAA0-E27ED84E2456%7D\/%7BB02078E1-CA2C-BBAB-AAA0-E27ED84E2456%7D_650X450.jpg\" alt=\"mar\u00e7o lil\u00e1s\" width=\"650\" height=\"450\" \/><\/a><\/p>\n<p class=\"bg-primary\">\n<\/div>\n<p>&nbsp;<\/p>\n<p>Em alus\u00e3o \u00e0 campanha Mar\u00e7o Lil\u00e1s, voltada \u00e0 conscientiza\u00e7\u00e3o e combate ao c\u00e2ncer de colo de \u00fatero, a Prefeitura de Ilh\u00e9us amplia as a\u00e7\u00f5es nos postos de sa\u00fade do munic\u00edpio. Nesta quarta-feira (8), no Dia Internacional da Mulher, a Secretaria de Sa\u00fade (Sesau) promove atendimento com coleta de Papanicolau (preventivo), palestras e entrega de material educativo nas unidades de sa\u00fade Euler \u00c1zaro, Sarah Kubitschek, Hernani S\u00e1 e Oliven\u00e7a, das 8h \u00e0s 12h.<\/p>\n<p>\u00c9 necess\u00e1ria a apresenta\u00e7\u00e3o da c\u00f3pia e original do documento com foto, cart\u00e3o do SUS e comprovante de resid\u00eancia. A a\u00e7\u00e3o tem como objetivo\u00a0facilitar o acesso das mulheres que n\u00e3o conseguem realizar o exame no hor\u00e1rio normal de funcionamento das unidades de sa\u00fade. Al\u00e9m da coleta do Papanicolau, o trabalho visa orientar o p\u00fablico feminino sobre a import\u00e2ncia da preven\u00e7\u00e3o e do diagn\u00f3stico precoce da doen\u00e7a.<\/p>\n<p><strong>Orienta\u00e7\u00f5es &#8211;<\/strong>\u00a0De acordo com a Sesau, o exame ser\u00e1 oferecido para mulheres que t\u00eam ou j\u00e1 tiveram atividade sexual, principalmente aquelas com idade entre 25 e 64 anos. Para realiza\u00e7\u00e3o do preventivo, a mulher n\u00e3o pode estar menstruada, deve evitar uso de cremes e\/ou \u00f3vulo vaginal e n\u00e3o ter rela\u00e7\u00f5es sexuais, com ou sem uso de preservativos, dois dias antes do exame.<\/p>\n<p>A paciente tamb\u00e9m n\u00e3o deve realizar exame ginecol\u00f3gico com toque, ultrassonografia transvaginal e\/ou resson\u00e2ncia magn\u00e9tica da pelve.<\/p>\n<p>Conforme o Instituto Nacional de C\u00e2ncer (INCA), o c\u00e2ncer do colo do \u00fatero \u00e9 o terceiro tumor maligno mais frequente na popula\u00e7\u00e3o feminina, atr\u00e1s do c\u00e2ncer de mama e do colorretal, e a quarta causa de morte de mulheres por c\u00e2ncer no Brasil. Quanto mais cedo o tratamento for iniciado, maiores ser\u00e3o as chances de cura.<\/p>\n<p>\u201cPor determina\u00e7\u00e3o do prefeito M\u00e1rio Alexandre, as nossas equipes intensificam as a\u00e7\u00f5es para facilitar o acesso da popula\u00e7\u00e3o aos servi\u00e7os p\u00fablicos de sa\u00fade. A campanha Mar\u00e7o Lil\u00e1s soma-se \u00e0s v\u00e1rias atividades desenvolvidas, com a finalidade de diagnosticar precocemente a doen\u00e7a e iniciar o tratamento imediato\u201d, frisou Andr\u00e9 Cez\u00e1rio, titular da Sesau.<\/p>\n<p>A Prefeitura de Ilh\u00e9us oferece o exame conforme o hor\u00e1rio de funcionamento de cada unidade de sa\u00fade, mediante apresenta\u00e7\u00e3o da guia m\u00e9dica. O exame preventivo deve ser feito periodicamente por todas as mulheres ap\u00f3s o in\u00edcio da vida sexual.<\/p>\n<p><strong>Servi\u00e7o<\/strong><\/p>\n<p>Campanha Mar\u00e7o Lil\u00e1s \u2013 coleta do exame preventivo<\/p>\n<p>Data: 8 de mar\u00e7o de 2023<\/p>\n<p>Hor\u00e1rio: das 8h \u00e0s 12h<\/p>\n<p><strong>Locais:<\/strong><\/p>\n<p>&#8211; UBS Sarah Kubitschek (Malhado \u2013 Parque Infantil);<\/p>\n<p>&#8211; UBS Euler \u00c1zaro (Teot\u00f4nio Vilela);<\/p>\n<p>&#8211; UBS Hernani S\u00e1;<\/p>\n<p>&#8211; UBS Oliven\u00e7a<\/p>\n","protected":false},"excerpt":{"rendered":"<p>&nbsp; &nbsp; Em alus\u00e3o \u00e0 campanha Mar\u00e7o Lil\u00e1s, voltada \u00e0 conscientiza\u00e7\u00e3o e combate ao c\u00e2ncer de colo de \u00fatero, a Prefeitura de Ilh\u00e9us amplia as a\u00e7\u00f5es nos postos de sa\u00fade do munic\u00edpio. Nesta quarta-feira (8), no Dia Internacional da Mulher, a Secretaria de Sa\u00fade (Sesau) promove atendimento com coleta de Papanicolau (preventivo), palestras e entrega [&hellip;]<\/p>\n","protected":false},"author":2,"featured_media":0,"comment_status":"open","ping_status":"open","sticky":false,"template":"","format":"standard","meta":{"_links_to":"","_links_to_target":""},"categories":[7,9,8,1],"tags":[],"_links":{"self":[{"href":"https:\/\/www.ilheusnoticias.net.br\/v1\/wp-json\/wp\/v2\/posts\/31183"}],"collection":[{"href":"https:\/\/www.ilheusnoticias.net.br\/v1\/wp-json\/wp\/v2\/posts"}],"about":[{"href":"https:\/\/www.ilheusnoticias.net.br\/v1\/wp-json\/wp\/v2\/types\/post"}],"author":[{"embeddable":true,"href":"https:\/\/www.ilheusnoticias.net.br\/v1\/wp-json\/wp\/v2\/users\/2"}],"replies":[{"embeddable":true,"href":"https:\/\/www.ilheusnoticias.net.br\/v1\/wp-json\/wp\/v2\/comments?post=31183"}],"version-history":[{"count":1,"href":"https:\/\/www.ilheusnoticias.net.br\/v1\/wp-json\/wp\/v2\/posts\/31183\/revisions"}],"predecessor-version":[{"id":31184,"href":"https:\/\/www.ilheusnoticias.net.br\/v1\/wp-json\/wp\/v2\/posts\/31183\/revisions\/31184"}],"wp:attachment":[{"href":"https:\/\/www.ilheusnoticias.net.br\/v1\/wp-json\/wp\/v2\/media?parent=31183"}],"wp:term":[{"taxonomy":"category","embeddable":true,"href":"https:\/\/www.ilheusnoticias.net.br\/v1\/wp-json\/wp\/v2\/categories?post=31183"},{"taxonomy":"post_tag","embeddable":true,"href":"https:\/\/www.ilheusnoticias.net.br\/v1\/wp-json\/wp\/v2\/tags?post=31183"}],"curies":[{"name":"wp","href":"https:\/\/api.w.org\/{rel}","templated":true}]}}