{"id":31181,"date":"2023-03-07T10:45:01","date_gmt":"2023-03-07T13:45:01","guid":{"rendered":"https:\/\/www.ilheusnoticias.net.br\/v1\/?p=31181"},"modified":"2023-03-07T10:45:01","modified_gmt":"2023-03-07T13:45:01","slug":"adelia-pinheiro-destaca-politicas-de-democratizacao-do-acesso-ao-ensino-superior-em-aula-magna-da-uesc","status":"publish","type":"post","link":"https:\/\/www.ilheusnoticias.net.br\/v1\/2023\/03\/07\/adelia-pinheiro-destaca-politicas-de-democratizacao-do-acesso-ao-ensino-superior-em-aula-magna-da-uesc\/","title":{"rendered":"Ad\u00e9lia Pinheiro destaca pol\u00edticas de democratiza\u00e7\u00e3o do acesso ao Ensino Superior em aula magna da UESC"},"content":{"rendered":"<div class=\"PostHeaderIcons metadata-icons\"><\/div>\n<div class=\"PostContent\">\n<p><img loading=\"lazy\" class=\"\" src=\"http:\/\/www.blogdothame.blog.br\/v1\/wp-content\/uploads\/2023\/03\/Adelia-Pinheiro-2-1024x682.jpeg\" width=\"642\" height=\"428\" \/><\/p>\n<p>&nbsp;<\/p>\n<p>A secret\u00e1ria da Educa\u00e7\u00e3o do Estado, Ad\u00e9lia Pinheiro, ministrou a Aula Magna de abertura do primeiro semestre 2023 da Universidade Estadual de Santa Cruz (UESC),nesta segunda-feira (6). Ao lado do reitor Alessandro Fernandes de Santana, Ad\u00e9lia destacou a import\u00e2ncia das universidades para a democratiza\u00e7\u00e3o do acesso \u00e0 Educa\u00e7\u00e3o Superior.<\/p>\n<p>A secret\u00e1ria ressaltou, ainda, \u00a0as pol\u00edticas de perman\u00eancia e assist\u00eancia estudantil, como o Mais Futuro e a implanta\u00e7\u00e3o de reserva de vagas nas universidades estaduais, e enfatizou o papel das universidades no fortalecimento da Educa\u00e7\u00e3o B\u00e1sica para a produ\u00e7\u00e3o do conhecimento, ci\u00eancia e tecnologia; na justi\u00e7a social; e no desenvolvimento da Bahia. \u201cEstar aqui \u00e9 motivo de honra, emo\u00e7\u00e3o e orgulho. As universidades cumprem um papel fundamental para democratizar o acesso \u00e0 Educa\u00e7\u00e3o Superior, que \u00e9 o percurso para a busca e constru\u00e7\u00e3o da democracia social. A universidade deve estar em permanente reflex\u00e3o de como se projeta para o futuro\u201d, afirmou.<\/p>\n<p>Neste sentido, a secret\u00e1ria falou da interioriza\u00e7\u00e3o das universidades estaduais. Citou que a UEFS est\u00e1 presente em Feira de Santana, h\u00e1 46 anos; a UESB, em Vit\u00f3ria da Conquista, Jequi\u00e9 e Itapetinga, h\u00e1 42 anos; a UNEB, em Salvador e mais 26 unidades no interior; e a UESC, h\u00e1 32 anos, em Itabuna, Ilh\u00e9us e beneficiando estudantes de todo o Territ\u00f3rio do Litoral Sul. \u201cE estas institui\u00e7\u00f5es atuam na forma\u00e7\u00e3o de lideran\u00e7as, a exemplo do reitor Alessandro; na produ\u00e7\u00e3o do conhecimento; na forma\u00e7\u00e3o de pessoas em Educa\u00e7\u00e3o Superior e de alto desempenho; e na qualifica\u00e7\u00e3o e inclus\u00e3o. E, aqui, destaco o Mais Futuro, que beneficia estudantes em condi\u00e7\u00f5es de vulnerabilidade socioecon\u00f4mica, com bolsas de R$ 300 para o perfil b\u00e1sico e R$ 600 para o perfil moradia. E, hoje, o nosso governador Jer\u00f4nimo Rodrigues anunciou o aumento de oito para 11 parcelas, por ano, para o aux\u00edlio perman\u00eancia do Mais Futuro, que \u00e9 o maior programa estadual de apoio ao estudante de gradua\u00e7\u00e3o\u201d, enfatizou.<\/p>\n<\/div>\n","protected":false},"excerpt":{"rendered":"<p>&nbsp; A secret\u00e1ria da Educa\u00e7\u00e3o do Estado, Ad\u00e9lia Pinheiro, ministrou a Aula Magna de abertura do primeiro semestre 2023 da Universidade Estadual de Santa Cruz (UESC),nesta segunda-feira (6). Ao lado do reitor Alessandro Fernandes de Santana, Ad\u00e9lia destacou a import\u00e2ncia das universidades para a democratiza\u00e7\u00e3o do acesso \u00e0 Educa\u00e7\u00e3o Superior. A secret\u00e1ria ressaltou, ainda, \u00a0as [&hellip;]<\/p>\n","protected":false},"author":2,"featured_media":0,"comment_status":"open","ping_status":"open","sticky":false,"template":"","format":"standard","meta":{"_links_to":"","_links_to_target":""},"categories":[7,9,8,1],"tags":[],"_links":{"self":[{"href":"https:\/\/www.ilheusnoticias.net.br\/v1\/wp-json\/wp\/v2\/posts\/31181"}],"collection":[{"href":"https:\/\/www.ilheusnoticias.net.br\/v1\/wp-json\/wp\/v2\/posts"}],"about":[{"href":"https:\/\/www.ilheusnoticias.net.br\/v1\/wp-json\/wp\/v2\/types\/post"}],"author":[{"embeddable":true,"href":"https:\/\/www.ilheusnoticias.net.br\/v1\/wp-json\/wp\/v2\/users\/2"}],"replies":[{"embeddable":true,"href":"https:\/\/www.ilheusnoticias.net.br\/v1\/wp-json\/wp\/v2\/comments?post=31181"}],"version-history":[{"count":1,"href":"https:\/\/www.ilheusnoticias.net.br\/v1\/wp-json\/wp\/v2\/posts\/31181\/revisions"}],"predecessor-version":[{"id":31182,"href":"https:\/\/www.ilheusnoticias.net.br\/v1\/wp-json\/wp\/v2\/posts\/31181\/revisions\/31182"}],"wp:attachment":[{"href":"https:\/\/www.ilheusnoticias.net.br\/v1\/wp-json\/wp\/v2\/media?parent=31181"}],"wp:term":[{"taxonomy":"category","embeddable":true,"href":"https:\/\/www.ilheusnoticias.net.br\/v1\/wp-json\/wp\/v2\/categories?post=31181"},{"taxonomy":"post_tag","embeddable":true,"href":"https:\/\/www.ilheusnoticias.net.br\/v1\/wp-json\/wp\/v2\/tags?post=31181"}],"curies":[{"name":"wp","href":"https:\/\/api.w.org\/{rel}","templated":true}]}}