{"id":31179,"date":"2023-03-07T10:42:47","date_gmt":"2023-03-07T13:42:47","guid":{"rendered":"https:\/\/www.ilheusnoticias.net.br\/v1\/?p=31179"},"modified":"2023-03-07T10:42:47","modified_gmt":"2023-03-07T13:42:47","slug":"jeronimo-discute-recomposicao-fiscal-em-reuniao-do-forum-de-governadores","status":"publish","type":"post","link":"https:\/\/www.ilheusnoticias.net.br\/v1\/2023\/03\/07\/jeronimo-discute-recomposicao-fiscal-em-reuniao-do-forum-de-governadores\/","title":{"rendered":"Jer\u00f4nimo discute recomposi\u00e7\u00e3o fiscal em reuni\u00e3o do F\u00f3rum de Governadores"},"content":{"rendered":"<div class=\"Post\">\n<div class=\"Post-body\">\n<div class=\"Post-inner article\">\n<div class=\"PostFooterIcons metadata-icons\"><\/div>\n<\/div>\n<\/div>\n<\/div>\n<div class=\"Post\">\n<div class=\"Post-body\">\n<div class=\"Post-inner article\">\n<div class=\"PostHeaderIcons metadata-icons\"><\/div>\n<div class=\"PostContent\">\n<p><img src=\"http:\/\/www.blogdothame.blog.br\/v1\/wp-content\/uploads\/2023\/03\/jerforum-1-300x200.jpg\" \/><\/p>\n<p>O governador Jer\u00f4nimo Rodrigues participou, na noite desta segunda-feira (6), da reuni\u00e3o do F\u00f3rum de Governadores, grupo de trabalho permanente dos gestores dos 27 estados brasileiros. Durante o encontro, que aconteceu virtualmente, os chefes de estado conversaram sobre a recomposi\u00e7\u00e3o fiscal e a compensa\u00e7\u00e3o de receitas perdidas a partir da redu\u00e7\u00e3o do ICMS sobre os combust\u00edveis.<\/p>\n<p>Os gestores dialogam desde o come\u00e7o do ano para a constru\u00e7\u00e3o de um acordo entre os estados e o Governo Federal para compensa\u00e7\u00e3o dos recursos perdidos de julho a dezembro de 2022 com as mudan\u00e7as no imposto estadual sobre produtos e servi\u00e7os essenciais, como os combust\u00edveis. As medidas foram adotadas, na \u00e9poca, pelo ex-presidente Jair Bolsonaro, atrav\u00e9s da aprova\u00e7\u00e3o de duas leis complementares, que geraram queda nas receitas estaduais.<\/p>\n<p>Na reuni\u00e3o desta segunda-feira (6) estiveram presentes os 27 estados, representados por seus governadores, vices e secret\u00e1rios da fazenda. Quando acordo for finalizado tamb\u00e9m ser\u00e1 levado para aprecia\u00e7\u00e3o do legislativo e judici\u00e1rio federais.<\/p>\n<p>&nbsp;<\/p>\n<p>Fotos: Mateus Pereira\/ GOVBA<\/p>\n<\/div>\n<\/div>\n<\/div>\n<\/div>\n","protected":false},"excerpt":{"rendered":"<p>O governador Jer\u00f4nimo Rodrigues participou, na noite desta segunda-feira (6), da reuni\u00e3o do F\u00f3rum de Governadores, grupo de trabalho permanente dos gestores dos 27 estados brasileiros. Durante o encontro, que aconteceu virtualmente, os chefes de estado conversaram sobre a recomposi\u00e7\u00e3o fiscal e a compensa\u00e7\u00e3o de receitas perdidas a partir da redu\u00e7\u00e3o do ICMS sobre os [&hellip;]<\/p>\n","protected":false},"author":2,"featured_media":0,"comment_status":"open","ping_status":"open","sticky":false,"template":"","format":"standard","meta":{"_links_to":"","_links_to_target":""},"categories":[7,9,8,1],"tags":[],"_links":{"self":[{"href":"https:\/\/www.ilheusnoticias.net.br\/v1\/wp-json\/wp\/v2\/posts\/31179"}],"collection":[{"href":"https:\/\/www.ilheusnoticias.net.br\/v1\/wp-json\/wp\/v2\/posts"}],"about":[{"href":"https:\/\/www.ilheusnoticias.net.br\/v1\/wp-json\/wp\/v2\/types\/post"}],"author":[{"embeddable":true,"href":"https:\/\/www.ilheusnoticias.net.br\/v1\/wp-json\/wp\/v2\/users\/2"}],"replies":[{"embeddable":true,"href":"https:\/\/www.ilheusnoticias.net.br\/v1\/wp-json\/wp\/v2\/comments?post=31179"}],"version-history":[{"count":1,"href":"https:\/\/www.ilheusnoticias.net.br\/v1\/wp-json\/wp\/v2\/posts\/31179\/revisions"}],"predecessor-version":[{"id":31180,"href":"https:\/\/www.ilheusnoticias.net.br\/v1\/wp-json\/wp\/v2\/posts\/31179\/revisions\/31180"}],"wp:attachment":[{"href":"https:\/\/www.ilheusnoticias.net.br\/v1\/wp-json\/wp\/v2\/media?parent=31179"}],"wp:term":[{"taxonomy":"category","embeddable":true,"href":"https:\/\/www.ilheusnoticias.net.br\/v1\/wp-json\/wp\/v2\/categories?post=31179"},{"taxonomy":"post_tag","embeddable":true,"href":"https:\/\/www.ilheusnoticias.net.br\/v1\/wp-json\/wp\/v2\/tags?post=31179"}],"curies":[{"name":"wp","href":"https:\/\/api.w.org\/{rel}","templated":true}]}}