{"id":31177,"date":"2023-03-07T10:40:33","date_gmt":"2023-03-07T13:40:33","guid":{"rendered":"https:\/\/www.ilheusnoticias.net.br\/v1\/?p=31177"},"modified":"2023-03-07T10:40:33","modified_gmt":"2023-03-07T13:40:33","slug":"ilheus-ultrapassa-marca-de-90-mil-pessoas-vacinadas-com-as-tres-doses-contra-a-covid-19","status":"publish","type":"post","link":"https:\/\/www.ilheusnoticias.net.br\/v1\/2023\/03\/07\/ilheus-ultrapassa-marca-de-90-mil-pessoas-vacinadas-com-as-tres-doses-contra-a-covid-19\/","title":{"rendered":"Ilh\u00e9us ultrapassa marca de 90 mil pessoas vacinadas com as tr\u00eas doses contra a Covid-19"},"content":{"rendered":"<div class=\"imagem thumbnail col-xs-12 col-sm-8 col-md-6 col-lg-6 imagem-materia\"><a class=\"fresco\" title=\"\" href=\"https:\/\/portalfacilarquivos.blob.core.windows.net\/uploads\/ILHEUS\/imgOrig\/%7BCD70BDBE-EEA8-822B-BAD5-2E1CDC82AEDD%7D.jpg\" data-fresco-caption=\"\"><img loading=\"lazy\" title=\"\" src=\"https:\/\/portalfacilarquivos.blob.core.windows.net\/uploads\/ILHEUS\/img\/%7BCD70BDBE-EEA8-822B-BAD5-2E1CDC82AEDD%7D\/%7BCD70BDBE-EEA8-822B-BAD5-2E1CDC82AEDD%7D_650X450.jpg\" alt=\"vacina\u00e7\u00e3o\" width=\"650\" height=\"450\" \/><\/a><\/p>\n<p class=\"bg-primary\">Ilh\u00e9us j\u00e1 vacinou 95.143 pessoas acima de 12 anos com as tr\u00eas doses contra a Covid-19. O n\u00famero representa 61% do p\u00fablico-alvo, conforme os dados da Secretaria Municipal de Sa\u00fade (Sesau).<\/p>\n<\/div>\n<p>No per\u00edodo compreendido entre 1\u00ba e 28 de fevereiro foram ministradas 2.457 unidades da vacina, das quais 106 correspondem ao primeiro ciclo (D1) e 122 referem-se ao segundo ciclo (D2), al\u00e9m de 739 doses de refor\u00e7o (terceira dose), aplica\u00e7\u00e3o de 790 vacinas relativas \u00e0 4\u00aa dose, 127 referentes \u00e0 5\u00aa dose e 573 doses pedi\u00e1tricas, para crian\u00e7as de 6 meses a 11 anos.<\/p>\n<p><strong>Vacina bivalente \u2013<\/strong>\u00a0O Munic\u00edpio iniciou a aplica\u00e7\u00e3o do imunizante bivalente da Pfizer, que protege contra o v\u00edrus original da doen\u00e7a e tamb\u00e9m contra as subvariantes \u00d4micron.\u00a0A partir desta segunda-feira (6), as doses ser\u00e3o destinadas aos idosos acima de 60 anos, imunossuprimidos, pessoas vivendo em Institui\u00e7\u00e3o de Longa Perman\u00eancia (ILP), ind\u00edgenas e quilombolas.<\/p>\n<p>Em seguida, ser\u00e3o inclu\u00eddas gestantes e pu\u00e9rperas, a partir do dia 20 de mar\u00e7o. No dia 17 de\u00a0abril, as doses ser\u00e3o liberadas para trabalhadores da sa\u00fade, pessoas com defici\u00eancia permanente e privadas de liberdade.<\/p>\n<p>O servi\u00e7o ser\u00e1 ofertado nas unidades de sa\u00fade previamente informadas, conforme o hor\u00e1rio de funcionamento das salas de imuniza\u00e7\u00e3o.<\/p>\n<p>&nbsp;<\/p>\n<div class=\"table-responsive\">\n<table class=\"table table-bordered table-striped\">\n<tbody>\n<tr>\n<td colspan=\"10\">\n<p align=\"center\"><strong>Balan\u00e7o mensal da vacina\u00e7\u00e3o contra a Covid-19 \u2013 p\u00fablico acima de 12 anos<\/strong><\/p>\n<\/td>\n<\/tr>\n<tr>\n<td>\n<p align=\"center\">Per\u00edodo<\/p>\n<\/td>\n<td colspan=\"9\">\n<p align=\"center\">De 1\u00ba a 28 de fevereiro<\/p>\n<\/td>\n<\/tr>\n<tr>\n<td>\n<p align=\"center\"><strong>Dose<\/strong><\/p>\n<\/td>\n<td>\n<p align=\"center\"><strong>D1<\/strong><\/p>\n<\/td>\n<td colspan=\"2\">\n<p align=\"center\"><strong>D2<\/strong><\/p>\n<\/td>\n<td colspan=\"2\">\n<p align=\"center\"><strong>D3<\/strong><\/p>\n<\/td>\n<td colspan=\"2\">\n<p align=\"center\"><strong>D4<\/strong><\/p>\n<\/td>\n<td>\n<p align=\"center\"><strong>D5<\/strong><\/p>\n<\/td>\n<td>\n<p align=\"center\"><strong>Total<\/strong><\/p>\n<\/td>\n<\/tr>\n<tr>\n<td>\n<p align=\"center\">Total<\/p>\n<\/td>\n<td>106<\/td>\n<td colspan=\"2\">122<\/td>\n<td colspan=\"2\">739<\/td>\n<td colspan=\"2\">790<\/td>\n<td>127<\/td>\n<td>1.884<\/td>\n<\/tr>\n<tr>\n<td colspan=\"10\">\n<p align=\"center\"><strong>Balan\u00e7o mensal da vacina\u00e7\u00e3o contra a Covid-19 \u2013 p\u00fablico infantil<\/strong><\/p>\n<\/td>\n<\/tr>\n<tr>\n<td>\n<p align=\"center\">Per\u00edodo<\/p>\n<\/td>\n<td colspan=\"9\">\n<p align=\"center\">De 1\u00ba a 28 de fevereiro<\/p>\n<\/td>\n<\/tr>\n<tr>\n<td>\n<p align=\"center\"><strong>Dose<\/strong><\/p>\n<\/td>\n<td colspan=\"2\">\n<p align=\"center\"><strong>D1<\/strong><\/p>\n<\/td>\n<td colspan=\"2\">\n<p align=\"center\"><strong>D2<\/strong><\/p>\n<\/td>\n<td colspan=\"2\">\n<p align=\"center\"><strong>D3<\/strong><\/p>\n<\/td>\n<td colspan=\"3\">\n<p align=\"center\"><strong>Total<\/strong><\/p>\n<\/td>\n<\/tr>\n<tr>\n<td>Total<\/td>\n<td colspan=\"2\">\n<p align=\"center\">301<\/p>\n<\/td>\n<td colspan=\"2\">\n<p align=\"center\">224<\/p>\n<\/td>\n<td colspan=\"2\">\n<p align=\"center\">48<\/p>\n<\/td>\n<td colspan=\"3\">\n<p align=\"center\">573<\/p>\n<\/td>\n<\/tr>\n<tr>\n<td colspan=\"10\"><em>Fonte: Secretaria Municipal de Sa\u00fade (Sesau)<\/em><\/td>\n<\/tr>\n<\/tbody>\n<\/table>\n<\/div>\n","protected":false},"excerpt":{"rendered":"<p>Ilh\u00e9us j\u00e1 vacinou 95.143 pessoas acima de 12 anos com as tr\u00eas doses contra a Covid-19. O n\u00famero representa 61% do p\u00fablico-alvo, conforme os dados da Secretaria Municipal de Sa\u00fade (Sesau). No per\u00edodo compreendido entre 1\u00ba e 28 de fevereiro foram ministradas 2.457 unidades da vacina, das quais 106 correspondem ao primeiro ciclo (D1) e [&hellip;]<\/p>\n","protected":false},"author":2,"featured_media":0,"comment_status":"open","ping_status":"open","sticky":false,"template":"","format":"standard","meta":{"_links_to":"","_links_to_target":""},"categories":[7,9,8,1],"tags":[],"_links":{"self":[{"href":"https:\/\/www.ilheusnoticias.net.br\/v1\/wp-json\/wp\/v2\/posts\/31177"}],"collection":[{"href":"https:\/\/www.ilheusnoticias.net.br\/v1\/wp-json\/wp\/v2\/posts"}],"about":[{"href":"https:\/\/www.ilheusnoticias.net.br\/v1\/wp-json\/wp\/v2\/types\/post"}],"author":[{"embeddable":true,"href":"https:\/\/www.ilheusnoticias.net.br\/v1\/wp-json\/wp\/v2\/users\/2"}],"replies":[{"embeddable":true,"href":"https:\/\/www.ilheusnoticias.net.br\/v1\/wp-json\/wp\/v2\/comments?post=31177"}],"version-history":[{"count":1,"href":"https:\/\/www.ilheusnoticias.net.br\/v1\/wp-json\/wp\/v2\/posts\/31177\/revisions"}],"predecessor-version":[{"id":31178,"href":"https:\/\/www.ilheusnoticias.net.br\/v1\/wp-json\/wp\/v2\/posts\/31177\/revisions\/31178"}],"wp:attachment":[{"href":"https:\/\/www.ilheusnoticias.net.br\/v1\/wp-json\/wp\/v2\/media?parent=31177"}],"wp:term":[{"taxonomy":"category","embeddable":true,"href":"https:\/\/www.ilheusnoticias.net.br\/v1\/wp-json\/wp\/v2\/categories?post=31177"},{"taxonomy":"post_tag","embeddable":true,"href":"https:\/\/www.ilheusnoticias.net.br\/v1\/wp-json\/wp\/v2\/tags?post=31177"}],"curies":[{"name":"wp","href":"https:\/\/api.w.org\/{rel}","templated":true}]}}