{"id":31175,"date":"2023-03-06T10:28:39","date_gmt":"2023-03-06T13:28:39","guid":{"rendered":"https:\/\/www.ilheusnoticias.net.br\/v1\/?p=31175"},"modified":"2023-03-06T10:28:39","modified_gmt":"2023-03-06T13:28:39","slug":"grave-acidente-tira-a-vida-de-quatro-pessoas-da-mesma-familia-em-canavieiras","status":"publish","type":"post","link":"https:\/\/www.ilheusnoticias.net.br\/v1\/2023\/03\/06\/grave-acidente-tira-a-vida-de-quatro-pessoas-da-mesma-familia-em-canavieiras\/","title":{"rendered":"GRAVE ACIDENTE TIRA A VIDA DE QUATRO PESSOAS DA MESMA FAM\u00cdLIA EM CANAVIEIRAS"},"content":{"rendered":"<div class=\"post-header-inner\">\n<div class=\"post-header-title\">\n<div class=\"post-meta single-post-meta\"><\/div>\n<\/div>\n<\/div>\n<div class=\"entry-content clearfix single-post-content\">\n<p>Um grave acidente tirou a vida de quatro pessoas de uma mesma fam\u00edlia na noite deste domingo (5) em Canavieiras. O carro onde estavam as v\u00edtimas acabou engavetando no fundo de um \u00f4nibus.<\/p>\n<p>Jos\u00e9 Carlos Andrade de Deus, 65 anos, Elenice Silva Luz, 44 anos, Ana Beatriz Almeida, 11 anos e Marcela Almeida Luz, 9 anos, foram as v\u00edtimas fatais que estavam a bordo do carro.<\/p>\n<p>O \u00f4nibus estava no trevo do munic\u00edpio e fazia transporte de funcion\u00e1rios em uma obra da regi\u00e3o, mas estava vazio no momento do acidente. A fam\u00edlia era de Canavieiras.<\/p>\n<\/div>\n","protected":false},"excerpt":{"rendered":"<p>Um grave acidente tirou a vida de quatro pessoas de uma mesma fam\u00edlia na noite deste domingo (5) em Canavieiras. O carro onde estavam as v\u00edtimas acabou engavetando no fundo de um \u00f4nibus. Jos\u00e9 Carlos Andrade de Deus, 65 anos, Elenice Silva Luz, 44 anos, Ana Beatriz Almeida, 11 anos e Marcela Almeida Luz, 9 [&hellip;]<\/p>\n","protected":false},"author":2,"featured_media":0,"comment_status":"open","ping_status":"open","sticky":false,"template":"","format":"standard","meta":{"_links_to":"","_links_to_target":""},"categories":[7,9,8,1],"tags":[],"_links":{"self":[{"href":"https:\/\/www.ilheusnoticias.net.br\/v1\/wp-json\/wp\/v2\/posts\/31175"}],"collection":[{"href":"https:\/\/www.ilheusnoticias.net.br\/v1\/wp-json\/wp\/v2\/posts"}],"about":[{"href":"https:\/\/www.ilheusnoticias.net.br\/v1\/wp-json\/wp\/v2\/types\/post"}],"author":[{"embeddable":true,"href":"https:\/\/www.ilheusnoticias.net.br\/v1\/wp-json\/wp\/v2\/users\/2"}],"replies":[{"embeddable":true,"href":"https:\/\/www.ilheusnoticias.net.br\/v1\/wp-json\/wp\/v2\/comments?post=31175"}],"version-history":[{"count":1,"href":"https:\/\/www.ilheusnoticias.net.br\/v1\/wp-json\/wp\/v2\/posts\/31175\/revisions"}],"predecessor-version":[{"id":31176,"href":"https:\/\/www.ilheusnoticias.net.br\/v1\/wp-json\/wp\/v2\/posts\/31175\/revisions\/31176"}],"wp:attachment":[{"href":"https:\/\/www.ilheusnoticias.net.br\/v1\/wp-json\/wp\/v2\/media?parent=31175"}],"wp:term":[{"taxonomy":"category","embeddable":true,"href":"https:\/\/www.ilheusnoticias.net.br\/v1\/wp-json\/wp\/v2\/categories?post=31175"},{"taxonomy":"post_tag","embeddable":true,"href":"https:\/\/www.ilheusnoticias.net.br\/v1\/wp-json\/wp\/v2\/tags?post=31175"}],"curies":[{"name":"wp","href":"https:\/\/api.w.org\/{rel}","templated":true}]}}