{"id":31172,"date":"2023-03-06T08:35:19","date_gmt":"2023-03-06T11:35:19","guid":{"rendered":"https:\/\/www.ilheusnoticias.net.br\/v1\/?p=31172"},"modified":"2023-03-06T08:35:19","modified_gmt":"2023-03-06T11:35:19","slug":"mulher-e-presa-por-injuria-racial-suspeita-de-chamar-funcionario-de-bar-de-macaco-na-bahia","status":"publish","type":"post","link":"https:\/\/www.ilheusnoticias.net.br\/v1\/2023\/03\/06\/mulher-e-presa-por-injuria-racial-suspeita-de-chamar-funcionario-de-bar-de-macaco-na-bahia\/","title":{"rendered":"Mulher \u00e9 presa por inj\u00faria racial suspeita de chamar funcion\u00e1rio de bar de &#8216;macaco&#8217; na Bahia"},"content":{"rendered":"<div class=\"row content-head non-featured \">\n<div class=\"title\" data-block-type=\"title\" data-block-id=\"0\"><\/div>\n<\/div>\n<div class=\"mc-article-body\">\n<article>\n<div id=\"chunk-9hqb8\">\n<div class=\"row medium-uncollapsed content-media content-photo\" data-block-type=\"backstage-photo\" data-block-id=\"1\">\n<div class=\"mc-column content-media__container\">\n<div class=\"content-media-container glb-skeleton-box\">\n<figure class=\"content-media-figure\"><img class=\"i-amphtml-fill-content i-amphtml-replaced-content\" src=\"https:\/\/s2.glbimg.com\/hd2pL5g2gvAbXE_eVn43sm_1dpM=\/0x0:1700x1065\/984x0\/smart\/filters:strip_icc()\/i.s3.glbimg.com\/v1\/AUTH_59edd422c0c84a879bd37670ae4f538a\/internal_photos\/bs\/2020\/Y\/1\/7NjX82SW28eeEsle2HJA\/seap.jpg\" sizes=\"(max-width: 1707px) 648px, 100vw\" srcset=\"https:\/\/s2.glbimg.com\/nAaYV2rftFi3JRScrUfC8SKWc-0=\/0x0:1700x1065\/1000x0\/smart\/filters:strip_icc()\/i.s3.glbimg.com\/v1\/AUTH_59edd422c0c84a879bd37670ae4f538a\/internal_photos\/bs\/2020\/Y\/1\/7NjX82SW28eeEsle2HJA\/seap.jpg 1000w, https:\/\/s2.glbimg.com\/hd2pL5g2gvAbXE_eVn43sm_1dpM=\/0x0:1700x1065\/984x0\/smart\/filters:strip_icc()\/i.s3.glbimg.com\/v1\/AUTH_59edd422c0c84a879bd37670ae4f538a\/internal_photos\/bs\/2020\/Y\/1\/7NjX82SW28eeEsle2HJA\/seap.jpg 984w, https:\/\/s2.glbimg.com\/3UizfHsJF_cIwJfJfdKQNiCaAxA=\/0x0:1700x1065\/640x0\/smart\/filters:strip_icc()\/i.s3.glbimg.com\/v1\/AUTH_59edd422c0c84a879bd37670ae4f538a\/internal_photos\/bs\/2020\/Y\/1\/7NjX82SW28eeEsle2HJA\/seap.jpg 640w, https:\/\/s2.glbimg.com\/rcJxuoNdZDXQ0AJCrKyEZiAxQKA=\/0x0:1700x1065\/600x0\/smart\/filters:strip_icc()\/i.s3.glbimg.com\/v1\/AUTH_59edd422c0c84a879bd37670ae4f538a\/internal_photos\/bs\/2020\/Y\/1\/7NjX82SW28eeEsle2HJA\/seap.jpg 600w\" alt=\"Mulher chegou a ser levada para o Conjunto Penal Advogado Nilton Gon\u00e7alves, em Vit\u00f3ria da Conquista \u2014 Foto: SEAP \/ Reprodu\u00e7\u00e3o \" \/><\/figure>\n<\/div>\n<p class=\"content-media__description \">Mulher chegou a ser levada para o Conjunto Penal Advogado Nilton Gon\u00e7alves, em Vit\u00f3ria da Conquista \u2014 Foto: SEAP \/ Reprodu\u00e7\u00e3o <span style=\"font-family: inherit; font-size: inherit; font-style: inherit; font-variant-ligatures: inherit; font-variant-caps: inherit; font-weight: inherit; text-align: center;\">Uma mulher foi presa por inj\u00faria racial suspeita de chamar o funcion\u00e1rio de um bar de &#8220;macaco&#8221;, na cidade de <\/span><a style=\"font-family: inherit; font-size: inherit; font-style: inherit; font-variant-ligatures: inherit; font-variant-caps: inherit; font-weight: inherit; text-align: center;\" href=\"https:\/\/g1.globo.com\/ba\/bahia\/cidade\/vitoria-da-conquista\/\">Vit\u00f3ria da Conquista<\/a><span style=\"font-family: inherit; font-size: inherit; font-style: inherit; font-variant-ligatures: inherit; font-variant-caps: inherit; font-weight: inherit; text-align: center;\">, no sudoeste da Bahia.<\/span><\/p>\n<\/div>\n<\/div>\n<\/div>\n<div class=\"wall protected-content\">\n<div id=\"chunk-djqbv\">\n<div class=\"mc-column content-text active-extra-styles \" data-block-type=\"unstyled\" data-block-weight=\"42\" data-block-id=\"4\">\n<p class=\"content-text__container \" data-track-category=\"Link no Texto\" data-track-links=\"\">O caso aconteceu na noite de s\u00e1bado (4), no bairro Candeias. Segundo a Pol\u00edcia Civil, por volta das 22h, a mulher tentou entrar no estacionamento do bar, mas foi informada, pelo seguran\u00e7a, que n\u00e3o seria poss\u00edvel porque o local estava completamente cheio.<\/p>\n<\/div>\n<\/div>\n<div id=\"chunk-a15v9\">\n<div class=\"mc-column content-text active-extra-styles \" data-block-type=\"unstyled\" data-block-weight=\"41\" data-block-id=\"5\">\n<p class=\"content-text__container \" data-track-category=\"Link no Texto\" data-track-links=\"\">Nesse momento, segundo a pol\u00edcia, a suspeita ficou bastante exaltada, apontou o dedo para o rosto do funcion\u00e1rio e o chamou de &#8220;macaco&#8221;. Ela teria dito ainda que era uma m\u00e9dica e que entraria no local na hora que bem entendesse.<\/p>\n<p class=\"content-text__container \" data-track-category=\"Link no Texto\" data-track-links=\"\"><span style=\"font-family: inherit; font-size: inherit; font-style: inherit; font-variant-ligatures: inherit; font-variant-caps: inherit; font-weight: inherit; text-align: center;\">A pol\u00edcia informou que o momento foi testemunhado por v\u00e1rias pessoas. A mulher, que \u00e9 natural de Minas Gerais, foi presa em flagrante por inj\u00faria racial.<\/span><\/p>\n<\/div>\n<\/div>\n<div id=\"chunk-8epos\">\n<div class=\"mc-column content-text active-extra-styles \" data-block-type=\"unstyled\" data-block-weight=\"39\" data-block-id=\"8\">\n<p class=\"content-text__container \" data-track-category=\"Link no Texto\" data-track-links=\"\">Em janeiro deste ano, o crime de inj\u00faria racial (ofensa por ra\u00e7a, cor, etnia, religi\u00e3o ou origem)<a href=\"https:\/\/g1.globo.com\/politica\/noticia\/2023\/01\/11\/lula-sanciona-lei-que-equipara-o-crime-de-injuria-racial-ao-de-racismo.ghtml\">\u00a0foi equiparado ao de racismo<\/a>. Com isso, o crime se tornou inafian\u00e7\u00e1vel, sem prescri\u00e7\u00e3o, al\u00e9m de ter pena de reclus\u00e3o e multa.<\/p>\n<\/div>\n<\/div>\n<div id=\"chunk-3apie\">\n<div class=\"mc-column content-text active-extra-styles \" data-block-type=\"unstyled\" data-block-weight=\"34\" data-block-id=\"9\">\n<p class=\"content-text__container \" data-track-category=\"Link no Texto\" data-track-links=\"\">A suspeita foi levada para o Distrito Integrado de Seguran\u00e7a P\u00fablica (Disep) e depois encaminhada para uma cela feminina no Pres\u00eddio Nilton Gon\u00e7alves, local em que passaria por audi\u00eancia de cust\u00f3dia nesta segunda-feira (6).<\/p>\n<\/div>\n<\/div>\n<div id=\"chunk-a9o7c\">\n<div class=\"mc-column content-text active-extra-styles \" data-block-type=\"unstyled\" data-block-weight=\"44\" data-block-id=\"10\">\n<p class=\"content-text__container \" data-track-category=\"Link no Texto\" data-track-links=\"\">No entanto, na noite de domingo (5), foi expedido um alvar\u00e1 de soltura e a suspeita foi liberada. A reportagem entrou em contato com o Pres\u00eddio Nilton Gon\u00e7alves para conseguir mais informa\u00e7\u00f5es sobre a libera\u00e7\u00e3o da mulher, mas a institui\u00e7\u00e3o apenas confirmou o fato.<\/p>\n<\/div>\n<\/div>\n<\/div>\n<\/article>\n<\/div>\n","protected":false},"excerpt":{"rendered":"<p>Mulher chegou a ser levada para o Conjunto Penal Advogado Nilton Gon\u00e7alves, em Vit\u00f3ria da Conquista \u2014 Foto: SEAP \/ Reprodu\u00e7\u00e3o Uma mulher foi presa por inj\u00faria racial suspeita de chamar o funcion\u00e1rio de um bar de &#8220;macaco&#8221;, na cidade de Vit\u00f3ria da Conquista, no sudoeste da Bahia. O caso aconteceu na noite de s\u00e1bado [&hellip;]<\/p>\n","protected":false},"author":2,"featured_media":0,"comment_status":"open","ping_status":"open","sticky":false,"template":"","format":"standard","meta":{"_links_to":"","_links_to_target":""},"categories":[7,9,8,1],"tags":[],"_links":{"self":[{"href":"https:\/\/www.ilheusnoticias.net.br\/v1\/wp-json\/wp\/v2\/posts\/31172"}],"collection":[{"href":"https:\/\/www.ilheusnoticias.net.br\/v1\/wp-json\/wp\/v2\/posts"}],"about":[{"href":"https:\/\/www.ilheusnoticias.net.br\/v1\/wp-json\/wp\/v2\/types\/post"}],"author":[{"embeddable":true,"href":"https:\/\/www.ilheusnoticias.net.br\/v1\/wp-json\/wp\/v2\/users\/2"}],"replies":[{"embeddable":true,"href":"https:\/\/www.ilheusnoticias.net.br\/v1\/wp-json\/wp\/v2\/comments?post=31172"}],"version-history":[{"count":1,"href":"https:\/\/www.ilheusnoticias.net.br\/v1\/wp-json\/wp\/v2\/posts\/31172\/revisions"}],"predecessor-version":[{"id":31173,"href":"https:\/\/www.ilheusnoticias.net.br\/v1\/wp-json\/wp\/v2\/posts\/31172\/revisions\/31173"}],"wp:attachment":[{"href":"https:\/\/www.ilheusnoticias.net.br\/v1\/wp-json\/wp\/v2\/media?parent=31172"}],"wp:term":[{"taxonomy":"category","embeddable":true,"href":"https:\/\/www.ilheusnoticias.net.br\/v1\/wp-json\/wp\/v2\/categories?post=31172"},{"taxonomy":"post_tag","embeddable":true,"href":"https:\/\/www.ilheusnoticias.net.br\/v1\/wp-json\/wp\/v2\/tags?post=31172"}],"curies":[{"name":"wp","href":"https:\/\/api.w.org\/{rel}","templated":true}]}}