{"id":31168,"date":"2023-03-06T08:25:49","date_gmt":"2023-03-06T11:25:49","guid":{"rendered":"https:\/\/www.ilheusnoticias.net.br\/v1\/?p=31168"},"modified":"2023-03-06T08:25:49","modified_gmt":"2023-03-06T11:25:49","slug":"estudo-em-sete-estados-aponta-que-uma-mulher-e-vitima-de-violencia-a-cada-quatro-horas","status":"publish","type":"post","link":"https:\/\/www.ilheusnoticias.net.br\/v1\/2023\/03\/06\/estudo-em-sete-estados-aponta-que-uma-mulher-e-vitima-de-violencia-a-cada-quatro-horas\/","title":{"rendered":"Estudo em sete estados aponta que uma mulher \u00e9 v\u00edtima de viol\u00eancia a cada quatro horas"},"content":{"rendered":"<div class=\"row content-head non-featured \">\n<div class=\"title\" data-block-type=\"title\" data-block-id=\"0\">\n<h1 class=\"content-head__title\"><span style=\"font-size: 16px;\">Por Priscilla Moraes, GloboNews<\/span><\/h1>\n<\/div>\n<\/div>\n<div class=\"mc-article-body\">\n<article>\n<div id=\"chunk-esf82\">\n<div class=\"mc-column content-text active-extra-styles active-capital-letter\" data-block-type=\"unstyled\" data-block-weight=\"32\" data-block-id=\"2\">\n<p class=\"content-text__container theme-color-primary-first-letter\" data-track-category=\"Link no Texto\" data-track-links=\"\">Um estudo com dados de sete estados brasileiros aponta que, em 2022,\u00a0<span class=\"highlight highlighted\">uma mulher foi v\u00edtima de viol\u00eancia a cada quatro horas<\/span>: foram\u00a0<strong>2.423 casos<\/strong>\u00a0\u2014 e\u00a0<strong>495<\/strong>\u00a0deles\u00a0<span class=\"highlight highlighted\">terminaram em morte<\/span>.<\/p>\n<\/div>\n<\/div>\n<div class=\"wall protected-content\">\n<div id=\"chunk-agkde\">\n<div class=\"mc-column content-text active-extra-styles \" data-block-type=\"unstyled\" data-block-weight=\"42\" data-block-id=\"3\">\n<p class=\"content-text__container \" data-track-category=\"Link no Texto\" data-track-links=\"\">O levantamento consta do boletim\u00a0<strong>\u201cElas Vivem: dados que n\u00e3o se calam\u201d<\/strong>, da Rede de Observat\u00f3rios da Seguran\u00e7a, lan\u00e7ado nesta segunda-feira (6). A terceira edi\u00e7\u00e3o do documento compilou os registros na Bahia, Cear\u00e1, Maranh\u00e3o, Pernambuco, Piau\u00ed,\u00a0<a href=\"https:\/\/g1.globo.com\/rj\/rio-de-janeiro\/cidade\/rio-de-janeiro\/\">Rio de Janeiro<\/a>\u00a0e\u00a0<a href=\"https:\/\/g1.globo.com\/sp\/sao-paulo\/cidade\/sao-paulo\/\">S\u00e3o Paulo<\/a>.<\/p>\n<\/div>\n<\/div>\n<div id=\"chunk-8icsu\">\n<div class=\"mc-column content-text active-extra-styles \" data-block-type=\"unstyled\" data-block-weight=\"44\" data-block-id=\"4\">\n<p class=\"content-text__container \" data-track-category=\"Link no Texto\" data-track-links=\"\">O maior n\u00famero de eventos foi registrado em S\u00e3o Paulo\u00a0<strong>(898)<\/strong>\u00a0\u2014\u00a0<span class=\"highlight highlighted\">um a cada dez horas<\/span>. S\u00e3o casos como\u00a0<a href=\"https:\/\/g1.globo.com\/sp\/vale-do-paraiba-regiao\/noticia\/2022\/05\/25\/jovem-tatuada-no-rosto-pelo-ex-namorado-o-que-se-sabe-e-o-que-falta-saber.ghtml\">o da jovem sequestrada que teve o rosto tatuado com o nome do ex-companheiro<\/a>\u00a0ou\u00a0<a href=\"https:\/\/g1.globo.com\/sp\/santos-regiao\/noticia\/2023\/03\/04\/procuradora-espancada-quer-condenacao-justa-a-demetrius-apos-internacao.ghtml\">o da procuradora-geral espancada no local de trabalho<\/a>.<\/p>\n<\/div>\n<\/div>\n<div id=\"chunk-5afnk\">\n<div class=\"row medium-uncollapsed content-media content-photo\" data-block-type=\"backstage-photo\" data-block-id=\"5\">\n<div class=\"mc-column content-media__container\">\n<div class=\"content-media-container glb-skeleton-box\">\n<figure class=\"content-media-figure\"><img class=\"i-amphtml-fill-content i-amphtml-replaced-content\" src=\"https:\/\/s2.glbimg.com\/hFyZGNtYCGbi6Z9Pu1id5QMqEJw=\/0x0:1132x632\/984x0\/smart\/filters:strip_icc()\/i.s3.glbimg.com\/v1\/AUTH_59edd422c0c84a879bd37670ae4f538a\/internal_photos\/bs\/2022\/S\/l\/42jcAkRNyw2v9vxhBzsA\/tatuada.jpg\" sizes=\"(max-width: 1707px) 648px, 100vw\" srcset=\"https:\/\/s2.glbimg.com\/NuhsvSMWCAvW17jfDOX0-dbGgEY=\/0x0:1132x632\/1000x0\/smart\/filters:strip_icc()\/i.s3.glbimg.com\/v1\/AUTH_59edd422c0c84a879bd37670ae4f538a\/internal_photos\/bs\/2022\/S\/l\/42jcAkRNyw2v9vxhBzsA\/tatuada.jpg 1000w, https:\/\/s2.glbimg.com\/hFyZGNtYCGbi6Z9Pu1id5QMqEJw=\/0x0:1132x632\/984x0\/smart\/filters:strip_icc()\/i.s3.glbimg.com\/v1\/AUTH_59edd422c0c84a879bd37670ae4f538a\/internal_photos\/bs\/2022\/S\/l\/42jcAkRNyw2v9vxhBzsA\/tatuada.jpg 984w, https:\/\/s2.glbimg.com\/9gzijbtCxe9Pa4yY_apZkKEOxDo=\/0x0:1132x632\/640x0\/smart\/filters:strip_icc()\/i.s3.glbimg.com\/v1\/AUTH_59edd422c0c84a879bd37670ae4f538a\/internal_photos\/bs\/2022\/S\/l\/42jcAkRNyw2v9vxhBzsA\/tatuada.jpg 640w, https:\/\/s2.glbimg.com\/uG-W5aa3XjZHG9eVlBWOWnlb9uY=\/0x0:1132x632\/600x0\/smart\/filters:strip_icc()\/i.s3.glbimg.com\/v1\/AUTH_59edd422c0c84a879bd37670ae4f538a\/internal_photos\/bs\/2022\/S\/l\/42jcAkRNyw2v9vxhBzsA\/tatuada.jpg 600w\" alt=\"Tayane Caldas (montagem remo\u00e7\u00e3o da tatuagem feita \u00e0 for\u00e7a pelo ex) \u2014 Foto: Pedro Melo\/TV Vanguarda\" \/><\/figure>\n<\/div>\n<p class=\"content-media__description \">Tayane Caldas (montagem remo\u00e7\u00e3o da tatuagem feita \u00e0 for\u00e7a pelo ex) \u2014 Foto: Pedro Melo\/TV Vanguarda<\/p>\n<p class=\"content-media__description \"><span style=\"font-family: inherit; font-size: inherit; font-style: inherit; font-variant-ligatures: inherit; font-variant-caps: inherit; font-weight: inherit; text-align: center;\">A Bahia \u00e9 o estado com maior taxa de crescimento em rela\u00e7\u00e3o ao \u00faltimo boletim, com uma varia\u00e7\u00e3o de <\/span><strong style=\"font-family: inherit; font-size: inherit; font-style: inherit; font-variant-ligatures: inherit; font-variant-caps: inherit; text-align: center;\">58%<\/strong><span style=\"font-family: inherit; font-size: inherit; font-style: inherit; font-variant-ligatures: inherit; font-variant-caps: inherit; font-weight: inherit; text-align: center;\">,\u00a0<\/span><span class=\"highlight highlighted\" style=\"font-family: inherit; font-size: inherit; font-style: inherit; font-variant-ligatures: inherit; font-variant-caps: inherit; font-weight: inherit; text-align: center;\">com ao menos um caso por dia<\/span><span style=\"font-family: inherit; font-size: inherit; font-style: inherit; font-variant-ligatures: inherit; font-variant-caps: inherit; font-weight: inherit; text-align: center;\">, al\u00e9m de ser o primeiro em feminic\u00eddios do Nordeste, com\u00a0<\/span><strong style=\"font-family: inherit; font-size: inherit; font-style: inherit; font-variant-ligatures: inherit; font-variant-caps: inherit; text-align: center;\">91 registros<\/strong><span style=\"font-family: inherit; font-size: inherit; font-style: inherit; font-variant-ligatures: inherit; font-variant-caps: inherit; font-weight: inherit; text-align: center;\">.<\/span><\/p>\n<\/div>\n<\/div>\n<\/div>\n<div id=\"chunk-5vcfl\">\n<div class=\"mc-column content-text active-extra-styles \" data-block-type=\"unstyled\" data-block-weight=\"34\" data-block-id=\"8\">\n<p class=\"content-text__container \" data-track-category=\"Link no Texto\" data-track-links=\"\">\u201cExiste a necessidade de que todas as pessoas tenham um conhecimento social sobre essas quest\u00f5es para que a gente possa transformar esses n\u00fameros, que aumentam a cada ano\u201d, explica a pesquisadora baiana\u00a0<strong>Larissa Neves<\/strong>.<\/p>\n<\/div>\n<\/div>\n<div class=\"mc-column content-text active-extra-styles\" data-block-type=\"raw\" data-block-weight=\"3\" data-block-id=\"9\">\n<p class=\"content-text__container\">Aumento no RJ<\/p>\n<\/div>\n<div id=\"chunk-ae415\">\n<div class=\"mc-column content-text active-extra-styles \" data-block-type=\"unstyled\" data-block-weight=\"45\" data-block-id=\"10\">\n<p class=\"content-text__container \" data-track-category=\"Link no Texto\" data-track-links=\"\">O Rio de Janeiro tamb\u00e9m apresentou uma alta significativa de\u00a0<strong>45%<\/strong>\u00a0em um ano com casos de repercuss\u00e3o nacional, como\u00a0<a href=\"https:\/\/g1.globo.com\/rj\/rio-de-janeiro\/noticia\/2022\/07\/11\/anestesista-e-preso-em-flagrante-por-estupro-de-paciente-no-hospital-da-mulher-no-rj.ghtml\">o do estupro de uma parturiente cometido por um anestesista<\/a>\u00a0ou\u00a0<a href=\"https:\/\/g1.globo.com\/rj\/rio-de-janeiro\/noticia\/2022\/07\/26\/mp-denuncia-chefe-de-investigacoes-de-deam-por-agredir-ex-escolhe-soco-na-cabeca-spray-na-garganta-ou-apneia.ghtml\">do chefe de investiga\u00e7\u00f5es da delegacia da mulher acusado de agredir a ex-companheira<\/a>.<\/p>\n<\/div>\n<\/div>\n<div id=\"chunk-akfa7\">\n<div class=\"mc-column content-text active-extra-styles \" data-block-type=\"unstyled\" data-block-weight=\"30\" data-block-id=\"11\">\n<p class=\"content-text__container \" data-track-category=\"Link no Texto\" data-track-links=\"\">O Rio chegou a registrar ao menos um caso de viol\u00eancia contra a mulher a cada 17 horas, e casos de viol\u00eancia sexual praticamente dobraram, passando de 39 para 75.<\/p>\n<\/div>\n<\/div>\n<div id=\"chunk-a3cbn\">\n<div class=\"row medium-uncollapsed content-media content-photo\" data-block-type=\"backstage-photo\" data-block-id=\"12\">\n<div class=\"mc-column content-media__container\">\n<div class=\"content-media-container glb-skeleton-box\">\n<figure class=\"content-media-figure\"><img class=\"i-amphtml-fill-content i-amphtml-replaced-content\" src=\"https:\/\/s2.glbimg.com\/OckH4HS5Uk6x49ziWcVeAUVbNjU=\/0x0:4896x3264\/984x0\/smart\/filters:strip_icc()\/i.s3.glbimg.com\/v1\/AUTH_59edd422c0c84a879bd37670ae4f538a\/internal_photos\/bs\/2022\/M\/v\/AluDHfTQqLyfZ2MlXR0A\/odr20220711013.jpg\" sizes=\"(max-width: 1707px) 648px, 100vw\" srcset=\"https:\/\/s2.glbimg.com\/ZMMhPAEAL7j8YpW1flBNsbPioNM=\/0x0:4896x3264\/1000x0\/smart\/filters:strip_icc()\/i.s3.glbimg.com\/v1\/AUTH_59edd422c0c84a879bd37670ae4f538a\/internal_photos\/bs\/2022\/M\/v\/AluDHfTQqLyfZ2MlXR0A\/odr20220711013.jpg 1000w, https:\/\/s2.glbimg.com\/OckH4HS5Uk6x49ziWcVeAUVbNjU=\/0x0:4896x3264\/984x0\/smart\/filters:strip_icc()\/i.s3.glbimg.com\/v1\/AUTH_59edd422c0c84a879bd37670ae4f538a\/internal_photos\/bs\/2022\/M\/v\/AluDHfTQqLyfZ2MlXR0A\/odr20220711013.jpg 984w, https:\/\/s2.glbimg.com\/9VgmncaUO-5qBS24uB9j7sqNIcM=\/0x0:4896x3264\/640x0\/smart\/filters:strip_icc()\/i.s3.glbimg.com\/v1\/AUTH_59edd422c0c84a879bd37670ae4f538a\/internal_photos\/bs\/2022\/M\/v\/AluDHfTQqLyfZ2MlXR0A\/odr20220711013.jpg 640w, https:\/\/s2.glbimg.com\/uI1pgtopJDbVLt3U08fDLA4hlqA=\/0x0:4896x3264\/600x0\/smart\/filters:strip_icc()\/i.s3.glbimg.com\/v1\/AUTH_59edd422c0c84a879bd37670ae4f538a\/internal_photos\/bs\/2022\/M\/v\/AluDHfTQqLyfZ2MlXR0A\/odr20220711013.jpg 600w\" alt=\"M\u00e9dico anestesista Giovanni Bezerra \u00e9 preso por estupro de gr\u00e1vida, durante o parto.  \u2014 Foto: REGINALDO PIMENTA\/AG\u00caNCIA O DIA\/AG\u00caNCIA O DIA\/ESTAD\u00c3O CONTE\u00daDO\" \/><\/figure>\n<\/div>\n<p class=\"content-media__description \">M\u00e9dico anestesista Giovanni Bezerra \u00e9 preso por estupro de gr\u00e1vida, durante o parto. \u2014 Foto: REGINALDO PIMENTA\/AG\u00caNCIA O DIA\/AG\u00caNCIA O DIA\/ESTAD\u00c3O CONTE\u00daDO<\/p>\n<\/div>\n<\/div>\n<\/div>\n<div id=\"chunk-ht5h\">\n<div class=\"mc-column content-text active-extra-styles \" data-block-type=\"unstyled\" data-block-weight=\"44\" data-block-id=\"14\">\n<p class=\"content-text__container \" data-track-category=\"Link no Texto\" data-track-links=\"\">Pernambuco \u00e9 o segundo estado do Nordeste em registros de viol\u00eancia contra a mulher\u00a0<strong>(225)<\/strong>, com pelo menos um caso a cada dois dias. O estado tamb\u00e9m passou a liderar os n\u00fameros de\u00a0<strong>transfeminic\u00eddios\u00a0<\/strong>\u2014 posi\u00e7\u00e3o ocupada pelo Cear\u00e1 nos \u00faltimos dois anos.<\/p>\n<\/div>\n<\/div>\n<div id=\"chunk-7r9c9\">\n<div class=\"mc-column content-text active-extra-styles \" data-block-type=\"unstyled\" data-block-weight=\"69\" data-block-id=\"15\">\n<p class=\"content-text__container \" data-track-category=\"Link no Texto\" data-track-links=\"\">Segundo a pesquisadora da Rede em Pernambuco,\u00a0<strong>D\u00e1lia Celeste<\/strong>, essa condi\u00e7\u00e3o se d\u00e1 pela neglig\u00eancia do governo. \u201cHouve um silenciamento e a omiss\u00e3o do governo em rela\u00e7\u00e3o \u00e0 cria\u00e7\u00e3o de pol\u00edticas p\u00fablicas mesmo ap\u00f3s a onda de ataques transf\u00f3bicos em 2021. Corpos trans e travestis passam por um processo de desumaniza\u00e7\u00e3o\u00a0<span class=\"highlight highlighted\">e s\u00e3o vistos como corpos que n\u00e3o deveriam existir<\/span>, o que alimenta os crimes de \u00f3dio\u201d, afirma.<\/p>\n<\/div>\n<\/div>\n<div id=\"chunk-4h2so\">\n<div class=\"mc-column content-text active-extra-styles \" data-block-type=\"unstyled\" data-block-weight=\"22\" data-block-id=\"16\">\n<p class=\"content-text__container \" data-track-category=\"Link no Texto\" data-track-links=\"\">As mulheres cearenses vivenciaram um aumento de casos de viol\u00eancia sexual. O n\u00famero quase dobrou, passando de\u00a0<strong>17 para 31 casos<\/strong>.<\/p>\n<\/div>\n<\/div>\n<div id=\"chunk-f0nbl\">\n<div class=\"mc-column content-text active-extra-styles \" data-block-type=\"unstyled\" data-block-weight=\"24\" data-block-id=\"17\">\n<p class=\"content-text__container \" data-track-category=\"Link no Texto\" data-track-links=\"\">O Piau\u00ed registrou\u00a0<strong>48 feminic\u00eddios<\/strong>. No estado, os equipamentos de acolhimento se encontram na capital e deixam as mulheres de outras localidades desamparadas.<\/p>\n<\/div>\n<\/div>\n<div id=\"chunk-5q89u\">\n<div class=\"mc-column content-text active-extra-styles \" data-block-type=\"unstyled\" data-block-weight=\"14\" data-block-id=\"18\">\n<p class=\"content-text__container \" data-track-category=\"Link no Texto\" data-track-links=\"\">O Maranh\u00e3o \u00e9 o segundo estado do Nordeste em agress\u00f5es e tentativas de feminic\u00eddio.<\/p>\n<\/div>\n<\/div>\n<div class=\"mc-column content-text active-extra-styles\" data-block-type=\"raw\" data-block-weight=\"3\" data-block-id=\"19\">\n<p class=\"content-text__container\">Viol\u00eancia em casa<\/p>\n<p>A maior parte dos registros nos sete estados tem como autor da viol\u00eancia companheiros e ex-companheiros das v\u00edtimas. S\u00e3o eles os respons\u00e1veis por <strong>75% dos casos de feminic\u00eddio<\/strong>. As principais motiva\u00e7\u00f5es s\u00e3o brigas e t\u00e9rminos de relacionamento.<\/p>\n<\/div>\n<div id=\"chunk-ccl35\">\n<div class=\"content-ads content-ads--reveal\" data-block-type=\"ads\" data-block-id=\"21\">\n<div id=\"banner_materia__958307ff-5e58-4418-8f95-ac10f204922b\" class=\"tag-manager-publicidade-container mc-has-reveal mc-has-ad-lazyload tag-manager-publicidade-banner_materia__958307ff-5e58-4418-8f95-ac10f204922b tag-manager-publicidade-container--carregado tag-manager-publicidade-container--visivel\" data-id=\"banner_materia__958307ff-5e58-4418-8f95-ac10f204922b\" data-google-query-id=\"CO_CtJGYx_0CFZpMuAQdAu8J1w\">\n<div id=\"google_ads_iframe_\/95377733\/tvg_G1\/Sua_Regiao&gt;Sudeste&gt;Rio_de_Janeiro_5__container__\" style=\"box-sizing: inherit; margin: auto; padding: 0px; border: 0pt none; font: inherit; vertical-align: initial; max-width: 100%; text-align: center; width: 970px; height: 250px;\">\u201cPara al\u00e9m da responsabilidade individual, precisamos refletir sobre a responsabilidade do estado em tolerar que tantos feminic\u00eddios aconte\u00e7am. J\u00e1 foram assinados tratados e j\u00e1 avan\u00e7amos em algumas dire\u00e7\u00f5es, mas ainda se permite a impunidade. E isso se d\u00e1 ao n\u00e3o saber como esse crime acontece, n\u00e3o se fazer o devido registro, n\u00e3o qualificar juridicamente da maneira correta\u201d, explica <strong>Edna Jatob\u00e1<\/strong>, coordenadora do observat\u00f3rio da seguran\u00e7a de Pernambuco<\/div>\n<div style=\"box-sizing: inherit; margin: auto; padding: 0px; border: 0pt none; font: inherit; vertical-align: initial; max-width: 100%; text-align: center; width: 970px; height: 250px;\">Metodologia -Os dados do boletim s\u00e3o produzidos a partir de um monitoramento di\u00e1rio do que circula nos meios de comunica\u00e7\u00e3o e nas redes sociais sobre viol\u00eancia e seguran\u00e7a. As informa\u00e7\u00f5es coletadas alimentam um banco de dados que posteriormente \u00e9 revisado e consolidado. A viol\u00eancia contra mulher \u00e9 o terceiro indicador de viol\u00eancia mais registrado pela Rede de Observat\u00f3rios, atr\u00e1s apenas de eventos com armas de fogo e a\u00e7\u00f5es policiais \u2014 que tradicionalmente ocupam o notici\u00e1rio policial.<\/div>\n<\/div>\n<\/div>\n<\/div>\n<\/div>\n<\/article>\n<\/div>\n","protected":false},"excerpt":{"rendered":"<p>Por Priscilla Moraes, GloboNews Um estudo com dados de sete estados brasileiros aponta que, em 2022,\u00a0uma mulher foi v\u00edtima de viol\u00eancia a cada quatro horas: foram\u00a02.423 casos\u00a0\u2014 e\u00a0495\u00a0deles\u00a0terminaram em morte. O levantamento consta do boletim\u00a0\u201cElas Vivem: dados que n\u00e3o se calam\u201d, da Rede de Observat\u00f3rios da Seguran\u00e7a, lan\u00e7ado nesta segunda-feira (6). A terceira edi\u00e7\u00e3o do [&hellip;]<\/p>\n","protected":false},"author":2,"featured_media":0,"comment_status":"open","ping_status":"open","sticky":false,"template":"","format":"standard","meta":{"_links_to":"","_links_to_target":""},"categories":[7,9,8,1],"tags":[],"_links":{"self":[{"href":"https:\/\/www.ilheusnoticias.net.br\/v1\/wp-json\/wp\/v2\/posts\/31168"}],"collection":[{"href":"https:\/\/www.ilheusnoticias.net.br\/v1\/wp-json\/wp\/v2\/posts"}],"about":[{"href":"https:\/\/www.ilheusnoticias.net.br\/v1\/wp-json\/wp\/v2\/types\/post"}],"author":[{"embeddable":true,"href":"https:\/\/www.ilheusnoticias.net.br\/v1\/wp-json\/wp\/v2\/users\/2"}],"replies":[{"embeddable":true,"href":"https:\/\/www.ilheusnoticias.net.br\/v1\/wp-json\/wp\/v2\/comments?post=31168"}],"version-history":[{"count":1,"href":"https:\/\/www.ilheusnoticias.net.br\/v1\/wp-json\/wp\/v2\/posts\/31168\/revisions"}],"predecessor-version":[{"id":31169,"href":"https:\/\/www.ilheusnoticias.net.br\/v1\/wp-json\/wp\/v2\/posts\/31168\/revisions\/31169"}],"wp:attachment":[{"href":"https:\/\/www.ilheusnoticias.net.br\/v1\/wp-json\/wp\/v2\/media?parent=31168"}],"wp:term":[{"taxonomy":"category","embeddable":true,"href":"https:\/\/www.ilheusnoticias.net.br\/v1\/wp-json\/wp\/v2\/categories?post=31168"},{"taxonomy":"post_tag","embeddable":true,"href":"https:\/\/www.ilheusnoticias.net.br\/v1\/wp-json\/wp\/v2\/tags?post=31168"}],"curies":[{"name":"wp","href":"https:\/\/api.w.org\/{rel}","templated":true}]}}