{"id":31166,"date":"2023-03-06T08:21:55","date_gmt":"2023-03-06T11:21:55","guid":{"rendered":"https:\/\/www.ilheusnoticias.net.br\/v1\/?p=31166"},"modified":"2023-03-06T08:21:55","modified_gmt":"2023-03-06T11:21:55","slug":"ex-funcionario-diz-que-thiago-brennand-batia-e-dava-choques-no-filho-cara-desumano","status":"publish","type":"post","link":"https:\/\/www.ilheusnoticias.net.br\/v1\/2023\/03\/06\/ex-funcionario-diz-que-thiago-brennand-batia-e-dava-choques-no-filho-cara-desumano\/","title":{"rendered":"Ex-funcion\u00e1rio diz que Thiago Brennand batia e dava choques no filho: &#8216;Cara desumano&#8217;"},"content":{"rendered":"<div class=\"row content-head non-featured \">\n<div class=\"title\" data-block-type=\"title\" data-block-id=\"0\">\n<h1 class=\"content-head__title\"><span style=\"font-size: 16px;\">Por Fant\u00e1stico<\/span><\/h1>\n<\/div>\n<\/div>\n<div class=\"content__signa-share\">\n<div class=\"content__signature\">\n<div class=\"content-publication-data\">\n<div class=\"content-publication-data__text\">\n<p class=\"content-publication-data__updated\"><time datetime=\"2023-03-06T01:03:39.701Z\">05\/03\/2023 22h03\u00a0<\/time><span class=\"content-publication-data__updated-relative\">\u00a0<time datetime=\"2023-03-06T11:01:17.107Z\">Atualizado\u00a0<time datetime=\"2023-03-06T11:01:17.107Z\">h\u00e1 17 minutos<\/time><\/time><\/span><\/p>\n<\/div>\n<\/div>\n<\/div>\n<div class=\"content__share-bar content__share-bar--cloned\" data-position=\"upper\"><img class=\"content-video__placeholder__thumb\" title=\"Thiago Brennand agredia o pr\u00f3prio filho, diz ex-motorista do empres\u00e1rio\" src=\"https:\/\/s02.video.glbimg.com\/x720\/11421893.jpg\" alt=\"Thiago Brennand agredia o pr\u00f3prio filho, diz ex-motorista do empres\u00e1rio\" \/><\/div>\n<\/div>\n<div class=\"mc-article-body\">\n<article>\n<div id=\"chunk-51onr\">\n<div class=\"bs-video-block row medium-uncollapsed  content-media content-video\" data-block-type=\"backstage-video\" data-block-id=\"1\">\n<div class=\"content-media__container column medium-22 large-20 medium-centered\">\n<div class=\"content-video__bigger-player-description-fixer\">\n<article class=\"content-video\">\n<section class=\"content-video__video-container\">\n<div class=\"content-video__video\">\n<div id=\"wp3-player-1\" class=\"clappr-player\" tabindex=\"9999\" data-player=\"\">\n<div class=\"dfp-ad-overlay dfp-ad-overlay--poster-mode\">\n<div><\/div>\n<\/div>\n<div class=\"media-control media-control-hide h720 w960\">\n<div class=\"media-control-panel\">\n<div class=\"media-control-panel__lower\" data-controls=\"\">\n<div class=\"opposites-container\">\n<div class=\"media-control-position__right\">Thiago Brennand agredia o pr\u00f3prio filho, diz ex-motorista do empres\u00e1rio<\/div>\n<\/div>\n<\/div>\n<\/div>\n<\/div>\n<\/div>\n<\/div>\n<\/section>\n<\/article>\n<\/div>\n<\/div>\n<\/div>\n<\/div>\n<div id=\"chunk-ff40m\">\n<div class=\"mc-column content-text active-extra-styles \" data-block-type=\"unstyled\" data-block-weight=\"47\" data-block-id=\"3\">\n<p class=\"content-text__container \" data-track-category=\"Link no Texto\" data-track-links=\"\">O\u00a0<strong>Fant\u00e1stico<\/strong>\u00a0traz uma nova den\u00fancia contra Thiago Brennand. Faz seis meses que o programa revelou que o\u00a0<a href=\"https:\/\/g1.globo.com\/fantastico\/noticia\/2022\/08\/28\/aluna-de-academia-em-shopping-de-luxo-de-sp-relata-agressao-de-empresario-ele-falou-vou-cuspir-em-voce-porque-voce-merece.ghtml\">empres\u00e1rio havia agredido uma atriz em uma academia<\/a>\u00a0em\u00a0<a href=\"https:\/\/g1.globo.com\/sp\/sao-paulo\/cidade\/sao-paulo\/\">S\u00e3o Paulo<\/a>. Ele virou r\u00e9u neste e em outros cinco processos, desde ent\u00e3o, por crimes como les\u00e3o corporal e estupro.<\/p>\n<\/div>\n<\/div>\n<div class=\"wall protected-content\">\n<div id=\"chunk-bsl53\">\n<div class=\"mc-column content-text active-extra-styles \" data-block-type=\"unstyled\" data-block-weight=\"26\" data-block-id=\"4\">\n<p class=\"content-text__container \" data-track-category=\"Link no Texto\" data-track-links=\"\">Agora um ex-funcion\u00e1rio, que conviveu com Thiago Brennand por 15 anos, decidiu romper o sil\u00eancio para revelar que o ex-patr\u00e3o era violento com o pr\u00f3prio filho.<\/p>\n<\/div>\n<\/div>\n<div class=\"mc-column content-text active-extra-styles\" data-block-type=\"raw\" data-block-weight=\"15\" data-block-id=\"5\">\n<blockquote class=\"content-blockquote theme-border-color-primary-before\"><p>\u201cThiago Brennand, para mim, \u00e9 um cara desumano. Ele fazia muito mal com as pessoas\u201d.<\/p><\/blockquote>\n<\/div>\n<div id=\"chunk-962je\">\n<div class=\"mc-column content-text active-extra-styles \" data-block-type=\"unstyled\" data-block-weight=\"29\" data-block-id=\"6\">\n<p class=\"content-text__container \" data-track-category=\"Link no Texto\" data-track-links=\"\">O homem que responde na Justi\u00e7a por agredir uma empres\u00e1ria na academia, por estuprar mulheres e mant\u00ea-las em c\u00e1rcere privado, era violento com o pr\u00f3prio filho, segundo o ex-funcion\u00e1rio.<\/p>\n<\/div>\n<\/div>\n<div id=\"chunk-crl4g\">\n<div class=\"content-ads content-ads--reveal\" data-block-type=\"ads\" data-block-id=\"7\">\n<div id=\"banner_materia2\" class=\"tag-manager-publicidade-container mc-has-reveal mc-has-ad-lazyload tag-manager-publicidade-banner_materia2 tag-manager-publicidade-container--carregado tag-manager-publicidade-container--visivel\" data-id=\"banner_materia2\" data-google-query-id=\"CMPl5KeXx_0CFba5lQIdlocIGw\">\n<div id=\"google_ads_iframe_\/95377733\/tvg_G1\/Fantastico_3__container__\"><strong>Motorista: <\/strong>Tudo que n\u00e3o agradava o pai, o pai agredia ele.<\/div>\n<\/div>\n<\/div>\n<\/div>\n<div id=\"chunk-7ahek\">\n<div class=\"mc-column content-text active-extra-styles \" data-block-type=\"unstyled\" data-block-weight=\"52\" data-block-id=\"10\">\n<p class=\"content-text__container \" data-track-category=\"Link no Texto\" data-track-links=\"\"><strong>Valmir Salaro:<\/strong>\u00a0Agredia como?<br \/>\n<strong>Motorista:\u00a0<\/strong>V\u00e1rias agress\u00f5es, muitas, dar porrada, cotovelada.<br \/>\n<strong>Valmir Salaro:<\/strong>\u00a0E bateu na sua frente?<br \/>\n<strong>Motorista:<\/strong>\u00a0Na minha frente, v\u00e1rias vezes. Ele se irritava, do nada. Se o menino n\u00e3o comesse o macarr\u00e3o que ele queria, ele batia no menino.<\/p>\n<\/div>\n<\/div>\n<div id=\"chunk-c21ns\">\n<div class=\"mc-column content-text active-extra-styles \" data-block-type=\"unstyled\" data-block-weight=\"56\" data-block-id=\"11\">\n<p class=\"content-text__container \" data-track-category=\"Link no Texto\" data-track-links=\"\">O menino \u00e9 o filho \u00fanico de Brennand. Hoje tem 17 anos. O empres\u00e1rio e a m\u00e3e se separaram quando a crian\u00e7a tinha dois anos. A fam\u00edlia vivia em Pernambuco e, desde ent\u00e3o, o menino morava com o pai. Durante anos, a m\u00e3e lutou pela guarda do filho na Justi\u00e7a, mas ela foi concedida a Brennand.<\/p>\n<\/div>\n<\/div>\n<div id=\"chunk-fbfrp\">\n<div class=\"mc-column content-text active-extra-styles \" data-block-type=\"unstyled\" data-block-weight=\"16\" data-block-id=\"12\">\n<p class=\"content-text__container \" data-track-category=\"Link no Texto\" data-track-links=\"\">Em\u00a0<a href=\"https:\/\/g1.globo.com\/sp\/sao-paulo\/cidade\/sao-paulo\/\">S\u00e3o Paulo<\/a>, uma das fun\u00e7\u00f5es do ex-motorista era levar e buscar o garoto na escola.<\/p>\n<\/div>\n<\/div>\n<div id=\"chunk-5kmt2\">\n<div class=\"mc-column content-text active-extra-styles \" data-block-type=\"unstyled\" data-block-weight=\"37\" data-block-id=\"13\">\n<p class=\"content-text__container \" data-track-category=\"Link no Texto\" data-track-links=\"\"><strong>Valmir Salaro:<\/strong>\u00a0Quantos anos tinha o filho na \u00e9poca?<br \/>\n<strong>Motorista:<\/strong>\u00a0Cinco, seis anos, por a\u00ed. Teve uma \u00e9poca que eu tive que esconder uma m\u00e1quina de choque porque ele batia no menino. Pegava o choque, ficava dando nele.<\/p>\n<\/div>\n<\/div>\n<div id=\"chunk-6h55o\">\n<div class=\"mc-column content-text active-extra-styles \" data-block-type=\"unstyled\" data-block-weight=\"12\" data-block-id=\"14\">\n<p class=\"content-text__container \" data-track-category=\"Link no Texto\" data-track-links=\"\">O ex-motorista prestou depoimento ao Minist\u00e9rio P\u00fablico de\u00a0<a href=\"https:\/\/g1.globo.com\/sp\/sao-paulo\/cidade\/sao-paulo\/\">S\u00e3o Paulo<\/a>\u00a0como testemunha.<\/p>\n<\/div>\n<\/div>\n<div id=\"chunk-2ovvm\">\n<div class=\"content-ads content-ads--reveal\" data-block-type=\"ads\" data-block-id=\"15\">\n<div id=\"banner_materia__d78a161c-f0d7-4184-a513-8532a9506891\" class=\"tag-manager-publicidade-container mc-has-reveal mc-has-ad-lazyload tag-manager-publicidade-banner_materia__d78a161c-f0d7-4184-a513-8532a9506891 tag-manager-publicidade-container--carregado tag-manager-publicidade-container--visivel\" data-id=\"banner_materia__d78a161c-f0d7-4184-a513-8532a9506891\" data-google-query-id=\"CNrSmKmXx_0CFRaXlQIduKUCWw\">\n<div id=\"google_ads_iframe_\/95377733\/tvg_G1\/Fantastico_4__container__\"><iframe loading=\"lazy\" id=\"google_ads_iframe_\/95377733\/tvg_G1\/Fantastico_4\" tabindex=\"0\" title=\"3rd party ad content\" role=\"region\" src=\"https:\/\/bf530c4f476dbb293c9a84e33ab30ef2.safeframe.googlesyndication.com\/safeframe\/1-0-40\/html\/container.html\" name=\"\" width=\"1\" height=\"1\" frameborder=\"0\" marginwidth=\"0\" marginheight=\"0\" scrolling=\"no\" sandbox=\"allow-forms allow-popups allow-popups-to-escape-sandbox allow-same-origin allow-scripts allow-top-navigation-by-user-activation\" data-is-safeframe=\"true\" aria-label=\"Advertisement\" data-google-container-id=\"6\" data-load-complete=\"true\" data-mce-fragment=\"1\"><\/iframe><\/div>\n<\/div>\n<\/div>\n<\/div>\n<div id=\"chunk-cbuvh\">\n<div class=\"mc-column content-text active-extra-styles \" data-block-type=\"unstyled\" data-block-weight=\"18\" data-block-id=\"16\">\n<p class=\"content-text__container \" data-track-category=\"Link no Texto\" data-track-links=\"\">O\u00a0<strong>Fant\u00e1stico<\/strong>\u00a0apurou que as autoridades j\u00e1 investigam as den\u00fancias de agress\u00e3o do empres\u00e1rio contra o pr\u00f3prio filho.<\/p>\n<\/div>\n<\/div>\n<div id=\"chunk-5fcg5\">\n<div class=\"mc-column content-text active-extra-styles \" data-block-type=\"unstyled\" data-block-weight=\"42\" data-block-id=\"17\">\n<p class=\"content-text__container \" data-track-category=\"Link no Texto\" data-track-links=\"\"><a href=\"https:\/\/g1.globo.com\/sp\/sao-paulo\/noticia\/2022\/09\/27\/justica-de-sp-decreta-prisao-de-thiago-brennand-apos-ele-nao-se-apresentar-empresario-acusado-de-agressao-saiu-do-brasil.ghtml\">Thiago Brennand chegou a ser preso em outubro<\/a>\u00a0do ano passado em\u00a0<a href=\"http:\/\/g1.globo.com\/mundo\/emirados-arabes-unidos\/cidade\/abu-dhabi.html\">Abu Dhabi<\/a>, nos\u00a0<a href=\"https:\/\/g1.globo.com\/tudo-sobre\/emirados-arabes-unidos\/\">Emirados \u00c1rabes<\/a>, mas\u00a0<a href=\"https:\/\/g1.globo.com\/sp\/sao-paulo\/noticia\/2022\/10\/14\/thiago-brennand-herdeiro-acusado-de-agredir-modelo-e-solto-depois-de-ser-preso-pela-interpol-nos-emirados-arabes.ghtml\">pagou fian\u00e7a e foi solto<\/a>. Em novembro, a embaixada brasileira em\u00a0<a href=\"http:\/\/g1.globo.com\/mundo\/emirados-arabes-unidos\/cidade\/abu-dhabi.html\">Abu Dhabi<\/a>\u00a0formalizou \u00e0s autoridades locais o pedido de extradi\u00e7\u00e3o, segundo o Itamaraty.<\/p>\n<\/div>\n<\/div>\n<div id=\"chunk-fd5ne\">\n<div class=\"mc-column content-text active-extra-styles \" data-block-type=\"unstyled\" data-block-weight=\"26\" data-block-id=\"18\">\n<p class=\"content-text__container \" data-track-category=\"Link no Texto\" data-track-links=\"\">Em nota, a embaixada dos\u00a0<a href=\"https:\/\/g1.globo.com\/tudo-sobre\/emirados-arabes-unidos\/\">Emirados \u00c1rabes<\/a>\u00a0disse apenas que &#8220;o assunto est\u00e1 sendo tratado pela embaixada brasileira em\u00a0<a href=\"http:\/\/g1.globo.com\/mundo\/emirados-arabes-unidos\/cidade\/abu-dhabi.html\">Abu Dhabi<\/a>\u00a0com as autoridades emir\u00e1ticas competentes&#8221;.<\/p>\n<\/div>\n<\/div>\n<div id=\"chunk-trab\">\n<div class=\"mc-column content-text active-extra-styles \" data-block-type=\"unstyled\" data-block-weight=\"21\" data-block-id=\"19\">\n<p class=\"content-text__container \" data-track-category=\"Link no Texto\" data-track-links=\"\">O Itamaraty afirmou, em nota, que &#8220;mais documentos foram enviados em dezembro, mas at\u00e9 agora, o pa\u00eds \u00e1rabe n\u00e3o se manifestou&#8221;.<\/p>\n<\/div>\n<\/div>\n<div id=\"chunk-27pdp\">\n<div class=\"mc-column content-text active-extra-styles \" data-block-type=\"unstyled\" data-block-weight=\"26\" data-block-id=\"20\">\n<p class=\"content-text__container \" data-track-category=\"Link no Texto\" data-track-links=\"\">O N\u00facleo de Atendimento \u00e0s V\u00edtimas de Viol\u00eancia do Minist\u00e9rio P\u00fablico de\u00a0<a href=\"https:\/\/g1.globo.com\/sp\/sao-paulo\/cidade\/sao-paulo\/\">S\u00e3o Paulo<\/a>, o Navv, est\u00e1 apurando as den\u00fancias que surgiram nos \u00faltimos seis meses.<\/p>\n<\/div>\n<\/div>\n<div id=\"chunk-71sl3\">\n<div class=\"mc-column content-text active-extra-styles \" data-block-type=\"unstyled\" data-block-weight=\"34\" data-block-id=\"21\">\n<p class=\"content-text__container \" data-track-category=\"Link no Texto\" data-track-links=\"\">O Fant\u00e1stico procurou a defesa de Thiago Brennand desde sexta-feira (3) para ouvi-lo sobre as den\u00fancias feitas nesta reportagem, mas n\u00e3o tivemos resposta. O empres\u00e1rio sempre negou as acusa\u00e7\u00f5es de estupro e c\u00e1rcere privado.<\/p>\n<\/div>\n<\/div>\n<\/div>\n<\/article>\n<\/div>\n","protected":false},"excerpt":{"rendered":"<p>Por Fant\u00e1stico 05\/03\/2023 22h03\u00a0\u00a0Atualizado\u00a0h\u00e1 17 minutos Thiago Brennand agredia o pr\u00f3prio filho, diz ex-motorista do empres\u00e1rio O\u00a0Fant\u00e1stico\u00a0traz uma nova den\u00fancia contra Thiago Brennand. Faz seis meses que o programa revelou que o\u00a0empres\u00e1rio havia agredido uma atriz em uma academia\u00a0em\u00a0S\u00e3o Paulo. Ele virou r\u00e9u neste e em outros cinco processos, desde ent\u00e3o, por crimes como les\u00e3o [&hellip;]<\/p>\n","protected":false},"author":2,"featured_media":0,"comment_status":"open","ping_status":"open","sticky":false,"template":"","format":"standard","meta":{"_links_to":"","_links_to_target":""},"categories":[7,9,8,1],"tags":[],"_links":{"self":[{"href":"https:\/\/www.ilheusnoticias.net.br\/v1\/wp-json\/wp\/v2\/posts\/31166"}],"collection":[{"href":"https:\/\/www.ilheusnoticias.net.br\/v1\/wp-json\/wp\/v2\/posts"}],"about":[{"href":"https:\/\/www.ilheusnoticias.net.br\/v1\/wp-json\/wp\/v2\/types\/post"}],"author":[{"embeddable":true,"href":"https:\/\/www.ilheusnoticias.net.br\/v1\/wp-json\/wp\/v2\/users\/2"}],"replies":[{"embeddable":true,"href":"https:\/\/www.ilheusnoticias.net.br\/v1\/wp-json\/wp\/v2\/comments?post=31166"}],"version-history":[{"count":1,"href":"https:\/\/www.ilheusnoticias.net.br\/v1\/wp-json\/wp\/v2\/posts\/31166\/revisions"}],"predecessor-version":[{"id":31167,"href":"https:\/\/www.ilheusnoticias.net.br\/v1\/wp-json\/wp\/v2\/posts\/31166\/revisions\/31167"}],"wp:attachment":[{"href":"https:\/\/www.ilheusnoticias.net.br\/v1\/wp-json\/wp\/v2\/media?parent=31166"}],"wp:term":[{"taxonomy":"category","embeddable":true,"href":"https:\/\/www.ilheusnoticias.net.br\/v1\/wp-json\/wp\/v2\/categories?post=31166"},{"taxonomy":"post_tag","embeddable":true,"href":"https:\/\/www.ilheusnoticias.net.br\/v1\/wp-json\/wp\/v2\/tags?post=31166"}],"curies":[{"name":"wp","href":"https:\/\/api.w.org\/{rel}","templated":true}]}}