{"id":31162,"date":"2023-03-04T10:44:43","date_gmt":"2023-03-04T13:44:43","guid":{"rendered":"https:\/\/www.ilheusnoticias.net.br\/v1\/?p=31162"},"modified":"2023-03-04T10:44:43","modified_gmt":"2023-03-04T13:44:43","slug":"baralho-do-crime-ex-integrante-morre-apos-confronto-com-pms-em-salvador","status":"publish","type":"post","link":"https:\/\/www.ilheusnoticias.net.br\/v1\/2023\/03\/04\/baralho-do-crime-ex-integrante-morre-apos-confronto-com-pms-em-salvador\/","title":{"rendered":"Baralho do crime: ex-integrante morre ap\u00f3s confronto com PMs em Salvador"},"content":{"rendered":"<div class=\"row content-head non-featured \">\n<div class=\"title\" data-block-type=\"title\" data-block-id=\"0\"><\/div>\n<\/div>\n<div class=\"mc-article-body\">\n<article>\n<div id=\"chunk-efgea\">\n<div class=\"row medium-uncollapsed content-media content-photo\" data-block-type=\"backstage-photo\" data-block-id=\"1\">\n<div class=\"mc-column content-media__container\">\n<div class=\"content-media-container glb-skeleton-box\">\n<figure class=\"content-media-figure\"><img class=\"i-amphtml-fill-content i-amphtml-replaced-content\" src=\"https:\/\/s2.glbimg.com\/B_lSxSTjl7NzGi2zK4g85eRw9Ic=\/0x0:1024x668\/984x0\/smart\/filters:strip_icc()\/i.s3.glbimg.com\/v1\/AUTH_59edd422c0c84a879bd37670ae4f538a\/internal_photos\/bs\/2023\/Z\/u\/AihhdAQL6pUeNso7tYdg\/whatsapp-image-2023-03-04-at-10.09.43.jpeg\" sizes=\"(max-width: 1707px) 648px, 100vw\" srcset=\"https:\/\/s2.glbimg.com\/bYqfa9-OwJJ85ZHksD9R6wBvcqw=\/0x0:1024x668\/1000x0\/smart\/filters:strip_icc()\/i.s3.glbimg.com\/v1\/AUTH_59edd422c0c84a879bd37670ae4f538a\/internal_photos\/bs\/2023\/Z\/u\/AihhdAQL6pUeNso7tYdg\/whatsapp-image-2023-03-04-at-10.09.43.jpeg 1000w, https:\/\/s2.glbimg.com\/B_lSxSTjl7NzGi2zK4g85eRw9Ic=\/0x0:1024x668\/984x0\/smart\/filters:strip_icc()\/i.s3.glbimg.com\/v1\/AUTH_59edd422c0c84a879bd37670ae4f538a\/internal_photos\/bs\/2023\/Z\/u\/AihhdAQL6pUeNso7tYdg\/whatsapp-image-2023-03-04-at-10.09.43.jpeg 984w, https:\/\/s2.glbimg.com\/3fEok447wK2Vr1MUv6ygGwC805Y=\/0x0:1024x668\/640x0\/smart\/filters:strip_icc()\/i.s3.glbimg.com\/v1\/AUTH_59edd422c0c84a879bd37670ae4f538a\/internal_photos\/bs\/2023\/Z\/u\/AihhdAQL6pUeNso7tYdg\/whatsapp-image-2023-03-04-at-10.09.43.jpeg 640w, https:\/\/s2.glbimg.com\/31iBj6pVD0qn4TKIi50DxgpWl1E=\/0x0:1024x668\/600x0\/smart\/filters:strip_icc()\/i.s3.glbimg.com\/v1\/AUTH_59edd422c0c84a879bd37670ae4f538a\/internal_photos\/bs\/2023\/Z\/u\/AihhdAQL6pUeNso7tYdg\/whatsapp-image-2023-03-04-at-10.09.43.jpeg 600w\" alt=\"Baralho do crime: ex-integrante morre ap\u00f3s confronto com PMs em Salvador \u2014 Foto: Divulga\u00e7\u00e3o\/SSP-BA\" \/><\/figure>\n<\/div>\n<p class=\"content-media__description \">Baralho do crime: ex-integrante morre ap\u00f3s confronto com PMs em Salvador \u2014 Foto: Divulga\u00e7\u00e3o\/SSP-BA<\/p>\n<\/div>\n<\/div>\n<\/div>\n<div id=\"chunk-bdnij\">\n<div class=\"mc-column content-text active-extra-styles \" data-block-type=\"unstyled\" data-block-weight=\"39\" data-block-id=\"3\">\n<p class=\"content-text__container \" data-track-category=\"Link no Texto\" data-track-links=\"\">Um ex-integrante do Baralho do Crime &#8211; cat\u00e1logo de foragidos da Secretaria da Seguran\u00e7a P\u00fablica da Bahia \u2013 morreu ap\u00f3s entrar em confronto com policiais militares em\u00a0<a href=\"https:\/\/g1.globo.com\/ba\/bahia\/cidade\/salvador\/\">Salvador<\/a>. Caso aconteceu na noite de sexta-feira (3), no bairro de Val\u00e9ria.<\/p>\n<\/div>\n<\/div>\n<div class=\"wall protected-content\">\n<div id=\"chunk-64p99\">\n<div class=\"mc-column content-text active-extra-styles \" data-block-type=\"unstyled\" data-block-weight=\"41\" data-block-id=\"4\">\n<p class=\"content-text__container \" data-track-category=\"Link no Texto\" data-track-links=\"\">A SSP-BA informou que Yuri Carlson Santana Santos, conhecido como &#8220;ET&#8221; ou &#8220;Cabeca de Repolho&#8221;, foi encontrado durante a opera\u00e7\u00e3o &#8220;Val\u00e9ria em Paz&#8221;, da Pol\u00edcia Militar. Ele respondia por tr\u00e1fico de drogas, estupros e homic\u00eddios e havia fugido do sistema prisional.<\/p>\n<\/div>\n<\/div>\n<div id=\"chunk-bugse\">\n<div class=\"mc-column content-text active-extra-styles \" data-block-type=\"unstyled\" data-block-weight=\"44\" data-block-id=\"5\">\n<p class=\"content-text__container \" data-track-category=\"Link no Texto\" data-track-links=\"\">Segundo a secretaria, Yuri Carlson era o chefe de uma fac\u00e7\u00e3o criminosa que atuava no bairro. Val\u00e9ria \u00e9 considerado um ponto considerado estrat\u00e9gico para o tr\u00e1fico de drogas porque fica perto de duas rodovias, a BR-324 e a BA-528, conhecida como Estrada do Derba.<\/p>\n<p class=\"content-text__container \" data-track-category=\"Link no Texto\" data-track-links=\"\"><span style=\"font-family: inherit; font-size: inherit; font-style: inherit; font-variant-ligatures: inherit; font-variant-caps: inherit; font-weight: inherit; text-align: center;\">Yuri Carlson foi encontrado pelos policiais ostentando armas de fogo. Os militares teriam se aproximado para fazer a pris\u00e3o, quando houve o confronto. O homem chegou a ser socorrido para o Hospital do Sub\u00farbio, mas n\u00e3o resistiu aos ferimentos.<\/span><\/p>\n<\/div>\n<\/div>\n<div id=\"chunk-beuor\">\n<div class=\"mc-column content-text active-extra-styles \" data-block-type=\"unstyled\" data-block-weight=\"22\" data-block-id=\"8\">\n<p class=\"content-text__container \" data-track-category=\"Link no Texto\" data-track-links=\"\">Uma pistola, carregador e muni\u00e7\u00f5es foram apreendidos com o Yuri Carlson. Os outros homem, que estavam junto com ele, conseguiram escapar.<\/p>\n<\/div>\n<\/div>\n<div class=\"mc-column content-text active-extra-styles\" data-block-type=\"raw\" data-block-weight=\"3\" data-block-id=\"9\">\n<div class=\"content-intertitle\">\n<h2>Baralho do crime<\/h2>\n<\/div>\n<p>O Baralho do Crime \u00e9 um cat\u00e1logo que re\u00fane informa\u00e7\u00f5es dos foragidos mais perigosos do estado, como nome, apelido, \u00e1rea de atua\u00e7\u00e3o, al\u00e9m da foto. A divulga\u00e7\u00e3o tem o objetivo de contar com a ajuda de den\u00fancias an\u00f4nimas que possam colaborar na localiza\u00e7\u00e3o dos criminosos.<\/p>\n<\/div>\n<div id=\"chunk-c707t\">\n<div class=\"mc-column content-text active-extra-styles \" data-block-type=\"unstyled\" data-block-weight=\"39\" data-block-id=\"11\">\n<p class=\"content-text__container \" data-track-category=\"Link no Texto\" data-track-links=\"\">O cat\u00e1logo completo pode ser acessado no\u00a0<a href=\"https:\/\/disquedenuncia.com\/\" target=\"_blank\" rel=\"noopener\">site da SSP-BA<\/a>. Quem tiver informa\u00e7\u00f5es sobre os criminosos procurados pode entrar em contato com a pol\u00edcia atrav\u00e9s do Disque Den\u00fancia, por meio dos telefones de n\u00fameros 3235-0000 (capital) e 181 (interior).<\/p>\n<\/div>\n<\/div>\n<\/div>\n<\/article>\n<\/div>\n","protected":false},"excerpt":{"rendered":"<p>Baralho do crime: ex-integrante morre ap\u00f3s confronto com PMs em Salvador \u2014 Foto: Divulga\u00e7\u00e3o\/SSP-BA Um ex-integrante do Baralho do Crime &#8211; cat\u00e1logo de foragidos da Secretaria da Seguran\u00e7a P\u00fablica da Bahia \u2013 morreu ap\u00f3s entrar em confronto com policiais militares em\u00a0Salvador. Caso aconteceu na noite de sexta-feira (3), no bairro de Val\u00e9ria. A SSP-BA informou [&hellip;]<\/p>\n","protected":false},"author":2,"featured_media":0,"comment_status":"open","ping_status":"open","sticky":false,"template":"","format":"standard","meta":{"_links_to":"","_links_to_target":""},"categories":[7,9,8,1],"tags":[],"_links":{"self":[{"href":"https:\/\/www.ilheusnoticias.net.br\/v1\/wp-json\/wp\/v2\/posts\/31162"}],"collection":[{"href":"https:\/\/www.ilheusnoticias.net.br\/v1\/wp-json\/wp\/v2\/posts"}],"about":[{"href":"https:\/\/www.ilheusnoticias.net.br\/v1\/wp-json\/wp\/v2\/types\/post"}],"author":[{"embeddable":true,"href":"https:\/\/www.ilheusnoticias.net.br\/v1\/wp-json\/wp\/v2\/users\/2"}],"replies":[{"embeddable":true,"href":"https:\/\/www.ilheusnoticias.net.br\/v1\/wp-json\/wp\/v2\/comments?post=31162"}],"version-history":[{"count":1,"href":"https:\/\/www.ilheusnoticias.net.br\/v1\/wp-json\/wp\/v2\/posts\/31162\/revisions"}],"predecessor-version":[{"id":31163,"href":"https:\/\/www.ilheusnoticias.net.br\/v1\/wp-json\/wp\/v2\/posts\/31162\/revisions\/31163"}],"wp:attachment":[{"href":"https:\/\/www.ilheusnoticias.net.br\/v1\/wp-json\/wp\/v2\/media?parent=31162"}],"wp:term":[{"taxonomy":"category","embeddable":true,"href":"https:\/\/www.ilheusnoticias.net.br\/v1\/wp-json\/wp\/v2\/categories?post=31162"},{"taxonomy":"post_tag","embeddable":true,"href":"https:\/\/www.ilheusnoticias.net.br\/v1\/wp-json\/wp\/v2\/tags?post=31162"}],"curies":[{"name":"wp","href":"https:\/\/api.w.org\/{rel}","templated":true}]}}