{"id":31160,"date":"2023-03-04T10:41:58","date_gmt":"2023-03-04T13:41:58","guid":{"rendered":"https:\/\/www.ilheusnoticias.net.br\/v1\/?p=31160"},"modified":"2023-03-04T10:41:58","modified_gmt":"2023-03-04T13:41:58","slug":"vacina-bivalente-contra-covid-19-sera-ofertada-a-idosos-com-60-anos-ou-mais-em-salvador","status":"publish","type":"post","link":"https:\/\/www.ilheusnoticias.net.br\/v1\/2023\/03\/04\/vacina-bivalente-contra-covid-19-sera-ofertada-a-idosos-com-60-anos-ou-mais-em-salvador\/","title":{"rendered":"Vacina bivalente contra Covid-19 ser\u00e1 ofertada a idosos com 60 anos ou mais em Salvador"},"content":{"rendered":"<div class=\"mc-article-body\">\n<article>\n<div id=\"chunk-crn5f\">\n<div class=\"row medium-uncollapsed content-media content-photo\" data-block-type=\"backstage-photo\" data-block-id=\"1\">\n<div class=\"mc-column content-media__container\">\n<div class=\"content-media-container glb-skeleton-box\">\n<figure class=\"content-media-figure\"><img class=\"i-amphtml-fill-content i-amphtml-replaced-content\" src=\"https:\/\/s2.glbimg.com\/_AKFLlu7jlY_4sY0qd0_mWBRKTk=\/0x0:1280x819\/984x0\/smart\/filters:strip_icc()\/i.s3.glbimg.com\/v1\/AUTH_59edd422c0c84a879bd37670ae4f538a\/internal_photos\/bs\/2022\/z\/K\/DeyUNvRYAxvWhJaIAJOw\/whatsapp-image-2022-11-09-at-15.34.13.jpeg\" sizes=\"(max-width: 1707px) 648px, 100vw\" srcset=\"https:\/\/s2.glbimg.com\/t2Go7ROZpTKq11gOuKi0aqkYk2c=\/0x0:1280x819\/1000x0\/smart\/filters:strip_icc()\/i.s3.glbimg.com\/v1\/AUTH_59edd422c0c84a879bd37670ae4f538a\/internal_photos\/bs\/2022\/z\/K\/DeyUNvRYAxvWhJaIAJOw\/whatsapp-image-2022-11-09-at-15.34.13.jpeg 1000w, https:\/\/s2.glbimg.com\/_AKFLlu7jlY_4sY0qd0_mWBRKTk=\/0x0:1280x819\/984x0\/smart\/filters:strip_icc()\/i.s3.glbimg.com\/v1\/AUTH_59edd422c0c84a879bd37670ae4f538a\/internal_photos\/bs\/2022\/z\/K\/DeyUNvRYAxvWhJaIAJOw\/whatsapp-image-2022-11-09-at-15.34.13.jpeg 984w, https:\/\/s2.glbimg.com\/V0PXd5kG77xGC3nrCgLuCVYwuIU=\/0x0:1280x819\/640x0\/smart\/filters:strip_icc()\/i.s3.glbimg.com\/v1\/AUTH_59edd422c0c84a879bd37670ae4f538a\/internal_photos\/bs\/2022\/z\/K\/DeyUNvRYAxvWhJaIAJOw\/whatsapp-image-2022-11-09-at-15.34.13.jpeg 640w, https:\/\/s2.glbimg.com\/doIDLARn7zu-3n9auVuoEV2-_j4=\/0x0:1280x819\/600x0\/smart\/filters:strip_icc()\/i.s3.glbimg.com\/v1\/AUTH_59edd422c0c84a879bd37670ae4f538a\/internal_photos\/bs\/2022\/z\/K\/DeyUNvRYAxvWhJaIAJOw\/whatsapp-image-2022-11-09-at-15.34.13.jpeg 600w\" alt=\"Covid-19: come\u00e7a na segunda-feira (6), em Salvador, a vacina\u00e7\u00e3o para idosos com 60 anos ou mais \u2014 Foto: Divulga\u00e7\u00e3o\" \/><\/figure>\n<\/div>\n<p class=\"content-media__description \">Covid-19: come\u00e7a na segunda-feira (6), em Salvador, a vacina\u00e7\u00e3o para idosos com 60 anos ou mais \u2014 Foto: Divulga\u00e7\u00e3o<\/p>\n<\/div>\n<\/div>\n<\/div>\n<div id=\"chunk-dpfp7\">\n<div class=\"mc-column content-text active-extra-styles \" data-block-type=\"unstyled\" data-block-weight=\"48\" data-block-id=\"3\">\n<p class=\"content-text__container \" data-track-category=\"Link no Texto\" data-track-links=\"\">Come\u00e7a na segunda-feira (6), em\u00a0<a href=\"https:\/\/g1.globo.com\/ba\/bahia\/cidade\/salvador\/\">Salvador<\/a>, a vacina\u00e7\u00e3o para idosos com 60 anos ou mais com a Pfizer Bivalente. O imunizante, que cont\u00e9m cepas atualizadas e protege contra as variantes do coronav\u00edrus, como a \u00d4micron, come\u00e7ou a ser aplicado na capital baiana no dia 27 de fevereiro.<\/p>\n<\/div>\n<\/div>\n<div class=\"wall protected-content\">\n<div class=\"mc-column content-text active-extra-styles\" data-block-type=\"raw\" data-block-weight=\"8\" data-block-id=\"4\">\n<p>Por meio de nota, a Prefeitura de Salvador informou que, para receber o refor\u00e7o, \u00e9 preciso ter tomado, no m\u00ednimo, duas doses da vacina e ter recebido a \u00faltima h\u00e1, pelo menos, quatro meses.<\/p>\n<\/div>\n<div id=\"chunk-79qmu\">\n<div class=\"mc-column content-text active-extra-styles \" data-block-type=\"unstyled\" data-block-weight=\"18\" data-block-id=\"6\">\n<p class=\"content-text__container \" data-track-category=\"Link no Texto\" data-track-links=\"\">No total,\u00a0<span class=\"highlight highlighted\">s\u00e3o 246.984 pessoas entre 60 e 69 anos<\/span> residentes na capital baiana habilitados para bivalente. <span style=\"font-family: inherit; font-size: inherit; font-style: inherit; font-variant-ligatures: inherit; font-variant-caps: inherit; font-weight: inherit; text-align: center;\">Desde que foi iniciada em Salvador, a estrat\u00e9gia da vacina\u00e7\u00e3o com a bivalente imunizou mais de 15 mil pessoas no munic\u00edpio. A inclus\u00e3o do novo p\u00fablico eleg\u00edvel est\u00e1 prevista no calend\u00e1rio de imuniza\u00e7\u00e3o do Minist\u00e9rio da Sa\u00fade.<\/span><\/p>\n<\/div>\n<\/div>\n<div id=\"chunk-3tsbg\">\n<div class=\"mc-column content-text active-extra-styles \" data-block-type=\"unstyled\" data-block-weight=\"27\" data-block-id=\"9\">\n<p class=\"content-text__container \" data-track-category=\"Link no Texto\" data-track-links=\"\">De acordo com a vice-prefeita e secret\u00e1ria municipal da Sa\u00fade, Ana Paula Matos, ser\u00e3o montadas estruturas com pontos de vacina\u00e7\u00e3o em todas as regi\u00f5es da cidade.<\/p>\n<\/div>\n<\/div>\n<div class=\"mc-column content-text active-extra-styles\" data-block-type=\"raw\" data-block-weight=\"40\" data-block-id=\"10\">\n<blockquote class=\"content-blockquote theme-border-color-primary-before\"><p>&#8220;Gra\u00e7as a vacina\u00e7\u00e3o, seguimos com a situa\u00e7\u00e3o epidemiol\u00f3gica est\u00e1vel em nossa capital e a oferta do imunizante que tem efic\u00e1cia maior para outras variantes da doen\u00e7a \u00e9 mais uma alternativa para seguimos com a conting\u00eancia das ocorr\u00eancias em Salvador\u201d, explicou.<\/p><\/blockquote>\n<p>Al\u00e9m dos<span class=\"highlight highlighted\">\u00a0idosos com 60 anos ou mais<\/span>, seguem habilitados para bivalente:<\/p>\n<\/div>\n<div class=\"mc-column content-text active-extra-styles\" data-block-type=\"raw\" data-block-weight=\"25\" data-block-id=\"12\">\n<ul class=\"content-unordered-list\">\n<li>a popula\u00e7\u00e3o vivendo em institui\u00e7\u00f5es de longa perman\u00eancia (ILP) a partir de 12 anos<\/li>\n<li>trabalhadores das (ILP)<\/li>\n<li>imunocomprometidos (mediante apresenta\u00e7\u00e3o de laudo m\u00e9dico)<\/li>\n<li>comunidades quilombolas<\/li>\n<li>O esquema com os locais de vacina\u00e7\u00e3o destinados para cada p\u00fablico ser\u00e1 divulgado posteriormente pela prefeitura da capital.<\/li>\n<\/ul>\n<\/div>\n<\/div>\n<\/article>\n<\/div>\n","protected":false},"excerpt":{"rendered":"<p>Covid-19: come\u00e7a na segunda-feira (6), em Salvador, a vacina\u00e7\u00e3o para idosos com 60 anos ou mais \u2014 Foto: Divulga\u00e7\u00e3o Come\u00e7a na segunda-feira (6), em\u00a0Salvador, a vacina\u00e7\u00e3o para idosos com 60 anos ou mais com a Pfizer Bivalente. O imunizante, que cont\u00e9m cepas atualizadas e protege contra as variantes do coronav\u00edrus, como a \u00d4micron, come\u00e7ou a [&hellip;]<\/p>\n","protected":false},"author":2,"featured_media":0,"comment_status":"open","ping_status":"open","sticky":false,"template":"","format":"standard","meta":{"_links_to":"","_links_to_target":""},"categories":[7,9,8,1],"tags":[],"_links":{"self":[{"href":"https:\/\/www.ilheusnoticias.net.br\/v1\/wp-json\/wp\/v2\/posts\/31160"}],"collection":[{"href":"https:\/\/www.ilheusnoticias.net.br\/v1\/wp-json\/wp\/v2\/posts"}],"about":[{"href":"https:\/\/www.ilheusnoticias.net.br\/v1\/wp-json\/wp\/v2\/types\/post"}],"author":[{"embeddable":true,"href":"https:\/\/www.ilheusnoticias.net.br\/v1\/wp-json\/wp\/v2\/users\/2"}],"replies":[{"embeddable":true,"href":"https:\/\/www.ilheusnoticias.net.br\/v1\/wp-json\/wp\/v2\/comments?post=31160"}],"version-history":[{"count":1,"href":"https:\/\/www.ilheusnoticias.net.br\/v1\/wp-json\/wp\/v2\/posts\/31160\/revisions"}],"predecessor-version":[{"id":31161,"href":"https:\/\/www.ilheusnoticias.net.br\/v1\/wp-json\/wp\/v2\/posts\/31160\/revisions\/31161"}],"wp:attachment":[{"href":"https:\/\/www.ilheusnoticias.net.br\/v1\/wp-json\/wp\/v2\/media?parent=31160"}],"wp:term":[{"taxonomy":"category","embeddable":true,"href":"https:\/\/www.ilheusnoticias.net.br\/v1\/wp-json\/wp\/v2\/categories?post=31160"},{"taxonomy":"post_tag","embeddable":true,"href":"https:\/\/www.ilheusnoticias.net.br\/v1\/wp-json\/wp\/v2\/tags?post=31160"}],"curies":[{"name":"wp","href":"https:\/\/api.w.org\/{rel}","templated":true}]}}