{"id":31156,"date":"2023-03-04T10:33:22","date_gmt":"2023-03-04T13:33:22","guid":{"rendered":"https:\/\/www.ilheusnoticias.net.br\/v1\/?p=31156"},"modified":"2023-03-04T10:33:22","modified_gmt":"2023-03-04T13:33:22","slug":"governo-decide-prorrogar-prazo-para-estados-emitirem-nova-carteira-de-identidade-nacional","status":"publish","type":"post","link":"https:\/\/www.ilheusnoticias.net.br\/v1\/2023\/03\/04\/governo-decide-prorrogar-prazo-para-estados-emitirem-nova-carteira-de-identidade-nacional\/","title":{"rendered":"Governo decide prorrogar prazo para estados emitirem nova Carteira de Identidade Nacional"},"content":{"rendered":"<div class=\"row content-head non-featured \">\n<div class=\"title\" data-block-type=\"title\" data-block-id=\"0\">\n<h1 class=\"content-head__title\"><img class=\"i-amphtml-fill-content i-amphtml-replaced-content\" style=\"font-size: 16px;\" src=\"https:\/\/s2.glbimg.com\/yvJaNH8X0lR14jBxVXk_NFH4alI=\/0x0:1280x560\/984x0\/smart\/filters:strip_icc()\/i.s3.glbimg.com\/v1\/AUTH_59edd422c0c84a879bd37670ae4f538a\/internal_photos\/bs\/2022\/y\/9\/BryQtEQpmzE4h2BqJ4AQ\/whatsapp-image-2022-12-20-at-08.37.10-1-.jpeg\" sizes=\"(max-width: 1707px) 648px, 100vw\" srcset=\"https:\/\/s2.glbimg.com\/yL-grqdCT6MRERuLjJEKmRaWNXk=\/0x0:1280x560\/1000x0\/smart\/filters:strip_icc()\/i.s3.glbimg.com\/v1\/AUTH_59edd422c0c84a879bd37670ae4f538a\/internal_photos\/bs\/2022\/y\/9\/BryQtEQpmzE4h2BqJ4AQ\/whatsapp-image-2022-12-20-at-08.37.10-1-.jpeg 1000w, https:\/\/s2.glbimg.com\/yvJaNH8X0lR14jBxVXk_NFH4alI=\/0x0:1280x560\/984x0\/smart\/filters:strip_icc()\/i.s3.glbimg.com\/v1\/AUTH_59edd422c0c84a879bd37670ae4f538a\/internal_photos\/bs\/2022\/y\/9\/BryQtEQpmzE4h2BqJ4AQ\/whatsapp-image-2022-12-20-at-08.37.10-1-.jpeg 984w, https:\/\/s2.glbimg.com\/M40z1HzX2gKHzRmwHtcwbd2BZAE=\/0x0:1280x560\/640x0\/smart\/filters:strip_icc()\/i.s3.glbimg.com\/v1\/AUTH_59edd422c0c84a879bd37670ae4f538a\/internal_photos\/bs\/2022\/y\/9\/BryQtEQpmzE4h2BqJ4AQ\/whatsapp-image-2022-12-20-at-08.37.10-1-.jpeg 640w, https:\/\/s2.glbimg.com\/9y9ZBd9190FbSdby9NU42BZfE8Y=\/0x0:1280x560\/600x0\/smart\/filters:strip_icc()\/i.s3.glbimg.com\/v1\/AUTH_59edd422c0c84a879bd37670ae4f538a\/internal_photos\/bs\/2022\/y\/9\/BryQtEQpmzE4h2BqJ4AQ\/whatsapp-image-2022-12-20-at-08.37.10-1-.jpeg 600w\" alt=\"Governo decide prorrogar prazo para estados emitirem nova Carteira de Identidade Nacional \u2014 Foto: Reprodu\u00e7\u00e3o\" \/><\/h1>\n<\/div>\n<\/div>\n<div class=\"mc-article-body\">\n<article>\n<div id=\"chunk-74p32\">\n<div class=\"row medium-uncollapsed content-media content-photo\" data-block-type=\"backstage-photo\" data-block-id=\"1\">\n<div class=\"mc-column content-media__container\">\n<p class=\"content-media__description \">Governo decide prorrogar prazo para estados emitirem nova Carteira de Identidade Nacional \u2014 Foto: Reprodu\u00e7\u00e3o<\/p>\n<\/div>\n<\/div>\n<\/div>\n<div id=\"chunk-cc873\">\n<div class=\"mc-column content-text active-extra-styles \" data-block-type=\"unstyled\" data-block-weight=\"27\" data-block-id=\"3\">\n<p class=\"content-text__container \" data-track-category=\"Link no Texto\" data-track-links=\"\">O governo federal publicou um decreto na sexta-feira (3) que prorroga o prazo para os estados passarem a emitir a nova Carteira de Identidade Nacional (CIN).<\/p>\n<\/div>\n<\/div>\n<div class=\"wall protected-content\">\n<div id=\"chunk-4vmhm\">\n<div class=\"mc-column content-text active-extra-styles \" data-block-type=\"unstyled\" data-block-weight=\"15\" data-block-id=\"4\">\n<p class=\"content-text__container \" data-track-category=\"Link no Texto\" data-track-links=\"\">Agora, eles t\u00eam at\u00e9 o dia 6 de novembro de 2023 para se adequarem.<\/p>\n<\/div>\n<\/div>\n<div id=\"chunk-cem4t\">\n<div class=\"mc-column content-text active-extra-styles \" data-block-type=\"unstyled\" data-block-weight=\"27\" data-block-id=\"5\">\n<p class=\"content-text__container \" data-track-category=\"Link no Texto\" data-track-links=\"\">Conforme mostrou o Jornal Nacional ontem, o\u00a0<a href=\"https:\/\/g1.globo.com\/jornal-nacional\/noticia\/2023\/03\/03\/governo-prorroga-prazo-para-os-estados-emitirem-a-nova-carteira-de-identidade-nacional.ghtml\">prazo para come\u00e7ar a confeccionar a carteira nacional terminaria na pr\u00f3xima segunda-feira (6)<\/a>, mas 18 estados ainda n\u00e3o se adaptaram.<\/p>\n<\/div>\n<\/div>\n<div id=\"chunk-4akb8\">\n<div class=\"mc-column content-text active-extra-styles \" data-block-type=\"unstyled\" data-block-weight=\"30\" data-block-id=\"6\">\n<p class=\"content-text__container \" data-track-category=\"Link no Texto\" data-track-links=\"\">S\u00e3o Paulo, por exemplo, ainda encontra dificuldades para integrar o sistema estadual ao federal, segundo a Pol\u00edcia Civil. A Carteira de Identidade Nacional vai &#8220;aposentar&#8221; o RG, que \u00e9 estadual.<\/p>\n<\/div>\n<\/div>\n<div id=\"chunk-alqk5\">\n<div class=\"mc-column content-text active-extra-styles \" data-block-type=\"unstyled\" data-block-weight=\"24\" data-block-id=\"7\">\n<p class=\"content-text__container \" data-track-category=\"Link no Texto\" data-track-links=\"\">Por outro lado, j\u00e1 est\u00e3o emitindo Rio de Janeiro, Minas Gerais, Rio Grande do Sul, Paran\u00e1, Goi\u00e1s, Pernambuco, Acre, Piau\u00ed, al\u00e9m do Distrito Federal.<\/p>\n<\/div>\n<\/div>\n<\/div>\n<\/article>\n<\/div>\n","protected":false},"excerpt":{"rendered":"<p>Governo decide prorrogar prazo para estados emitirem nova Carteira de Identidade Nacional \u2014 Foto: Reprodu\u00e7\u00e3o O governo federal publicou um decreto na sexta-feira (3) que prorroga o prazo para os estados passarem a emitir a nova Carteira de Identidade Nacional (CIN). Agora, eles t\u00eam at\u00e9 o dia 6 de novembro de 2023 para se adequarem. [&hellip;]<\/p>\n","protected":false},"author":2,"featured_media":0,"comment_status":"open","ping_status":"open","sticky":false,"template":"","format":"standard","meta":{"_links_to":"","_links_to_target":""},"categories":[7,9,8,1],"tags":[],"_links":{"self":[{"href":"https:\/\/www.ilheusnoticias.net.br\/v1\/wp-json\/wp\/v2\/posts\/31156"}],"collection":[{"href":"https:\/\/www.ilheusnoticias.net.br\/v1\/wp-json\/wp\/v2\/posts"}],"about":[{"href":"https:\/\/www.ilheusnoticias.net.br\/v1\/wp-json\/wp\/v2\/types\/post"}],"author":[{"embeddable":true,"href":"https:\/\/www.ilheusnoticias.net.br\/v1\/wp-json\/wp\/v2\/users\/2"}],"replies":[{"embeddable":true,"href":"https:\/\/www.ilheusnoticias.net.br\/v1\/wp-json\/wp\/v2\/comments?post=31156"}],"version-history":[{"count":1,"href":"https:\/\/www.ilheusnoticias.net.br\/v1\/wp-json\/wp\/v2\/posts\/31156\/revisions"}],"predecessor-version":[{"id":31157,"href":"https:\/\/www.ilheusnoticias.net.br\/v1\/wp-json\/wp\/v2\/posts\/31156\/revisions\/31157"}],"wp:attachment":[{"href":"https:\/\/www.ilheusnoticias.net.br\/v1\/wp-json\/wp\/v2\/media?parent=31156"}],"wp:term":[{"taxonomy":"category","embeddable":true,"href":"https:\/\/www.ilheusnoticias.net.br\/v1\/wp-json\/wp\/v2\/categories?post=31156"},{"taxonomy":"post_tag","embeddable":true,"href":"https:\/\/www.ilheusnoticias.net.br\/v1\/wp-json\/wp\/v2\/tags?post=31156"}],"curies":[{"name":"wp","href":"https:\/\/api.w.org\/{rel}","templated":true}]}}