{"id":31154,"date":"2023-03-04T10:30:47","date_gmt":"2023-03-04T13:30:47","guid":{"rendered":"https:\/\/www.ilheusnoticias.net.br\/v1\/?p=31154"},"modified":"2023-03-04T10:30:47","modified_gmt":"2023-03-04T13:30:47","slug":"governador-jeronimo-rodrigues-participa-do-lancamento-do-bolsa-familia-em-brasilia","status":"publish","type":"post","link":"https:\/\/www.ilheusnoticias.net.br\/v1\/2023\/03\/04\/governador-jeronimo-rodrigues-participa-do-lancamento-do-bolsa-familia-em-brasilia\/","title":{"rendered":"Governador Jer\u00f4nimo Rodrigues participa do lan\u00e7amento do Bolsa Fam\u00edlia em Bras\u00edlia"},"content":{"rendered":"<h2 class=\"PostHeaderIcon-wrapper\"><img src=\"http:\/\/www.blogdothame.blog.br\/v1\/wp-content\/uploads\/2023\/03\/bolsa.jpg\" \/><\/h2>\n<div class=\"PostHeaderIcons metadata-icons\">Com a presen\u00e7a do governador Jer\u00f4nimo Rodrigues, o presidente Luiz In\u00e1cio Lula da Silva assinou nesta quinta-feira (2), em cerim\u00f4nia realizada no Pal\u00e1cio do Planalto, em Bras\u00edlia, a Medida Provis\u00f3ria que institui novamente o programa Bolsa Fam\u00edlia, que vai garantir, a partir de 20 de mar\u00e7o, renda m\u00ednima de R$ 600 para fam\u00edlias em situa\u00e7\u00e3o de extrema pobreza em todo o pa\u00eds. Pelos novos crit\u00e9rios, al\u00e9m dos R$ 600 por fam\u00edlia, ser\u00e3o acrescidos R$ 150 por crian\u00e7a de 0 a 6 anos; R$50 por crian\u00e7a ou adolescente de 7 a 18 anos; e R$50 se gestante.<\/div>\n<div><\/div>\n<div class=\"PostHeaderIcons metadata-icons\">\u201cN\u00f3s estamos assumindo o compromisso de que dia 20 de mar\u00e7o come\u00e7ar\u00e1 a ser feito o pagamento deste programa. O Bolsa Fam\u00edlia n\u00e3o \u00e9 um programa de um governo ou de um presidente da Rep\u00fablica. \u00c9 da sociedade brasileira, e s\u00f3 vai dar certo se a sociedade brasileira fiscalizar o cadastro \u00fanico, para que o benef\u00edcio chegue exatamente a quem precisa\u201d, declarou o presidente Lula.<\/div>\n<div class=\"PostContent\">\n<p><img src=\"http:\/\/www.blogdothame.blog.br\/v1\/wp-content\/uploads\/2023\/03\/jeronimo.jpg\" \/><\/p>\n<p>O governador da Bahia destacou a pluralidade do programa. \u201cO que Lula lan\u00e7ou aqui n\u00e3o foi s\u00f3 o cart\u00e3o do Bolsa Fam\u00edlia. Tem uma agenda forte de sa\u00fade, educa\u00e7\u00e3o e gera\u00e7\u00e3o de renda. Quem tem fome n\u00e3o sonha, n\u00e3o trabalha e por isso estamos todos juntos, Governo do Estado, deputados, senadores e movimentos sociais, com a mesma dedica\u00e7\u00e3o e empenho. Queremos fazer uma parceria forte para que tenhamos uma Bahia e um Brasil sem fome\u201d , declarou Jer\u00f4nimo, que foi convocado pelo ministro do Desenvolvimento Social, Wellington Dias, junto com os demais governadores, a trabalhar pela execu\u00e7\u00e3o do programa nos estados.<\/p>\n<p><strong>Novo formato<\/strong><\/p>\n<p>O Bolsa Fam\u00edlia \u00e9 o principal programa de transfer\u00eancia de renda e uma das principais estrat\u00e9gias do Governo Federal para o combate \u00e0 fome. Na Bahia, 2,64 milh\u00f5es de fam\u00edlias est\u00e3o cadastradas para receber o benef\u00edcio, que vai aportar cerca de R$1,6 bilh\u00e3o por m\u00eas. Em sua nova vers\u00e3o, o programa estabelece condicionantes estrat\u00e9gicas para o seu recebimento, como a exig\u00eancia da frequ\u00eancia escolar, acompanhamento pr\u00e9-natal e vacina\u00e7\u00e3o. O programa tamb\u00e9m garante uma regra de prote\u00e7\u00e3o que, em caso de a fam\u00edlia passar a ter emprego com carteira assinada, ela n\u00e3o ser\u00e1 exclu\u00edda do programa imediatamente, desde que a renda per capita n\u00e3o supere meio sal\u00e1rio m\u00ednimo. Em caso de desligamento, a fam\u00edlia voltar\u00e1 em car\u00e1ter de prioridade.<\/p>\n<p><strong>Depoimento<\/strong><\/p>\n<p>A bi\u00f3loga Isamara Mendes Silva, 28 anos, natural do munic\u00edpio de C\u00e2ndido Sales, no sudoeste baiano, foi convidada pelo Minist\u00e9rio de Desenvolvimento Social (MDS) para representar o contingente de benefici\u00e1rios que tiveram a vida transformada pelas a\u00e7\u00f5es do programa. Filha de feirantes, Isamara contou que sua fam\u00edlia passou a ter uma renda fixa em 2006, quando conseguiu se cadastrar no Bolsa Fam\u00edlia. \u201cDigo com muito orgulho que este foi um dos dias mais felizes da minha vida\u201d, contou, emocionando os presentes.<\/p>\n<p>A partir disso, puderam ter acesso \u00e0 alimenta\u00e7\u00e3o segura e di\u00e1ria, material escolar, livros e a sonhar com o ensino superior. Isamara passou no vestibular da Universidade Estadual do Sudoeste da Bahia (Uesb), por meio da pol\u00edtica de cotas para estudantes da rede estadual, foi morar em Vit\u00f3ria da Conquista e se manteve l\u00e1 atrav\u00e9s das bolsas de estudo de inicia\u00e7\u00e3o cient\u00edfica. Hoje, ela \u00e9 cientista, com mestrado e doutorado em Entomologia (estudo dos insetos), pela Universidade de S\u00e3o Paulo.<\/p>\n<\/div>\n","protected":false},"excerpt":{"rendered":"<p>Com a presen\u00e7a do governador Jer\u00f4nimo Rodrigues, o presidente Luiz In\u00e1cio Lula da Silva assinou nesta quinta-feira (2), em cerim\u00f4nia realizada no Pal\u00e1cio do Planalto, em Bras\u00edlia, a Medida Provis\u00f3ria que institui novamente o programa Bolsa Fam\u00edlia, que vai garantir, a partir de 20 de mar\u00e7o, renda m\u00ednima de R$ 600 para fam\u00edlias em situa\u00e7\u00e3o [&hellip;]<\/p>\n","protected":false},"author":2,"featured_media":0,"comment_status":"open","ping_status":"open","sticky":false,"template":"","format":"standard","meta":{"_links_to":"","_links_to_target":""},"categories":[7,9,8,1],"tags":[],"_links":{"self":[{"href":"https:\/\/www.ilheusnoticias.net.br\/v1\/wp-json\/wp\/v2\/posts\/31154"}],"collection":[{"href":"https:\/\/www.ilheusnoticias.net.br\/v1\/wp-json\/wp\/v2\/posts"}],"about":[{"href":"https:\/\/www.ilheusnoticias.net.br\/v1\/wp-json\/wp\/v2\/types\/post"}],"author":[{"embeddable":true,"href":"https:\/\/www.ilheusnoticias.net.br\/v1\/wp-json\/wp\/v2\/users\/2"}],"replies":[{"embeddable":true,"href":"https:\/\/www.ilheusnoticias.net.br\/v1\/wp-json\/wp\/v2\/comments?post=31154"}],"version-history":[{"count":1,"href":"https:\/\/www.ilheusnoticias.net.br\/v1\/wp-json\/wp\/v2\/posts\/31154\/revisions"}],"predecessor-version":[{"id":31155,"href":"https:\/\/www.ilheusnoticias.net.br\/v1\/wp-json\/wp\/v2\/posts\/31154\/revisions\/31155"}],"wp:attachment":[{"href":"https:\/\/www.ilheusnoticias.net.br\/v1\/wp-json\/wp\/v2\/media?parent=31154"}],"wp:term":[{"taxonomy":"category","embeddable":true,"href":"https:\/\/www.ilheusnoticias.net.br\/v1\/wp-json\/wp\/v2\/categories?post=31154"},{"taxonomy":"post_tag","embeddable":true,"href":"https:\/\/www.ilheusnoticias.net.br\/v1\/wp-json\/wp\/v2\/tags?post=31154"}],"curies":[{"name":"wp","href":"https:\/\/api.w.org\/{rel}","templated":true}]}}