{"id":31152,"date":"2023-03-04T10:27:58","date_gmt":"2023-03-04T13:27:58","guid":{"rendered":"https:\/\/www.ilheusnoticias.net.br\/v1\/?p=31152"},"modified":"2023-03-04T10:27:58","modified_gmt":"2023-03-04T13:27:58","slug":"secretaria-estadual-da-saude-visita-o-hospital-materno-infantil","status":"publish","type":"post","link":"https:\/\/www.ilheusnoticias.net.br\/v1\/2023\/03\/04\/secretaria-estadual-da-saude-visita-o-hospital-materno-infantil\/","title":{"rendered":"Secret\u00e1ria Estadual da Sa\u00fade visita o Hospital Materno-Infantil"},"content":{"rendered":"<div class=\"PostHeaderIcons metadata-icons\"><img src=\"http:\/\/www.blogdothame.blog.br\/v1\/wp-content\/uploads\/2023\/03\/718cebf7-87d1-40a1-87dd-ad4389507c2f.jpg\" \/><\/div>\n<div class=\"PostContent\">\n<p>Hoje (03) pela manh\u00e3, o Hospital Materno-Infantil Dr. Joaquim Sampaio, em Ilh\u00e9us, recebeu a visita da secretaria estadual da Sa\u00fade, Roberta Santana. Ela foi recepcionada por Ricardo Mendon\u00e7a (diretor-geral da Funda\u00e7\u00e3o Estatal Sa\u00fade da Fam\u00edlia \u2013 FESF SUS, entidade gestora da unidade), Uelber Calixto dos Anjos (diretor de Gest\u00e3o Interna), pelos diretores da unidade, Domilene Borges (geral), dr. Jos\u00e9 Roberto (diretor-m\u00e9dico), Carlos Sena Gomes (administrativo) e por colaboradores do HMIJS.<\/p>\n<p>Esta foi a primeira visita oficial da nova secret\u00e1ria ao Materno-Infantil. Al\u00e9m de conhecer as instala\u00e7\u00f5es e tomar conhecimento sobre detalhes do funcionamento do hospital, ela debateu com os dirigentes a implanta\u00e7\u00e3o de novos servi\u00e7os na unidade e a constru\u00e7\u00e3o de um novo centro cir\u00fargico para atender a crescente demanda tanto de p\u00fablico quanto de especialidades m\u00e9dicas oferecidas no Materno-Infantil.<\/p>\n<\/div>\n","protected":false},"excerpt":{"rendered":"<p>Hoje (03) pela manh\u00e3, o Hospital Materno-Infantil Dr. Joaquim Sampaio, em Ilh\u00e9us, recebeu a visita da secretaria estadual da Sa\u00fade, Roberta Santana. Ela foi recepcionada por Ricardo Mendon\u00e7a (diretor-geral da Funda\u00e7\u00e3o Estatal Sa\u00fade da Fam\u00edlia \u2013 FESF SUS, entidade gestora da unidade), Uelber Calixto dos Anjos (diretor de Gest\u00e3o Interna), pelos diretores da unidade, Domilene [&hellip;]<\/p>\n","protected":false},"author":2,"featured_media":0,"comment_status":"open","ping_status":"open","sticky":false,"template":"","format":"standard","meta":{"_links_to":"","_links_to_target":""},"categories":[7,9,8,1],"tags":[],"_links":{"self":[{"href":"https:\/\/www.ilheusnoticias.net.br\/v1\/wp-json\/wp\/v2\/posts\/31152"}],"collection":[{"href":"https:\/\/www.ilheusnoticias.net.br\/v1\/wp-json\/wp\/v2\/posts"}],"about":[{"href":"https:\/\/www.ilheusnoticias.net.br\/v1\/wp-json\/wp\/v2\/types\/post"}],"author":[{"embeddable":true,"href":"https:\/\/www.ilheusnoticias.net.br\/v1\/wp-json\/wp\/v2\/users\/2"}],"replies":[{"embeddable":true,"href":"https:\/\/www.ilheusnoticias.net.br\/v1\/wp-json\/wp\/v2\/comments?post=31152"}],"version-history":[{"count":1,"href":"https:\/\/www.ilheusnoticias.net.br\/v1\/wp-json\/wp\/v2\/posts\/31152\/revisions"}],"predecessor-version":[{"id":31153,"href":"https:\/\/www.ilheusnoticias.net.br\/v1\/wp-json\/wp\/v2\/posts\/31152\/revisions\/31153"}],"wp:attachment":[{"href":"https:\/\/www.ilheusnoticias.net.br\/v1\/wp-json\/wp\/v2\/media?parent=31152"}],"wp:term":[{"taxonomy":"category","embeddable":true,"href":"https:\/\/www.ilheusnoticias.net.br\/v1\/wp-json\/wp\/v2\/categories?post=31152"},{"taxonomy":"post_tag","embeddable":true,"href":"https:\/\/www.ilheusnoticias.net.br\/v1\/wp-json\/wp\/v2\/tags?post=31152"}],"curies":[{"name":"wp","href":"https:\/\/api.w.org\/{rel}","templated":true}]}}