{"id":31146,"date":"2023-03-02T11:05:38","date_gmt":"2023-03-02T14:05:38","guid":{"rendered":"https:\/\/www.ilheusnoticias.net.br\/v1\/?p=31146"},"modified":"2023-03-02T11:05:38","modified_gmt":"2023-03-02T14:05:38","slug":"governo-do-estado-entrega-nova-escola-em-tempo-integral-em-itabuna","status":"publish","type":"post","link":"https:\/\/www.ilheusnoticias.net.br\/v1\/2023\/03\/02\/governo-do-estado-entrega-nova-escola-em-tempo-integral-em-itabuna\/","title":{"rendered":"Governo do Estado entrega nova escola em tempo integral em Itabuna"},"content":{"rendered":"<div class=\"Post\">\n<div class=\"Post-body\">\n<div class=\"Post-inner article\">\n<div class=\"PostFooterIcons metadata-icons\">\n<div align=\"center\"><\/div>\n<\/div>\n<\/div>\n<\/div>\n<\/div>\n<div class=\"Post\">\n<div class=\"Post-body\">\n<div class=\"Post-inner article\">\n<div class=\"PostContent\">\n<p><img src=\"http:\/\/www.blogdothame.blog.br\/v1\/wp-content\/uploads\/2023\/03\/coleio-adeum-sauer-2.jpg\" \/><\/p>\n<p>O governador Jer\u00f4nimo Rodrigues e a secret\u00e1ria da Educa\u00e7\u00e3o do Estado, Ad\u00e9lia Pinheiro, ir\u00e3o entregar oficialmente, nesta sexta-feira (3), \u00e0s 8h30, o Col\u00e9gio Estadual de Tempo Integral Professor Adeum Hil\u00e1rio Sauer, constru\u00eddo no antigo Centro Social Urbano (CSU), no bairro Vila An\u00e1lia, em Itabuna. O investimento total \u00e9 de R$ 24 milh\u00f5es, incluindo a obra e os equipamentos.<\/p>\n<p>O col\u00e9gio tem 24 salas de aula; quatro laborat\u00f3rios (Qu\u00edmica e Biologia; F\u00edsica e Matem\u00e1tica; L\u00ednguas; e Inform\u00e1tica); audit\u00f3rio para 175 pessoas; biblioteca; refeit\u00f3rio para 200 lugares; quadra poliesportiva coberta; campo de futebol society e piscina semiol\u00edmpica; dentre outros equipamentos.<\/p>\n<\/div>\n<\/div>\n<\/div>\n<\/div>\n","protected":false},"excerpt":{"rendered":"<p>O governador Jer\u00f4nimo Rodrigues e a secret\u00e1ria da Educa\u00e7\u00e3o do Estado, Ad\u00e9lia Pinheiro, ir\u00e3o entregar oficialmente, nesta sexta-feira (3), \u00e0s 8h30, o Col\u00e9gio Estadual de Tempo Integral Professor Adeum Hil\u00e1rio Sauer, constru\u00eddo no antigo Centro Social Urbano (CSU), no bairro Vila An\u00e1lia, em Itabuna. O investimento total \u00e9 de R$ 24 milh\u00f5es, incluindo a obra [&hellip;]<\/p>\n","protected":false},"author":2,"featured_media":0,"comment_status":"open","ping_status":"open","sticky":false,"template":"","format":"standard","meta":{"_links_to":"","_links_to_target":""},"categories":[7,9,8,1],"tags":[],"_links":{"self":[{"href":"https:\/\/www.ilheusnoticias.net.br\/v1\/wp-json\/wp\/v2\/posts\/31146"}],"collection":[{"href":"https:\/\/www.ilheusnoticias.net.br\/v1\/wp-json\/wp\/v2\/posts"}],"about":[{"href":"https:\/\/www.ilheusnoticias.net.br\/v1\/wp-json\/wp\/v2\/types\/post"}],"author":[{"embeddable":true,"href":"https:\/\/www.ilheusnoticias.net.br\/v1\/wp-json\/wp\/v2\/users\/2"}],"replies":[{"embeddable":true,"href":"https:\/\/www.ilheusnoticias.net.br\/v1\/wp-json\/wp\/v2\/comments?post=31146"}],"version-history":[{"count":1,"href":"https:\/\/www.ilheusnoticias.net.br\/v1\/wp-json\/wp\/v2\/posts\/31146\/revisions"}],"predecessor-version":[{"id":31147,"href":"https:\/\/www.ilheusnoticias.net.br\/v1\/wp-json\/wp\/v2\/posts\/31146\/revisions\/31147"}],"wp:attachment":[{"href":"https:\/\/www.ilheusnoticias.net.br\/v1\/wp-json\/wp\/v2\/media?parent=31146"}],"wp:term":[{"taxonomy":"category","embeddable":true,"href":"https:\/\/www.ilheusnoticias.net.br\/v1\/wp-json\/wp\/v2\/categories?post=31146"},{"taxonomy":"post_tag","embeddable":true,"href":"https:\/\/www.ilheusnoticias.net.br\/v1\/wp-json\/wp\/v2\/tags?post=31146"}],"curies":[{"name":"wp","href":"https:\/\/api.w.org\/{rel}","templated":true}]}}