{"id":31144,"date":"2023-03-02T11:03:28","date_gmt":"2023-03-02T14:03:28","guid":{"rendered":"https:\/\/www.ilheusnoticias.net.br\/v1\/?p=31144"},"modified":"2023-03-02T11:03:28","modified_gmt":"2023-03-02T14:03:28","slug":"bolsa-familia-tera-valor-extra-para-familias-maiores","status":"publish","type":"post","link":"https:\/\/www.ilheusnoticias.net.br\/v1\/2023\/03\/02\/bolsa-familia-tera-valor-extra-para-familias-maiores\/","title":{"rendered":"Bolsa Fam\u00edlia\u00a0ter\u00e1 valor extra para fam\u00edlias maiores"},"content":{"rendered":"<div class=\"col-lg-12 mb-3\">\n<div class=\"post-image\"><a href=\"https:\/\/agenciabrasil.ebc.com.br\/geral\/noticia\/2023-02\/bolsa-familia-tera-valor-extra-para-familias-maiores#\"><img loading=\"lazy\" id=\"media-276722\" class=\"rounded-lg shadow-sm w-100\" title=\"Jos\u00e9 Cruz\/Ag\u00eancia Brasil\" src=\"https:\/\/imagens.ebc.com.br\/JCcvEpdiDH45JKwq4QHlxZ_fmLM=\/1170x700\/smart\/https:\/\/agenciabrasil.ebc.com.br\/sites\/default\/files\/thumbnails\/image\/real_moedadinheiro_jfcrz_abr_1701220043_1.jpg?itok=I0f8omrf\" alt=\"Dinheiro, Real Moeda brasileira\" width=\"438\" height=\"262\" \/>\u00a9 Jos\u00e9 Cruz\/Ag\u00eancia Brasil<\/a><\/div>\n<\/div>\n<div class=\"col-lg-12 mb-3\">\n<div class=\"row\">\n<div class=\"col-10 offset-1 animated fadeInDown dealy-1100 alt-font text-center\"><a href=\"https:\/\/agenciabrasil.ebc.com.br\/geral\"><span class=\"badge badge-pill badge-primary\">Geral<\/span><\/a><\/div>\n<h3 class=\"col-10 offset-1 animated fadeInDown dealy-900 display-8 display-md-8 alt-font font-italic my-1 text-center\">Novas regras do programa devem ser anunciadas na\u00a0pr\u00f3xima quinta-feira<\/h3>\n<\/div>\n<\/div>\n<div class=\"col-xl-7 offset-xl-1 col-lg-8 offset-lg-0 col-md-10 offset-md-1 mb-3\">\n<div class=\"post-item alt-font\">\n<div class=\"post-item-wrap\">\n<p>As novas regras do programa Bolsa Fam\u00edlia devem ser anunciadas na\u00a0quinta-feira (2\/03) pelo presidente Luiz In\u00e1cio Lula da Silva. Al\u00e9m de retomar as\u00a0<a href=\"https:\/\/agenciabrasil.ebc.com.br\/politica\/noticia\/2023-02\/lbolsa-fam%C3%ADlia-voltara-a-exigir-frequencia-escolar-e-vacinacao\" target=\"_blank\" rel=\"noopener\">exig\u00eancias das contrapartida<\/a>s, o programa deve\u00a0ter\u00a0um valor extra para fam\u00edlias maiores.<img src=\"https:\/\/agenciabrasil.ebc.com.br\/ebc.png?id=1513291&amp;o=node\" \/><img src=\"https:\/\/agenciabrasil.ebc.com.br\/ebc.gif?id=1513291&amp;o=node\" \/><\/p>\n<p>As informa\u00e7\u00f5es s\u00e3o do ministro do Desenvolvimento e Assist\u00eancia Social, Fam\u00edlia e Combate \u00e0 Fome, Wellington Dias. Segundo ele, as fam\u00edlias receber\u00e3o um valor m\u00ednimo de R$ 600, o acr\u00e9scimo de R$ 150 por crian\u00e7a at\u00e9 6 anos e mais um valor por pessoa.<\/p>\n<p>\u201cO programa\u00a0ter\u00e1 tamb\u00e9m uma regra que leva em conta um\u00a0<em>per capita<\/em>\u00a0[por pessoa], a propor\u00e7\u00e3o, o tamanho de cada fam\u00edlia, para que a gente tenha mais justi\u00e7a nessa transfer\u00eancia de renda\u201d, disse, em entrevista \u00e0 imprensa, ap\u00f3s participar de evento no Pal\u00e1cio do Planalto, nesta\u00a0ter\u00e7a-feira (28). Ele n\u00e3o adiantou, entretanto, qual ser\u00e1 o valor\u00a0<em>per capita<\/em>.<\/p>\n<h2>Contrapartidas<\/h2>\n<p>Com o novo Bolsa Fam\u00edlia, o governo deve retomar as contrapartidas das fam\u00edlias benefici\u00e1rias, como a manuten\u00e7\u00e3o da frequ\u00eancia escolar das crian\u00e7as e a atualiza\u00e7\u00e3o da caderneta de vacina\u00e7\u00e3o. Durante o governo de Jair Bolsonaro, o programa foi substitu\u00eddo pelo Aux\u00edlio Brasil, que n\u00e3o exigia as contrapartidas.<\/p>\n<p>O programa tamb\u00e9m deve\u00a0ter\u00a0o foco na\u00a0<a href=\"https:\/\/agenciabrasil.ebc.com.br\/economia\/noticia\/2023-02\/governo-revisara-dados-de-beneficiarios-que-declaram-morar-sozinhos\" target=\"_blank\" rel=\"noopener\">atualiza\u00e7\u00e3o do Cadastro \u00danico<\/a>\u00a0e integra\u00e7\u00e3o com o Sistema \u00danico de Assist\u00eancia Social (Suas), com a busca ativa para incluir quem est\u00e1 fora do programa e a revis\u00e3o de benef\u00edcios com ind\u00edcios de irregularidades. Segundo Dias, haver\u00e1 integra\u00e7\u00e3o com outros 32 programas de governo voltados para a qualidade de vida da popula\u00e7\u00e3o.<\/p>\n<p>Os novos valores foram garantidos com a aprova\u00e7\u00e3o d<a href=\"https:\/\/agenciabrasil.ebc.com.br\/politica\/noticia\/2022-12\/congresso-promulga-pec-da-transicao\" target=\"_blank\" rel=\"noopener\">a Proposta de Emenda \u00e0 Constitui\u00e7\u00e3o<\/a>\u00a0(PEC)\u00a0da Transi\u00e7\u00e3o, que estabeleceu que o novo governo\u00a0ter\u00e1 R$ 145 bilh\u00f5es para al\u00e9m do teto de gastos, dos quais R$ 70 bilh\u00f5es ser\u00e3o para custear o benef\u00edcio social.<\/p>\n<\/div>\n<\/div>\n<\/div>\n","protected":false},"excerpt":{"rendered":"<p>\u00a9 Jos\u00e9 Cruz\/Ag\u00eancia Brasil Geral Novas regras do programa devem ser anunciadas na\u00a0pr\u00f3xima quinta-feira As novas regras do programa Bolsa Fam\u00edlia devem ser anunciadas na\u00a0quinta-feira (2\/03) pelo presidente Luiz In\u00e1cio Lula da Silva. Al\u00e9m de retomar as\u00a0exig\u00eancias das contrapartidas, o programa deve\u00a0ter\u00a0um valor extra para fam\u00edlias maiores. As informa\u00e7\u00f5es s\u00e3o do ministro do Desenvolvimento e [&hellip;]<\/p>\n","protected":false},"author":2,"featured_media":0,"comment_status":"open","ping_status":"open","sticky":false,"template":"","format":"standard","meta":{"_links_to":"","_links_to_target":""},"categories":[7,9,8,1],"tags":[],"_links":{"self":[{"href":"https:\/\/www.ilheusnoticias.net.br\/v1\/wp-json\/wp\/v2\/posts\/31144"}],"collection":[{"href":"https:\/\/www.ilheusnoticias.net.br\/v1\/wp-json\/wp\/v2\/posts"}],"about":[{"href":"https:\/\/www.ilheusnoticias.net.br\/v1\/wp-json\/wp\/v2\/types\/post"}],"author":[{"embeddable":true,"href":"https:\/\/www.ilheusnoticias.net.br\/v1\/wp-json\/wp\/v2\/users\/2"}],"replies":[{"embeddable":true,"href":"https:\/\/www.ilheusnoticias.net.br\/v1\/wp-json\/wp\/v2\/comments?post=31144"}],"version-history":[{"count":1,"href":"https:\/\/www.ilheusnoticias.net.br\/v1\/wp-json\/wp\/v2\/posts\/31144\/revisions"}],"predecessor-version":[{"id":31145,"href":"https:\/\/www.ilheusnoticias.net.br\/v1\/wp-json\/wp\/v2\/posts\/31144\/revisions\/31145"}],"wp:attachment":[{"href":"https:\/\/www.ilheusnoticias.net.br\/v1\/wp-json\/wp\/v2\/media?parent=31144"}],"wp:term":[{"taxonomy":"category","embeddable":true,"href":"https:\/\/www.ilheusnoticias.net.br\/v1\/wp-json\/wp\/v2\/categories?post=31144"},{"taxonomy":"post_tag","embeddable":true,"href":"https:\/\/www.ilheusnoticias.net.br\/v1\/wp-json\/wp\/v2\/tags?post=31144"}],"curies":[{"name":"wp","href":"https:\/\/api.w.org\/{rel}","templated":true}]}}