{"id":31142,"date":"2023-03-02T11:01:32","date_gmt":"2023-03-02T14:01:32","guid":{"rendered":"https:\/\/www.ilheusnoticias.net.br\/v1\/?p=31142"},"modified":"2023-03-02T11:01:32","modified_gmt":"2023-03-02T14:01:32","slug":"homem-coloca-caixao-na-porta-do-inss-em-piracicaba-em-protesto-por-perda-de-beneficio-alegam-que-estou-falecido","status":"publish","type":"post","link":"https:\/\/www.ilheusnoticias.net.br\/v1\/2023\/03\/02\/homem-coloca-caixao-na-porta-do-inss-em-piracicaba-em-protesto-por-perda-de-beneficio-alegam-que-estou-falecido\/","title":{"rendered":"Homem coloca caix\u00e3o na porta do INSS em Piracicaba em protesto por perda de benef\u00edcio: &#8216;alegam que estou falecido&#8217;"},"content":{"rendered":"<div class=\"row content-head non-featured \">\n<div class=\"title\" data-block-type=\"title\" data-block-id=\"0\">\n<h1 class=\"content-head__title\"><span style=\"font-size: 16px;\">O idoso relata que n\u00e3o recebe a aposentadoria h\u00e1 sete meses, mesmo provando que est\u00e1 vivo.<\/span><\/h1>\n<\/div>\n<\/div>\n<div class=\"content__signa-share\">\n<div class=\"content__signature\">\n<div class=\"content-publication-data\">\n<div class=\"content-publication-data__text\">\n<p class=\"content-publication-data__from\" title=\"EPTV e g1 Piracicaba e Regi\u00e3o\">Por EPTV e g1 Piracicaba e Regi\u00e3o<\/p>\n<\/div>\n<\/div>\n<\/div>\n<\/div>\n<div class=\"mc-article-body\">\n<article>\n<div id=\"chunk-ca96k\">\n<div class=\"row medium-uncollapsed content-media content-photo\" data-block-type=\"backstage-photo\" data-block-id=\"1\">\n<div class=\"mc-column content-media__container\">\n<div class=\"content-media-container glb-skeleton-box\">\n<figure class=\"content-media-figure\"><img class=\"i-amphtml-fill-content i-amphtml-replaced-content\" src=\"https:\/\/s2.glbimg.com\/_A6jLlBmbgjCfB4TdFjvziBXA74=\/0x0:1600x1200\/984x0\/smart\/filters:strip_icc()\/i.s3.glbimg.com\/v1\/AUTH_59edd422c0c84a879bd37670ae4f538a\/internal_photos\/bs\/2023\/z\/A\/ZS06e1TUacBaKJo2O9iA\/whatsapp-image-2023-03-02-at-09.01.37-1-.jpeg\" sizes=\"(max-width: 1707px) 648px, 100vw\" srcset=\"https:\/\/s2.glbimg.com\/h-uk37zi9GyUz7uw5Ba4JQb2BgQ=\/0x0:1600x1200\/1000x0\/smart\/filters:strip_icc()\/i.s3.glbimg.com\/v1\/AUTH_59edd422c0c84a879bd37670ae4f538a\/internal_photos\/bs\/2023\/z\/A\/ZS06e1TUacBaKJo2O9iA\/whatsapp-image-2023-03-02-at-09.01.37-1-.jpeg 1000w, https:\/\/s2.glbimg.com\/_A6jLlBmbgjCfB4TdFjvziBXA74=\/0x0:1600x1200\/984x0\/smart\/filters:strip_icc()\/i.s3.glbimg.com\/v1\/AUTH_59edd422c0c84a879bd37670ae4f538a\/internal_photos\/bs\/2023\/z\/A\/ZS06e1TUacBaKJo2O9iA\/whatsapp-image-2023-03-02-at-09.01.37-1-.jpeg 984w, https:\/\/s2.glbimg.com\/7K6Ome04QeKoNRfz0LdeBe381k8=\/0x0:1600x1200\/640x0\/smart\/filters:strip_icc()\/i.s3.glbimg.com\/v1\/AUTH_59edd422c0c84a879bd37670ae4f538a\/internal_photos\/bs\/2023\/z\/A\/ZS06e1TUacBaKJo2O9iA\/whatsapp-image-2023-03-02-at-09.01.37-1-.jpeg 640w, https:\/\/s2.glbimg.com\/LZxXARdvk9VXwGtvd316p7usbGs=\/0x0:1600x1200\/600x0\/smart\/filters:strip_icc()\/i.s3.glbimg.com\/v1\/AUTH_59edd422c0c84a879bd37670ae4f538a\/internal_photos\/bs\/2023\/z\/A\/ZS06e1TUacBaKJo2O9iA\/whatsapp-image-2023-03-02-at-09.01.37-1-.jpeg 600w\" alt=\"Em protesto por falta de pagamento, aposentado coloca caix\u00e3o na porta do INSS em Piracicaba \u2014 Foto: Edijan Del Santo\/EPTV\" \/><\/figure>\n<\/div>\n<p class=\"content-media__description \">Em protesto por falta de pagamento, aposentado coloca caix\u00e3o na porta do INSS em Piracicaba \u2014 Foto: Edijan Del Santo\/EPTV<\/p>\n<\/div>\n<\/div>\n<\/div>\n<div id=\"chunk-20bve\">\n<div class=\"mc-column content-text active-extra-styles \" data-block-type=\"unstyled\" data-block-weight=\"43\" data-block-id=\"3\">\n<p class=\"content-text__container \" data-track-category=\"Link no Texto\" data-track-links=\"\">Em protesto por falta de pagamento da aposentadoria h\u00e1 sete meses, um morador de\u00a0<a href=\"https:\/\/g1.globo.com\/sp\/piracicaba-regiao\/cidade\/piracicaba\/\">Piracicaba (SP)<\/a>\u00a0colocou um caix\u00e3o na porta do Instituto Nacional do Seguro Social (INSS). Ele diz que est\u00e1 tentando provar que est\u00e1 vivo para voltar a receber o benef\u00edcio.<\/p>\n<\/div>\n<\/div>\n<div class=\"wall protected-content\">\n<div id=\"chunk-79s3v\">\n<div class=\"mc-column content-text active-extra-styles \" data-block-type=\"unstyled\" data-block-weight=\"36\" data-block-id=\"4\">\n<p class=\"content-text__container \" data-track-category=\"Link no Texto\" data-track-links=\"\">O aposentado Ricardo Santana de Arruda Leme colocou o caix\u00e3o vazio na porta da ag\u00eancia de\u00a0<a href=\"https:\/\/g1.globo.com\/sp\/piracicaba-regiao\/cidade\/piracicaba\/\">Piracicaba<\/a> por volta das 7h desta quinta-feira (2). Ele conta que est\u00e1 com dificuldade para conseguir provar que est\u00e1 vivo.<\/p>\n<\/div>\n<\/div>\n<div class=\"mc-column content-text active-extra-styles\" data-block-type=\"raw\" data-block-weight=\"13\" data-block-id=\"5\">\n<blockquote class=\"content-blockquote theme-border-color-primary-before\"><p>&#8220;Eles alegam que eu estou falecido, que eu estou em \u00f3bito&#8221;, lamentou indignado.<\/p><\/blockquote>\n<\/div>\n<div id=\"chunk-4bbjq\">\n<div class=\"mc-column content-text active-extra-styles \" data-block-type=\"unstyled\" data-block-weight=\"28\" data-block-id=\"6\">\n<p class=\"content-text__container \" data-track-category=\"Link no Texto\" data-track-links=\"\">Ricardo conta que um advogado fez todo procedimento para tentar retomar o benef\u00edcio, mas que o INSS deu um prazo de 85 dias para retornar com a solu\u00e7\u00e3o.<\/p>\n<\/div>\n<\/div>\n<div id=\"chunk-4hpk7\">\n<div class=\"mc-column content-text active-extra-styles \" data-block-type=\"unstyled\" data-block-weight=\"24\" data-block-id=\"8\">\n<p class=\"content-text__container \" data-track-category=\"Link no Texto\" data-track-links=\"\">&#8220;Faz sete meses que eu n\u00e3o recebo. N\u00e3o \u00e9 justo, eu acho que eu n\u00e3o mere\u00e7o isso. Eu trabalhei direitinho minha vida toda&#8221;, argumentou.<\/p>\n<\/div>\n<\/div>\n<div id=\"chunk-b6o0u\">\n<div class=\"row medium-uncollapsed content-media content-photo\" data-block-type=\"backstage-photo\" data-block-id=\"9\">\n<div class=\"mc-column content-media__container\">\n<div class=\"content-media-container glb-skeleton-box\">\n<figure class=\"content-media-figure\"><img class=\"i-amphtml-fill-content i-amphtml-replaced-content\" src=\"https:\/\/s2.glbimg.com\/LB1cWP7XIvLdUybns0NlVkek1pU=\/0x0:1600x1200\/984x0\/smart\/filters:strip_icc()\/i.s3.glbimg.com\/v1\/AUTH_59edd422c0c84a879bd37670ae4f538a\/internal_photos\/bs\/2023\/D\/F\/m5lInrTr68oLk8X1avRw\/whatsapp-image-2023-03-02-at-09.03.28.jpeg\" sizes=\"(max-width: 1707px) 648px, 100vw\" srcset=\"https:\/\/s2.glbimg.com\/OtkUxcKGu0v2YxT2qKJBV6fR2lk=\/0x0:1600x1200\/1000x0\/smart\/filters:strip_icc()\/i.s3.glbimg.com\/v1\/AUTH_59edd422c0c84a879bd37670ae4f538a\/internal_photos\/bs\/2023\/D\/F\/m5lInrTr68oLk8X1avRw\/whatsapp-image-2023-03-02-at-09.03.28.jpeg 1000w, https:\/\/s2.glbimg.com\/LB1cWP7XIvLdUybns0NlVkek1pU=\/0x0:1600x1200\/984x0\/smart\/filters:strip_icc()\/i.s3.glbimg.com\/v1\/AUTH_59edd422c0c84a879bd37670ae4f538a\/internal_photos\/bs\/2023\/D\/F\/m5lInrTr68oLk8X1avRw\/whatsapp-image-2023-03-02-at-09.03.28.jpeg 984w, https:\/\/s2.glbimg.com\/Ka1q-lMBzl_ces3e75EIL_vw2Gw=\/0x0:1600x1200\/640x0\/smart\/filters:strip_icc()\/i.s3.glbimg.com\/v1\/AUTH_59edd422c0c84a879bd37670ae4f538a\/internal_photos\/bs\/2023\/D\/F\/m5lInrTr68oLk8X1avRw\/whatsapp-image-2023-03-02-at-09.03.28.jpeg 640w, https:\/\/s2.glbimg.com\/yMDtrSbrOYopDwiH1cRu0rqkN1Y=\/0x0:1600x1200\/600x0\/smart\/filters:strip_icc()\/i.s3.glbimg.com\/v1\/AUTH_59edd422c0c84a879bd37670ae4f538a\/internal_photos\/bs\/2023\/D\/F\/m5lInrTr68oLk8X1avRw\/whatsapp-image-2023-03-02-at-09.03.28.jpeg 600w\" alt=\"Aposentado protesta na porta do INSS por falta de pagamento do benef\u00edcio em Piracicaba \u2014 Foto: Edijan Del Santo\/EPTV\" \/><\/figure>\n<\/div>\n<p class=\"content-media__description \">Aposentado protesta na porta do INSS por falta de pagamento do benef\u00edcio em Piracicaba \u2014 Foto: Edijan Del Santo\/EPTV<\/p>\n<\/div>\n<\/div>\n<\/div>\n<div id=\"chunk-74i3k\">\n<div class=\"mc-column content-text active-extra-styles \" data-block-type=\"unstyled\" data-block-weight=\"56\" data-block-id=\"10\">\n<p class=\"content-text__container \" data-track-category=\"Link no Texto\" data-track-links=\"\">Segundo ele, o problema come\u00e7ou quando um criminoso falsificou seu documento em outro estado e de fato morreu. Quando ele se aposentou, h\u00e1 sete anos e meio, o problema j\u00e1 tinha acontecido, mas ele conseguiu provar que estava vivo. Agora a mesma situa\u00e7\u00e3o veio \u00e0 tona e o impede de receber o benef\u00edcio h\u00e1 sete meses.<\/p>\n<\/div>\n<\/div>\n<div id=\"chunk-23mvg\">\n<div class=\"mc-column content-text active-extra-styles \" data-block-type=\"unstyled\" data-block-weight=\"23\" data-block-id=\"11\">\n<p class=\"content-text__container \" data-track-category=\"Link no Texto\" data-track-links=\"\">Colocar o caix\u00e3o no local foi a forma que Ricardo encontrou de chamar aten\u00e7\u00e3o para a situa\u00e7\u00e3o. &#8220;Porque tem mais gente nessa situa\u00e7\u00e3o.<\/p>\n<\/div>\n<\/div>\n<div class=\"mc-column content-text active-extra-styles\" data-block-type=\"raw\" data-block-weight=\"3\" data-block-id=\"13\">\n<div class=\"content-intertitle\">\n<h2>Valeu a pena<\/h2>\n<\/div>\n<\/div>\n<div id=\"chunk-44bva\">\n<div class=\"mc-column content-text active-extra-styles \" data-block-type=\"unstyled\" data-block-weight=\"30\" data-block-id=\"14\">\n<p class=\"content-text__container \" data-track-category=\"Link no Texto\" data-track-links=\"\">Depois de duas horas de protesto na frente da ag\u00eancia do INSS, o aposentado conseguiu atingir o objetivo pretendido: ele recebeu um documento informando que voltaria a receber o benef\u00edcio.<\/p>\n<\/div>\n<\/div>\n<div id=\"chunk-a12gb\">\n<div class=\"mc-column content-text active-extra-styles \" data-block-type=\"unstyled\" data-block-weight=\"19\" data-block-id=\"15\">\n<p class=\"content-text__container \" data-track-category=\"Link no Texto\" data-track-links=\"\">&#8220;Estou muito aliviado. Acho que a gente deve correr atr\u00e1s daquilo que tem direito. Fui muito bem atendido&#8221;, comemorou.<\/p>\n<\/div>\n<\/div>\n<div id=\"chunk-ecfqv\">\n<div class=\"mc-column content-text active-extra-styles \" data-block-type=\"unstyled\" data-block-weight=\"24\" data-block-id=\"16\">\n<p class=\"content-text__container \" data-track-category=\"Link no Texto\" data-track-links=\"\">A reportagem entrou em contato com o INSS para saber o porqu\u00ea da demora em retomar o benef\u00edcio. At\u00e9 esta publica\u00e7\u00e3o n\u00e3o houve retorno.<\/p>\n<\/div>\n<\/div>\n<\/div>\n<\/article>\n<\/div>\n","protected":false},"excerpt":{"rendered":"<p>O idoso relata que n\u00e3o recebe a aposentadoria h\u00e1 sete meses, mesmo provando que est\u00e1 vivo. Por EPTV e g1 Piracicaba e Regi\u00e3o Em protesto por falta de pagamento, aposentado coloca caix\u00e3o na porta do INSS em Piracicaba \u2014 Foto: Edijan Del Santo\/EPTV Em protesto por falta de pagamento da aposentadoria h\u00e1 sete meses, um [&hellip;]<\/p>\n","protected":false},"author":2,"featured_media":0,"comment_status":"open","ping_status":"open","sticky":false,"template":"","format":"standard","meta":{"_links_to":"","_links_to_target":""},"categories":[7,9,8,1],"tags":[],"_links":{"self":[{"href":"https:\/\/www.ilheusnoticias.net.br\/v1\/wp-json\/wp\/v2\/posts\/31142"}],"collection":[{"href":"https:\/\/www.ilheusnoticias.net.br\/v1\/wp-json\/wp\/v2\/posts"}],"about":[{"href":"https:\/\/www.ilheusnoticias.net.br\/v1\/wp-json\/wp\/v2\/types\/post"}],"author":[{"embeddable":true,"href":"https:\/\/www.ilheusnoticias.net.br\/v1\/wp-json\/wp\/v2\/users\/2"}],"replies":[{"embeddable":true,"href":"https:\/\/www.ilheusnoticias.net.br\/v1\/wp-json\/wp\/v2\/comments?post=31142"}],"version-history":[{"count":1,"href":"https:\/\/www.ilheusnoticias.net.br\/v1\/wp-json\/wp\/v2\/posts\/31142\/revisions"}],"predecessor-version":[{"id":31143,"href":"https:\/\/www.ilheusnoticias.net.br\/v1\/wp-json\/wp\/v2\/posts\/31142\/revisions\/31143"}],"wp:attachment":[{"href":"https:\/\/www.ilheusnoticias.net.br\/v1\/wp-json\/wp\/v2\/media?parent=31142"}],"wp:term":[{"taxonomy":"category","embeddable":true,"href":"https:\/\/www.ilheusnoticias.net.br\/v1\/wp-json\/wp\/v2\/categories?post=31142"},{"taxonomy":"post_tag","embeddable":true,"href":"https:\/\/www.ilheusnoticias.net.br\/v1\/wp-json\/wp\/v2\/tags?post=31142"}],"curies":[{"name":"wp","href":"https:\/\/api.w.org\/{rel}","templated":true}]}}