{"id":31140,"date":"2023-03-02T10:58:41","date_gmt":"2023-03-02T13:58:41","guid":{"rendered":"https:\/\/www.ilheusnoticias.net.br\/v1\/?p=31140"},"modified":"2023-03-02T10:58:41","modified_gmt":"2023-03-02T13:58:41","slug":"35-mulheres-foram-agredidas-fisica-ou-verbalmente-por-minuto-no-brasil-em-2022-diz-pesquisa","status":"publish","type":"post","link":"https:\/\/www.ilheusnoticias.net.br\/v1\/2023\/03\/02\/35-mulheres-foram-agredidas-fisica-ou-verbalmente-por-minuto-no-brasil-em-2022-diz-pesquisa\/","title":{"rendered":"35 mulheres foram agredidas f\u00edsica ou verbalmente por minuto no Brasil em 2022, diz pesquisa"},"content":{"rendered":"<div class=\"row content-head non-featured \">\n<div class=\"title\" data-block-type=\"title\" data-block-id=\"0\"><\/div>\n<div class=\"medium-centered subtitle\">\n<h2 class=\"content-head__subtitle\"><span style=\"font-size: 16px;\">Por C\u00edntia Acayaba e Gustavo Hon\u00f3rio, g1 SP \u2014 S\u00e3o Paulo<\/span><\/h2>\n<\/div>\n<\/div>\n<div class=\"mc-article-body\">\n<article>\n<div id=\"chunk-cv4uj\">\n<div class=\"row medium-uncollapsed content-media content-photo\" data-block-type=\"backstage-photo\" data-block-id=\"1\">\n<div class=\"column medium-22 large-20 medium-centered content-media__container\">\n<div class=\"content-media-container glb-skeleton-box\">\n<figure class=\"content-media-figure\"><img loading=\"lazy\" class=\"i-amphtml-fill-content i-amphtml-replaced-content\" src=\"https:\/\/s2.glbimg.com\/QJNjFec6rx2AnmtXvcl1AGuvvdc=\/0x0:1920x767\/1008x0\/smart\/filters:strip_icc()\/i.s3.glbimg.com\/v1\/AUTH_59edd422c0c84a879bd37670ae4f538a\/internal_photos\/bs\/2021\/6\/N\/h2S0OITgi9Ljb2a9dvBA\/mulher3.png\" srcset=\"\" alt=\"Viol\u00eancia contra a mulher \u2014 Foto: Wagner Magalh\u00e3es\/G1\" width=\"486\" height=\"194\" \/><\/figure>\n<\/div>\n<p class=\"content-media__description \">Viol\u00eancia contra a mulher \u2014 Foto: Wagner Magalh\u00e3es\/G1<\/p>\n<\/div>\n<\/div>\n<\/div>\n<div id=\"chunk-b6f18\">\n<div class=\"mc-column content-text active-extra-styles \" data-block-type=\"unstyled\" data-block-weight=\"54\" data-block-id=\"3\">\n<p class=\"content-text__container \" data-track-category=\"Link no Texto\" data-track-links=\"\">O ano de 2022 foi especialmente dif\u00edcil para as mulheres no Brasil:\u00a0<span class=\"highlight highlighted\">todos os indicadores de viol\u00eancia contra a mulher subiram no ano passado<\/span>, de acordo com a quarta pesquisa &#8220;Vis\u00edvel e Invis\u00edvel &#8211; a Vitimiza\u00e7\u00e3o de Mulheres no Brasil&#8221; &#8211; do F\u00f3rum Brasileiro de Seguran\u00e7a P\u00fablica e do Datafolha divulgada nesta quinta-feira (2).<\/p>\n<\/div>\n<\/div>\n<div class=\"wall protected-content\">\n<div class=\"mc-column content-text active-extra-styles\" data-block-type=\"raw\" data-block-weight=\"40\" data-block-id=\"4\">\n<p class=\"content-text__container\">\n<ul class=\"content-unordered-list\">\n<li>Nos \u00faltimos 12 meses, 28,9% (18,6 milh\u00f5es) das mulheres relataram ter sido v\u00edtima de algum tipo de viol\u00eancia ou agress\u00e3o, o maior percentual da s\u00e9rie hist\u00f3rica;<\/li>\n<li>Isso significa que\u00a0<strong>35 mulheres foram agredidas f\u00edsica ou verbalmente por minuto<\/strong>\u00a0no pa\u00eds.<\/li>\n<\/ul>\n<p>&nbsp;<\/p>\n<\/div>\n<div id=\"chunk-5l8e8\">\n<div class=\"mc-column content-text active-extra-styles \" data-block-type=\"unstyled\" data-block-weight=\"60\" data-block-id=\"5\">\n<p class=\"content-text__container \" data-track-category=\"Link no Texto\" data-track-links=\"\">Entre os dias 9 e 13 de janeiro de 2023, 1.042 mulheres com 16 anos ou mais foram entrevistadas em 126 munic\u00edpios de pequeno, m\u00e9dio e grande porte. A margem de erro \u00e9 de dois pontos para mais ou para menos na amostra nacional e de tr\u00eas pontos para mais ou para menos na amostra do m\u00f3dulo de autopreenchimento.<\/p>\n<\/div>\n<\/div>\n<div id=\"chunk-a8c7\">\n<div class=\"mc-column content-text active-extra-styles \" data-block-type=\"unstyled\" data-block-weight=\"40\" data-block-id=\"7\">\n<p class=\"content-text__container \" data-track-category=\"Link no Texto\" data-track-links=\"\">Em rela\u00e7\u00e3o \u00e0 \u00faltima pesquisa, que foi feita entre abril de 2020 e mar\u00e7o de 2021,\u00a0<span class=\"highlight highlighted\">o crescimento foi de 4,5 pontos percentuais<\/span>, o que revela um agravamento das viol\u00eancias sofridas por mulheres no Brasil\u00a0<strong>(veja arte abaixo).<\/strong><\/p>\n<\/div>\n<\/div>\n<div id=\"chunk-cs4a3\">\n<div class=\"mc-column\"><iframe id=\"\" class=\"datawrapper-chart\" src=\"https:\/\/flo.uri.sh\/visualisation\/12915475\/embed\" frameborder=\"0\" data-mce-fragment=\"1\"><\/iframe><\/div>\n<\/div>\n<div class=\"mc-column content-text active-extra-styles\" data-block-type=\"raw\" data-block-weight=\"6\" data-block-id=\"8\">\n<p class=\"content-text__container\">\n<div class=\"content-intertitle\">\n<h2><strong>Mas o que ocorreu em 2022?<\/strong><\/h2>\n<\/div>\n<p>Os pesquisadores dizem que n\u00e3o \u00e9 poss\u00edvel apontar uma \u00fanica causa, mas h\u00e1 3 fatores que devem ser destacados:<\/p>\n<\/div>\n<div id=\"chunk-40tvk\">\n<div class=\"mc-column content-text active-extra-styles \" data-block-type=\"unstyled\" data-block-weight=\"22\" data-block-id=\"10\">\n<p class=\"content-text__container \" data-track-category=\"Link no Texto\" data-track-links=\"\"><strong><span class=\"highlight highlighted\">1)<\/span><\/strong>\u00a0<strong>Fim de financiamentos das pol\u00edticas de enfrentamento \u00e0 viol\u00eancia contra a mulher por parte do governo Bolsonaro nos \u00faltimos 4 anos<\/strong><\/p>\n<\/div>\n<\/div>\n<div id=\"chunk-7egvj\">\n<div class=\"mc-column content-text active-extra-styles \" data-block-type=\"unstyled\" data-block-weight=\"42\" data-block-id=\"11\">\n<p class=\"content-text__container \" data-track-category=\"Link no Texto\" data-track-links=\"\">&#8220;Nota t\u00e9cnica produzida pelo Instituto de Estudos Socioecon\u00f4micos (Inesc) mostrou que, em 2022, ocorreu a menor aloca\u00e7\u00e3o or\u00e7ament\u00e1ria para o enfrentamento da viol\u00eancia contra mulheres em uma d\u00e9cada. Sem recursos financeiros, materiais e humanos n\u00e3o se faz pol\u00edtica p\u00fablica&#8221;, aponta a pesquisa.<\/p>\n<\/div>\n<\/div>\n<div id=\"chunk-emgc\">\n<div class=\"mc-column content-text active-extra-styles \" data-block-type=\"unstyled\" data-block-weight=\"13\" data-block-id=\"13\">\n<p class=\"content-text__container \" data-track-category=\"Link no Texto\" data-track-links=\"\"><strong><span class=\"highlight highlighted\">2)<\/span><\/strong>\u00a0<strong>Pandemia de Covid-19 comprometeu o funcionamento de servi\u00e7os de acolhimento \u00e0s mulheres<\/strong><\/p>\n<\/div>\n<\/div>\n<div id=\"chunk-5s46e\">\n<div class=\"mc-column content-text active-extra-styles \" data-block-type=\"unstyled\" data-block-weight=\"34\" data-block-id=\"14\">\n<p class=\"content-text__container \" data-track-category=\"Link no Texto\" data-track-links=\"\">&#8220;A restri\u00e7\u00e3o nos hor\u00e1rios de funcionamento, as dificuldades de circula\u00e7\u00e3o impostas pelas necess\u00e1rias medidas de isolamento social e a redu\u00e7\u00e3o das equipes de atendimento foram fatores que afetaram em algum grau os servi\u00e7os&#8221;.<\/p>\n<\/div>\n<\/div>\n<div id=\"chunk-8ckju\">\n<div class=\"mc-column content-text active-extra-styles \" data-block-type=\"unstyled\" data-block-weight=\"33\" data-block-id=\"15\">\n<p class=\"content-text__container \" data-track-category=\"Link no Texto\" data-track-links=\"\"><strong><span class=\"highlight highlighted\">3)<\/span><\/strong>\u00a0<strong>A\u00e7\u00e3o pol\u00edtica de movimentos ultraconservadores que se intensificaram na \u00faltima d\u00e9cada e elegeram, dentre outros temas, a igualdade de g\u00eanero como um tema a ser combatido, como visto nas elei\u00e7\u00f5es de 2022.<\/strong><\/p>\n<\/div>\n<\/div>\n<div id=\"chunk-cgtlq\">\n<div class=\"mc-column content-text active-extra-styles \" data-block-type=\"unstyled\" data-block-weight=\"61\" data-block-id=\"16\">\n<p class=\"content-text__container \" data-track-category=\"Link no Texto\" data-track-links=\"\">&#8220;Pesquisa recente conduzida pela Monash University e pela ONU Mulheres buscou compreender como a expans\u00e3o do extremismo violento na Indon\u00e9sia, Bangladesh e Filipinas reverbera na agenda de g\u00eanero. Como resultado, conclu\u00edram que atitudes machistas e o suporte a comportamentos violentos contra as mulheres constituem os fatores mais fortemente associados ao apoio \u00e0 viol\u00eancia&#8221;, aponta a pesquisa que teve apoio da Uber.<\/p>\n<\/div>\n<\/div>\n<div id=\"chunk-3fbt1\">\n<div class=\"row medium-uncollapsed content-media content-photo\" data-block-type=\"backstage-photo\" data-block-id=\"17\">\n<div class=\"mc-column content-media__container\">\n<div class=\"content-media-container glb-skeleton-box\">\n<figure class=\"content-media-figure\"><img class=\"i-amphtml-fill-content i-amphtml-replaced-content\" src=\"https:\/\/s2.glbimg.com\/Z3amRJEcPeH-941n8lJlpz5nDlU=\/0x0:1200x4420\/984x0\/smart\/filters:strip_icc()\/i.s3.glbimg.com\/v1\/AUTH_59edd422c0c84a879bd37670ae4f538a\/internal_photos\/bs\/2023\/n\/O\/ForjC3RTeldskAOIKIMQ\/violencias-sofridas-pelas-brasileiras-no-ultimo-ano-.jpg\" sizes=\"(max-width: 1707px) 648px, 100vw\" srcset=\"https:\/\/s2.glbimg.com\/MOL5BJQdZ81krSfeEuqXvTESWww=\/0x0:1200x4420\/1000x0\/smart\/filters:strip_icc()\/i.s3.glbimg.com\/v1\/AUTH_59edd422c0c84a879bd37670ae4f538a\/internal_photos\/bs\/2023\/n\/O\/ForjC3RTeldskAOIKIMQ\/violencias-sofridas-pelas-brasileiras-no-ultimo-ano-.jpg 1000w, https:\/\/s2.glbimg.com\/Z3amRJEcPeH-941n8lJlpz5nDlU=\/0x0:1200x4420\/984x0\/smart\/filters:strip_icc()\/i.s3.glbimg.com\/v1\/AUTH_59edd422c0c84a879bd37670ae4f538a\/internal_photos\/bs\/2023\/n\/O\/ForjC3RTeldskAOIKIMQ\/violencias-sofridas-pelas-brasileiras-no-ultimo-ano-.jpg 984w, https:\/\/s2.glbimg.com\/WqJaqwWsBMrN8oX5yYDAialKfA8=\/0x0:1200x4420\/640x0\/smart\/filters:strip_icc()\/i.s3.glbimg.com\/v1\/AUTH_59edd422c0c84a879bd37670ae4f538a\/internal_photos\/bs\/2023\/n\/O\/ForjC3RTeldskAOIKIMQ\/violencias-sofridas-pelas-brasileiras-no-ultimo-ano-.jpg 640w, https:\/\/s2.glbimg.com\/3gDnEEd_WUSAMw0Rr8JwTKVzBAo=\/0x0:1200x4420\/600x0\/smart\/filters:strip_icc()\/i.s3.glbimg.com\/v1\/AUTH_59edd422c0c84a879bd37670ae4f538a\/internal_photos\/bs\/2023\/n\/O\/ForjC3RTeldskAOIKIMQ\/violencias-sofridas-pelas-brasileiras-no-ultimo-ano-.jpg 600w\" alt=\"Viol\u00eancia contra a mulher nos \u00faltimos anos, segundo Datafolha e F\u00f3rum Brasileiro de Seguran\u00e7a P\u00fablica \u2014 Foto: Arte\/g1\" \/><\/figure>\n<\/div>\n<p class=\"content-media__description \">Viol\u00eancia contra a mulher nos \u00faltimos anos, segundo Datafolha e F\u00f3rum Brasileiro de Seguran\u00e7a P\u00fablica \u2014 Foto: Arte\/g1<\/p>\n<\/div>\n<\/div>\n<\/div>\n<div id=\"chunk-1q2nk\">\n<div class=\"mc-column content-text active-extra-styles \" data-block-type=\"unstyled\" data-block-weight=\"37\" data-block-id=\"19\">\n<p class=\"content-text__container \" data-track-category=\"Link no Texto\" data-track-links=\"\">Para a diretora-executiva do F\u00f3rum Brasileiro de Seguran\u00e7a P\u00fablica, &#8220;o menor or\u00e7amento justamente em um per\u00edodo em que os servi\u00e7os precisavam de mais apoio para continuarem a existir tornou a acolhida da mulher ainda mais dif\u00edcil.&#8221;<\/p>\n<\/div>\n<\/div>\n<div id=\"chunk-8h4kf\">\n<div class=\"mc-column content-text active-extra-styles \" data-block-type=\"unstyled\" data-block-weight=\"72\" data-block-id=\"20\">\n<p class=\"content-text__container \" data-track-category=\"Link no Texto\" data-track-links=\"\">&#8220;Os dados do<a href=\"https:\/\/g1.globo.com\/sp\/sao-paulo\/noticia\/2022\/12\/07\/feminicidios-batem-recorde-no-1o-semestre-de-2022-no-brasil-quando-repasse-ao-combate-a-violencia-contra-a-mulher-foi-o-mais-baixo.ghtml\">\u00a0primeiro semestre de 2022 j\u00e1 indicavam crescimento dos feminic\u00eddios<\/a>\u00a0e outras formas de viol\u00eancia contra a mulher. Os \u00faltimos anos foram marcados pelo desfinanciamento das pol\u00edticas de enfrentamento \u00e0 viol\u00eancia contra a mulher.\u00a0<a href=\"https:\/\/g1.globo.com\/politica\/noticia\/2022\/09\/29\/governo-bolsonaro-propoe-94percent-menos-de-recursos-no-orcamento-para-combate-a-violencia-contra-mulheres-diz-levantamento.ghtml\">Voc\u00eas do g1 fizeram uma mat\u00e9ria importante com os dados de uma pesquisa do Inesc que mostrava o menor valor executado em mais de uma d\u00e9cada<\/a>. N\u00e3o tem pol\u00edtica p\u00fablica na ponta sem or\u00e7amento&#8221;, diz.<\/p>\n<\/div>\n<\/div>\n<div id=\"chunk-3mpg3\">\n<div class=\"mc-column content-text active-extra-styles \" data-block-type=\"unstyled\" data-block-weight=\"46\" data-block-id=\"21\">\n<p class=\"content-text__container \" data-track-category=\"Link no Texto\" data-track-links=\"\">&#8220;Tamb\u00e9m acredito que a pandemia afetou fortemente os servi\u00e7os de acolhimento \u00e0s mulheres em situa\u00e7\u00e3o de viol\u00eancia, a rede da qual tanto falamos. Equipamentos de assist\u00eancia social, sa\u00fade e seguran\u00e7a tiveram servi\u00e7os interrompidos, hor\u00e1rios de funcionamento restrito e muitos profissionais afastados por serem grupos de risco.&#8221;<\/p>\n<\/div>\n<\/div>\n<div class=\"mc-column content-text active-extra-styles\" data-block-type=\"raw\" data-block-weight=\"5\" data-block-id=\"22\">\n<p class=\"content-text__container\">Tipos de ofensa mais citados<\/p>\n<\/div>\n<div class=\"mc-column content-text active-extra-styles\" data-block-type=\"raw\" data-block-weight=\"71\" data-block-id=\"23\">\n<ul class=\"content-unordered-list\">\n<li><strong>Ofensas verbais<\/strong>: 23,1% de preval\u00eancia (14,9 milh\u00f5es)<\/li>\n<li><strong>Persegui\u00e7\u00e3o<\/strong>: 13,5% (8,7 milh\u00f5es)<\/li>\n<li><strong>Amea\u00e7as<\/strong>: 12,4% (7,9 milh\u00f5es)<\/li>\n<li><strong>Agress\u00e3o<\/strong>\u00a0<strong>f\u00edsica\u00a0<\/strong>(chutes, socos e empurr\u00f5es, por exemplo): 11,6% (7,4 milh\u00f5es ou 14 por minuto)<\/li>\n<li><strong>Ofensas<\/strong>\u00a0<strong>sexuais<\/strong>: 9% (5,8 milh\u00f5es)<\/li>\n<li><strong>Espancamento\u00a0<\/strong>ou\u00a0<strong>tentativa de estrangulamento<\/strong>: 5,4% (3,4 milh\u00f5es)<\/li>\n<li><strong>Amea\u00e7a com faca ou arma de fogo<\/strong>: 5,1% (3,3 milh\u00f5es)<\/li>\n<li><strong>Les\u00e3o provocada por algum objeto que lhe foi atirado<\/strong>: 4,2% (2,7 milh\u00f5es)<\/li>\n<li><strong>Esfaqueamento ou tiro<\/strong>: 1,6% (1 milh\u00e3o)<\/li>\n<\/ul>\n<\/div>\n<div id=\"chunk-dk7vk\">\n<div class=\"mc-column content-text active-extra-styles \" data-block-type=\"unstyled\" data-block-weight=\"54\" data-block-id=\"25\">\n<p class=\"content-text__container \" data-track-category=\"Link no Texto\" data-track-links=\"\">Os pesquisadores destacam que, em compara\u00e7\u00e3o com as pesquisas anteriores, o cen\u00e1rio \u00e9 de &#8220;um crescimento acentuado de formas de viol\u00eancia grave, que podem incorrer em morte da mulher, como \u00e9 o caso do crescimento de epis\u00f3dios de persegui\u00e7\u00e3o, agress\u00f5es como tapas, socos e chutes, amea\u00e7a com faca ou arma de fogo e espancamentos&#8221;.<\/p>\n<\/div>\n<\/div>\n<div id=\"chunk-41oqf\">\n<div class=\"mc-column content-text active-extra-styles \" data-block-type=\"unstyled\" data-block-weight=\"48\" data-block-id=\"26\">\n<p class=\"content-text__container \" data-track-category=\"Link no Texto\" data-track-links=\"\">Marisa Sanematsu, diretora de comunica\u00e7\u00e3o do Instituto Patr\u00edcia Galv\u00e3o, afirmou que para compreender o aumento &#8220;\u00e9 preciso recorrer aos principais fatores de risco para a viol\u00eancia dom\u00e9stica e sexual definidos pela OMS: baixo n\u00edvel de educa\u00e7\u00e3o, experi\u00eancias pessoais com viol\u00eancia dom\u00e9stica e um ambiente de aceita\u00e7\u00e3o dessa viol\u00eancia.&#8221;<\/p>\n<\/div>\n<\/div>\n<div id=\"chunk-as85m\">\n<div class=\"mc-column content-text active-extra-styles \" data-block-type=\"unstyled\" data-block-weight=\"58\" data-block-id=\"27\">\n<p class=\"content-text__container \" data-track-category=\"Link no Texto\" data-track-links=\"\">&#8220;Assim, se olharmos para o nosso contexto atual, \u00e9 poss\u00edvel identificar a presen\u00e7a desses fatores de risco. Ao lado dos altos \u00edndices de viol\u00eancia registrados, \u00e9 ineg\u00e1vel que estamos vivendo um ambiente de naturaliza\u00e7\u00e3o e at\u00e9 de estimulo \u00e0 viol\u00eancia, que, como mostra a pesquisa, j\u00e1 est\u00e1 produzindo impacto sobre as vidas das mulheres brasileiras&#8221;, diz.<\/p>\n<\/div>\n<\/div>\n<div class=\"mc-column content-text active-extra-styles\" data-block-type=\"raw\" data-block-weight=\"11\" data-block-id=\"28\">\n<div class=\"content-intertitle\">\n<h2>Maioria das mulheres n\u00e3o tomou atitude depois da agress\u00e3o mais grave<\/h2>\n<\/div>\n<\/div>\n<div id=\"chunk-7d3k2\">\n<div class=\"mc-column content-text active-extra-styles \" data-block-type=\"unstyled\" data-block-weight=\"33\" data-block-id=\"29\">\n<p class=\"content-text__container \" data-track-category=\"Link no Texto\" data-track-links=\"\">A maioria das mulheres que sofreram agress\u00f5es e responderam \u00e0 pesquisa n\u00e3o tomou uma atitude ap\u00f3s ter sofrido a agress\u00e3o mais grave. A resposta com maior percentual foi \u201cn\u00e3o fez nada\u201d, com 45%.<\/p>\n<\/div>\n<\/div>\n<div id=\"chunk-dvdnq\">\n<div class=\"mc-column content-text active-extra-styles \" data-block-type=\"unstyled\" data-block-weight=\"29\" data-block-id=\"31\">\n<p class=\"content-text__container \" data-track-category=\"Link no Texto\" data-track-links=\"\">Em seguida, aparecem &#8220;procurou ajuda da fam\u00edlia&#8221; (17,3%) e procurou a ajuda de amigos (15,6%). Apenas 4,8% acionaram a Pol\u00edcia Militar, e 1,7% denunciaram via registro eletr\u00f4nico, por exemplo.<\/p>\n<\/div>\n<\/div>\n<div id=\"chunk-ee8lc\">\n<div class=\"row medium-uncollapsed content-text\" data-block-type=\"table-plugin\" data-block-id=\"32\">\n<div class=\"column medium-centered medium-22 large-20\">\n<div class=\"show-table content-media content-media--normal\">\n<p class=\"mc-column show-table__title\">Atitude da mulher ap\u00f3s a agress\u00e3o mais grave | \u00daltimos 12 meses<\/p>\n<div class=\"show-table__centralized\">\n<div class=\"show-table__container\">\n<table class=\"show-table__content\n show-table__content--highlight-top show-table__content--highlight-right        \"><\/p>\n<tbody>\n<tr>\n<td><\/td>\n<td>Pesquisa de 2017<\/td>\n<td>2019<\/td>\n<td>2021<\/td>\n<td>2023<\/td>\n<\/tr>\n<tr>\n<td>Procurou ajuda da fam\u00edlia<\/td>\n<td>13,0<\/td>\n<td>15,0<\/td>\n<td>21,6<\/td>\n<td>17,3<\/td>\n<\/tr>\n<tr>\n<td>Procurou ajuda dos amigos<\/td>\n<td>12,0<\/td>\n<td>10,0<\/td>\n<td>12,8<\/td>\n<td>15,6<\/td>\n<\/tr>\n<tr>\n<td>Denunciou em uma Delegacia da Mulher<\/td>\n<td>11,0<\/td>\n<td>10,0<\/td>\n<td>11,8<\/td>\n<td>14,0<\/td>\n<\/tr>\n<tr>\n<td>Denunciou em uma delegacia comum<\/td>\n<td>10,0<\/td>\n<td>8,0<\/td>\n<td>7,5<\/td>\n<td>8,5<\/td>\n<\/tr>\n<tr>\n<td>Procurou a Igreja<\/td>\n<td>5,0<\/td>\n<td>8,0<\/td>\n<td>8,2<\/td>\n<td>3,0<\/td>\n<\/tr>\n<tr>\n<td>Ligou para a Pol\u00edcia Militar no 190<\/td>\n<td>3,0<\/td>\n<td>5,0<\/td>\n<td>7,1<\/td>\n<td>4,8<\/td>\n<\/tr>\n<tr>\n<td>Ligou para a Central de Atendimento \u00e0 Mulher (Ligue 180)<\/td>\n<td>1,0<\/td>\n<td>1,0<\/td>\n<td>2,1<\/td>\n<td>1,6<\/td>\n<\/tr>\n<tr>\n<td>N\u00e3o fez nada<\/td>\n<td>52,0<\/td>\n<td>52,0<\/td>\n<td>44,9<\/td>\n<td>45,0<\/td>\n<\/tr>\n<tr>\n<td>Denunciou \u00e0 Pol\u00edcia atrav\u00e9s de um registro eletr\u00f4nico<\/td>\n<td>&#8211;<\/td>\n<td>&#8211;<\/td>\n<td>1,8<\/td>\n<td>1,7<\/td>\n<\/tr>\n<tr>\n<td>Procurou uma associa\u00e7\u00e3o ou entidade de prote\u00e7\u00e3o \u00e0 Mulher (ONG)<\/td>\n<td>&#8211;<\/td>\n<td>&#8211;<\/td>\n<td>1,9<\/td>\n<td>0,5<\/td>\n<\/tr>\n<\/tbody>\n<\/table>\n<\/div>\n<div class=\"show-table__footer\">\n<div class=\"show-table__source\">Fonte: FBSP e Datafolha<\/div>\n<\/div>\n<\/div>\n<\/div>\n<\/div>\n<\/div>\n<\/div>\n<div class=\"mc-column content-text active-extra-styles\" data-block-type=\"raw\" data-block-weight=\"6\" data-block-id=\"33\">\n<div class=\"content-intertitle\">\n<h2>Perfil da mulher v\u00edtima de viol\u00eancia<\/h2>\n<\/div>\n<\/div>\n<div id=\"chunk-fnqhf\">\n<div class=\"mc-column content-text active-extra-styles \" data-block-type=\"unstyled\" data-block-weight=\"21\" data-block-id=\"34\">\n<p class=\"content-text__container \" data-track-category=\"Link no Texto\" data-track-links=\"\">Os pesquisadores destacaram algumas caracter\u00edsticas das v\u00edtimas de viol\u00eancia em 2022, como perfil \u00e9tnico racial, faixa et\u00e1ria, escolaridade e estado civil:<\/p>\n<\/div>\n<\/div>\n<div id=\"chunk-1ha1d\">\n<div class=\"mc-column content-text active-extra-styles \" data-block-type=\"unstyled\" data-block-weight=\"3\" data-block-id=\"35\">\n<p class=\"content-text__container \" data-track-category=\"Link no Texto\" data-track-links=\"\"><strong>Perfil \u00e9tnico racial<\/strong><\/p>\n<\/div>\n<\/div>\n<div class=\"mc-column content-text active-extra-styles\" data-block-type=\"raw\" data-block-weight=\"25\" data-block-id=\"36\">\n<ul class=\"content-unordered-list\">\n<li>65,6% eram negras, 29% brancas, 2,3% amarelas e 3% ind\u00edgenas;<\/li>\n<li>Mulheres negras passaram por n\u00edveis mais elevados de viol\u00eancia (29,9%) do que as brancas (26,3%).<\/li>\n<\/ul>\n<\/div>\n<div id=\"chunk-c5arf\">\n<div class=\"mc-column content-text active-extra-styles \" data-block-type=\"unstyled\" data-block-weight=\"2\" data-block-id=\"37\">\n<p class=\"content-text__container \" data-track-category=\"Link no Texto\" data-track-links=\"\"><strong>Faixa et\u00e1ria<\/strong><\/p>\n<\/div>\n<\/div>\n<div class=\"mc-column content-text active-extra-styles\" data-block-type=\"raw\" data-block-weight=\"84\" data-block-id=\"38\">\n<ul class=\"content-unordered-list\">\n<li>30,3% tinham entre 16 e 24 anos; 22,8% entre 25 e 34 anos; 20,6% entre 35 e 44 anos; 17,1% entre 45 e 59 anos; e 9,2% 60 anos ou mais;<\/li>\n<li>Mulheres mais jovens (16 a 24 anos) foram as maiores v\u00edtimas (43,9%), sendo que as ofensas verbais foram o tipo mais frequentemente relatado (32,4%);<\/li>\n<li>V\u00edtimas com idade entre 45 e 59 anos sofreram maiores n\u00edveis de viol\u00eancias como espancamento (8,2%), amea\u00e7a com faca ou arma de fogo (8,7%) e esfaqueamento ou tiro (4,5%<\/li>\n<\/ul>\n<\/div>\n<div id=\"chunk-bstvf\">\n<div class=\"content-ads content-ads--reveal\" data-block-type=\"ads\" data-block-id=\"39\"><\/div>\n<\/div>\n<div id=\"chunk-5t7q2\">\n<div class=\"mc-column content-text active-extra-styles \" data-block-type=\"unstyled\" data-block-weight=\"1\" data-block-id=\"40\">\n<p class=\"content-text__container \" data-track-category=\"Link no Texto\" data-track-links=\"\"><strong>Escolaridade<\/strong><\/p>\n<\/div>\n<\/div>\n<div class=\"mc-column content-text active-extra-styles\" data-block-type=\"raw\" data-block-weight=\"38\" data-block-id=\"41\">\n<ul class=\"content-unordered-list\">\n<li>Mulheres que cursaram apenas o ensino fundamental foram as que mais sofreram agress\u00e3o f\u00edsica como empurr\u00f5es e chutes (14,6%), espancamento ou tentativa de estrangulamento (7,7%), amea\u00e7a com faca ou arma de fogo (8,3%) e esfaqueamento ou tiro (2,5%).<\/li>\n<\/ul>\n<\/div>\n<div id=\"chunk-1av9l\">\n<div class=\"mc-column content-text active-extra-styles \" data-block-type=\"unstyled\" data-block-weight=\"2\" data-block-id=\"42\">\n<p class=\"content-text__container \" data-track-category=\"Link no Texto\" data-track-links=\"\"><strong>Estado civil<\/strong><\/p>\n<\/div>\n<\/div>\n<div class=\"mc-column content-text active-extra-styles\" data-block-type=\"raw\" data-block-weight=\"23\" data-block-id=\"43\">\n<ul class=\"content-unordered-list\">\n<li>V\u00edtimas separadas e divorciadas apresentaram n\u00edveis mais elevados de vitimiza\u00e7\u00e3o (41,3%) do que em compara\u00e7\u00e3o com casadas (17%), vi\u00favas (24,6%) e solteiras (37,3%).<\/li>\n<\/ul>\n<\/div>\n<div id=\"chunk-6s00l\">\n<div class=\"mc-column content-text active-extra-styles \" data-block-type=\"unstyled\" data-block-weight=\"58\" data-block-id=\"44\">\n<p class=\"content-text__container \" data-track-category=\"Link no Texto\" data-track-links=\"\">&#8220;A tentativa de rompimento com o agressor e hist\u00f3rias repetidas de viol\u00eancias s\u00e3o fatores de vulnerabilidade que podem aumentar as chances de mulheres serem mortas por seus parceiros \u00edntimos, o que revela que a separa\u00e7\u00e3o \u00e9, ao mesmo tempo, a tentativa de interrup\u00e7\u00e3o da viol\u00eancia, mas tamb\u00e9m o momento em que ela fica mais vulner\u00e1vel&#8221;, apontou o relat\u00f3rio.<\/p>\n<\/div>\n<\/div>\n<div id=\"chunk-81rdc\">\n<div class=\"mc-column content-text active-extra-styles \" data-block-type=\"unstyled\" data-block-weight=\"3\" data-block-id=\"45\">\n<p class=\"content-text__container \" data-track-category=\"Link no Texto\" data-track-links=\"\"><strong>Autores das agress\u00f5es<\/strong><\/p>\n<\/div>\n<\/div>\n<div class=\"mc-column content-text active-extra-styles\" data-block-type=\"raw\" data-block-weight=\"35\" data-block-id=\"46\">\n<ul class=\"content-unordered-list\">\n<li>31,3% das mulheres afirmaram que o autor da viol\u00eancia mais grave sofrida no \u00faltimo ano foram os ex-companheiros;<\/li>\n<li>No caso dos atuais companheiros, o percentual foi de 26,7%;<\/li>\n<li>Autores desconhecidos correspondem a 24,5% dos casos.<\/li>\n<\/ul>\n<\/div>\n<div id=\"chunk-bvc0q\">\n<div class=\"mc-column content-text active-extra-styles \" data-block-type=\"unstyled\" data-block-weight=\"3\" data-block-id=\"47\">\n<p class=\"content-text__container \" data-track-category=\"Link no Texto\" data-track-links=\"\"><strong>Frequ\u00eancia das agress\u00f5es<\/strong><\/p>\n<\/div>\n<\/div>\n<div class=\"mc-column content-text active-extra-styles\" data-block-type=\"raw\" data-block-weight=\"26\" data-block-id=\"48\">\n<ul class=\"content-unordered-list\">\n<li>Em 2022, as v\u00edtimas sofreram, em m\u00e9dia, quatro epis\u00f3dios de viol\u00eancia ao longo dos 12 meses;<\/li>\n<li>Entre as mulheres divorciadas, a m\u00e9dia foi de 9 agress\u00f5es.<\/li>\n<\/ul>\n<\/div>\n<div id=\"chunk-bpr2c\">\n<div class=\"mc-column content-text active-extra-styles \" data-block-type=\"unstyled\" data-block-weight=\"34\" data-block-id=\"49\">\n<p class=\"content-text__container \" data-track-category=\"Link no Texto\" data-track-links=\"\">O dobro da m\u00e9dia de agress\u00f5es contra divorciadas chamou a aten\u00e7\u00e3o da diretora-executiva do F\u00f3rum. Para Samira, a separa\u00e7\u00e3o \u00e9 vista como a porta de sa\u00fada para a viol\u00eancia dom\u00e9stica, mas n\u00e3o \u00e9.<\/p>\n<\/div>\n<\/div>\n<div id=\"chunk-41mci\">\n<div class=\"mc-column content-text active-extra-styles \" data-block-type=\"unstyled\" data-block-weight=\"84\" data-block-id=\"51\">\n<p class=\"content-text__container \" data-track-category=\"Link no Texto\" data-track-links=\"\">&#8220;Ela sofre viol\u00eancia do parceiro \u00edntimo e deposita no div\u00f3rcio a expectativa de uma sa\u00edda dessa viol\u00eancia. O problema \u00e9 que estamos falando de uma viol\u00eancia que ra\u00edzes culturais, que \u00e9 fruto de uma sociedade machista e patriarcal, em que o homem entende que a mulher a ele se submete e, portanto, deve obedec\u00ea-lo. Quando ela rompe com essas expectativas de g\u00eanero, ele se revolta e se torna ainda mais agressivo. Especialmente se tiver filho nessa rela\u00e7\u00e3o, porque o v\u00ednculo necessariamente ser\u00e1 mantido&#8221;, diz.<\/p>\n<\/div>\n<\/div>\n<div id=\"chunk-e6pkq\">\n<div class=\"mc-column content-text active-extra-styles \" data-block-type=\"unstyled\" data-block-weight=\"47\" data-block-id=\"52\">\n<p class=\"content-text__container \" data-track-category=\"Link no Texto\" data-track-links=\"\">&#8220;N\u00e3o \u00e9 \u00e0 toa que vemos tantos feminic\u00eddios de mulheres divorciadas. O homem n\u00e3o aceita a separa\u00e7\u00e3o, ou ent\u00e3o n\u00e3o aceita que ela se relacione com outro homem, ainda que j\u00e1 separada dele &#8211; &#8216;se n\u00e3o for minha, n\u00e3o vai ser de mais ningu\u00e9m'&#8221;, completa.<\/p>\n<\/div>\n<\/div>\n<div class=\"mc-column content-text active-extra-styles\" data-block-type=\"raw\" data-block-weight=\"9\" data-block-id=\"53\">\n<div class=\"content-intertitle\">\n<h2>Brasileiras sofrem mais viol\u00eancia do que a m\u00e9dia mundial<\/h2>\n<\/div>\n<p>A pesquisa mostrou que mais de um ter\u00e7o das brasileiras acima de 16 anos j\u00e1 sofreram viol\u00eancia f\u00edsica ou sexual provocada por parceiro \u00edntimo ao longo da vida:<\/p>\n<\/div>\n<div class=\"mc-column content-text active-extra-styles\" data-block-type=\"raw\" data-block-weight=\"52\" data-block-id=\"55\">\n<ul class=\"content-unordered-list\">\n<li>33,4% das mulheres vivenciaram viol\u00eancia f\u00edsica ou sexual (21,5 milh\u00f5es)<\/li>\n<li>32,6% foram v\u00edtimas de viol\u00eancia psicol\u00f3gica, com insultos, humilha\u00e7\u00f5es e xingamentos proferidos de forma reiterada (21 milh\u00f5es)<\/li>\n<li>24,5% afirmaram ter sofrido agress\u00f5es f\u00edsicas como tapa, batida e chute (15,7 milh\u00f5es)<\/li>\n<li>21,1% foram for\u00e7adas a manter rela\u00e7\u00f5es sexuais contra sua vontade (13,6 milh\u00f5es)<\/li>\n<\/ul>\n<\/div>\n<\/div>\n<\/article>\n<\/div>\n","protected":false},"excerpt":{"rendered":"<p>Por C\u00edntia Acayaba e Gustavo Hon\u00f3rio, g1 SP \u2014 S\u00e3o Paulo Viol\u00eancia contra a mulher \u2014 Foto: Wagner Magalh\u00e3es\/G1 O ano de 2022 foi especialmente dif\u00edcil para as mulheres no Brasil:\u00a0todos os indicadores de viol\u00eancia contra a mulher subiram no ano passado, de acordo com a quarta pesquisa &#8220;Vis\u00edvel e Invis\u00edvel &#8211; a Vitimiza\u00e7\u00e3o de [&hellip;]<\/p>\n","protected":false},"author":2,"featured_media":0,"comment_status":"open","ping_status":"open","sticky":false,"template":"","format":"standard","meta":{"_links_to":"","_links_to_target":""},"categories":[7,9,8,1],"tags":[],"_links":{"self":[{"href":"https:\/\/www.ilheusnoticias.net.br\/v1\/wp-json\/wp\/v2\/posts\/31140"}],"collection":[{"href":"https:\/\/www.ilheusnoticias.net.br\/v1\/wp-json\/wp\/v2\/posts"}],"about":[{"href":"https:\/\/www.ilheusnoticias.net.br\/v1\/wp-json\/wp\/v2\/types\/post"}],"author":[{"embeddable":true,"href":"https:\/\/www.ilheusnoticias.net.br\/v1\/wp-json\/wp\/v2\/users\/2"}],"replies":[{"embeddable":true,"href":"https:\/\/www.ilheusnoticias.net.br\/v1\/wp-json\/wp\/v2\/comments?post=31140"}],"version-history":[{"count":1,"href":"https:\/\/www.ilheusnoticias.net.br\/v1\/wp-json\/wp\/v2\/posts\/31140\/revisions"}],"predecessor-version":[{"id":31141,"href":"https:\/\/www.ilheusnoticias.net.br\/v1\/wp-json\/wp\/v2\/posts\/31140\/revisions\/31141"}],"wp:attachment":[{"href":"https:\/\/www.ilheusnoticias.net.br\/v1\/wp-json\/wp\/v2\/media?parent=31140"}],"wp:term":[{"taxonomy":"category","embeddable":true,"href":"https:\/\/www.ilheusnoticias.net.br\/v1\/wp-json\/wp\/v2\/categories?post=31140"},{"taxonomy":"post_tag","embeddable":true,"href":"https:\/\/www.ilheusnoticias.net.br\/v1\/wp-json\/wp\/v2\/tags?post=31140"}],"curies":[{"name":"wp","href":"https:\/\/api.w.org\/{rel}","templated":true}]}}