{"id":3114,"date":"2016-12-24T15:12:25","date_gmt":"2016-12-24T18:12:25","guid":{"rendered":"http:\/\/www.ilheusnoticias.net.br\/v1\/?p=3114"},"modified":"2016-12-24T15:13:43","modified_gmt":"2016-12-24T18:13:43","slug":"cresce-expectativa-de-nal-assumir-a-sutran-de-ilheus","status":"publish","type":"post","link":"https:\/\/www.ilheusnoticias.net.br\/v1\/2016\/12\/24\/cresce-expectativa-de-nal-assumir-a-sutran-de-ilheus\/","title":{"rendered":"Cresce expectativa de Nal assumir a SUTRAN de Ilh\u00e9us"},"content":{"rendered":"<h2 class=\"PostHeaderIcon-wrapper\"><\/h2>\n<div class=\"PostContent\">\n<div id=\"attachment_10943\" class=\"wp-caption aligncenter\">\n<p><img loading=\"lazy\" class=\"wp-image-10943 \" src=\"http:\/\/www.fabiorobertonoticias.com.br\/v1\/wp-content\/uploads\/2016\/12\/14718751_1055552921219897_979651776108198306_n.jpg\" sizes=\"(max-width: 551px) 100vw, 551px\" srcset=\"http:\/\/www.fabiorobertonoticias.com.br\/v1\/wp-content\/uploads\/2016\/12\/14718751_1055552921219897_979651776108198306_n.jpg 559w, http:\/\/www.fabiorobertonoticias.com.br\/v1\/wp-content\/uploads\/2016\/12\/14718751_1055552921219897_979651776108198306_n-150x150.jpg 150w, http:\/\/www.fabiorobertonoticias.com.br\/v1\/wp-content\/uploads\/2016\/12\/14718751_1055552921219897_979651776108198306_n-300x300.jpg 300w\" alt=\"14718751_1055552921219897_979651776108198306_n\" width=\"551\" height=\"551\" \/><\/p>\n<p class=\"wp-caption-text\">Nal est\u00e1 cotado para assumir SUTRAN.<\/p>\n<\/div>\n<p>J\u00e1 \u00e9 dada como certa o nome de Nal Ara\u00fajo, funcion\u00e1rio do DETRAN de Ilh\u00e9us, para ocupar o cargo de Superintendente de Tr\u00e2nsito de Ilh\u00e9us no governo M\u00e1rio Alexandre (PSD). Segundo o que foi apurado, Nal ainda ficar\u00e1 por alguns meses no \u00f3rg\u00e3o do estado, para que entre fevereiro ou mar\u00e7o, seja definitivamente efetivado nos quadros do segundo escal\u00e3o do munic\u00edpio.<\/p>\n<\/div>\n<p>&nbsp;<\/p>\n<p><!--more--><\/p>\n<div class=\"PostContent\">\n<p>Aliado da mais alta confian\u00e7a do grupo da deputada \u00c2ngela Sousa e fiel escudeiro do prefeito Mar\u00e3o, Nal, ao ser perguntado pelo site <em>F\u00e1bio Roberto Not\u00edcias<\/em> sobre a possibilidade de assumir a SUTRAN, o mesmo admitiu est\u00e1 preparado para a fun\u00e7\u00e3o, e afirmou que, \u201ctodo bom soldado deve est\u00e1 pronto para a miss\u00e3o que \u00e9 designada\u201d.<\/p>\n<p>F\u00e1bio Roberto<\/p>\n<\/div>\n","protected":false},"excerpt":{"rendered":"<p>Nal est\u00e1 cotado para assumir SUTRAN. J\u00e1 \u00e9 dada como certa o nome de Nal Ara\u00fajo, funcion\u00e1rio do DETRAN de Ilh\u00e9us, para ocupar o cargo de Superintendente de Tr\u00e2nsito de Ilh\u00e9us no governo M\u00e1rio Alexandre (PSD). Segundo o que foi apurado, Nal ainda ficar\u00e1 por alguns meses no \u00f3rg\u00e3o do estado, para que entre fevereiro [&hellip;]<\/p>\n","protected":false},"author":2,"featured_media":0,"comment_status":"open","ping_status":"open","sticky":false,"template":"","format":"standard","meta":{"_links_to":"","_links_to_target":""},"categories":[9,1],"tags":[288],"_links":{"self":[{"href":"https:\/\/www.ilheusnoticias.net.br\/v1\/wp-json\/wp\/v2\/posts\/3114"}],"collection":[{"href":"https:\/\/www.ilheusnoticias.net.br\/v1\/wp-json\/wp\/v2\/posts"}],"about":[{"href":"https:\/\/www.ilheusnoticias.net.br\/v1\/wp-json\/wp\/v2\/types\/post"}],"author":[{"embeddable":true,"href":"https:\/\/www.ilheusnoticias.net.br\/v1\/wp-json\/wp\/v2\/users\/2"}],"replies":[{"embeddable":true,"href":"https:\/\/www.ilheusnoticias.net.br\/v1\/wp-json\/wp\/v2\/comments?post=3114"}],"version-history":[{"count":3,"href":"https:\/\/www.ilheusnoticias.net.br\/v1\/wp-json\/wp\/v2\/posts\/3114\/revisions"}],"predecessor-version":[{"id":3117,"href":"https:\/\/www.ilheusnoticias.net.br\/v1\/wp-json\/wp\/v2\/posts\/3114\/revisions\/3117"}],"wp:attachment":[{"href":"https:\/\/www.ilheusnoticias.net.br\/v1\/wp-json\/wp\/v2\/media?parent=3114"}],"wp:term":[{"taxonomy":"category","embeddable":true,"href":"https:\/\/www.ilheusnoticias.net.br\/v1\/wp-json\/wp\/v2\/categories?post=3114"},{"taxonomy":"post_tag","embeddable":true,"href":"https:\/\/www.ilheusnoticias.net.br\/v1\/wp-json\/wp\/v2\/tags?post=3114"}],"curies":[{"name":"wp","href":"https:\/\/api.w.org\/{rel}","templated":true}]}}