{"id":31137,"date":"2023-03-01T17:57:35","date_gmt":"2023-03-01T20:57:35","guid":{"rendered":"https:\/\/www.ilheusnoticias.net.br\/v1\/?p=31137"},"modified":"2023-03-01T17:57:35","modified_gmt":"2023-03-01T20:57:35","slug":"presidente-da-camara-de-ilheus-discute-sobre-instalacao-de-base-da-68o-cipm-no-antigo-predio-general-osorio","status":"publish","type":"post","link":"https:\/\/www.ilheusnoticias.net.br\/v1\/2023\/03\/01\/presidente-da-camara-de-ilheus-discute-sobre-instalacao-de-base-da-68o-cipm-no-antigo-predio-general-osorio\/","title":{"rendered":"Presidente da C\u00e2mara de Ilh\u00e9us discute sobre instala\u00e7\u00e3o de base da 68\u00ba CIPM no antigo pr\u00e9dio General Os\u00f3rio"},"content":{"rendered":"<p><img loading=\"lazy\" class=\"alignnone size-full wp-image-31138\" src=\"https:\/\/www.ilheusnoticias.net.br\/v1\/wp-content\/uploads\/2023\/03\/WhatsApp-Image-2023-03-01-at-16.02.23.jpeg\" alt=\"\" width=\"600\" height=\"436\" srcset=\"https:\/\/www.ilheusnoticias.net.br\/v1\/wp-content\/uploads\/2023\/03\/WhatsApp-Image-2023-03-01-at-16.02.23.jpeg 600w, https:\/\/www.ilheusnoticias.net.br\/v1\/wp-content\/uploads\/2023\/03\/WhatsApp-Image-2023-03-01-at-16.02.23-300x218.jpeg 300w\" sizes=\"(max-width: 600px) 100vw, 600px\" \/><\/p>\n<p>Na ter\u00e7a-feira (28), o presidente da C\u00e2mara de Vereadores de Ilh\u00e9us, Abra\u00e3o (PDT), reuniu com a Major PM Joilma Cordeiro Costa Machado &#8211; Comandante da 68\u00aa CIPM- e com o Sgt RR PM Gerson Mendes de Oliveira &#8211; Presidente da APPM, para discutir sobre a possibilidade de instala\u00e7\u00e3o da base da 68\u00aa Companhia Independente de Pol\u00edcia Militar (68\u00aa CIPM) no antigo pr\u00e9dio General Os\u00f3rio, atualmente ocupado pela Biblioteca P\u00fablica Municipal Adonias Filho.<\/p>\n<p>A major Joilma apresentou o projeto ao Presidente e ressaltou a import\u00e2ncia de ter a instala\u00e7\u00e3o da Companhia de pol\u00edcia no Centro da cidade, pr\u00f3xima aos principais pontos tur\u00edsticos, com\u00e9rcio, bancos e \u00e1reas de grande movimenta\u00e7\u00e3o, buscando inibir a viol\u00eancia nesta regi\u00e3o.<\/p>\n<p>Para Abra\u00e3o, a discuss\u00e3o \u00e9 v\u00e1lida pois \u00e9 necess\u00e1ria amplia\u00e7\u00e3o das a\u00e7\u00f5es de seguran\u00e7a em todo o munic\u00edpio. Em rela\u00e7\u00e3o \u00e0 \u00e1rea Central, o vereador relembrou os recorrentes arrombamentos que t\u00eam acontecido a diversos estabelecimentos comerciais nos \u00faltimos meses. \u201cPara que ocorra uma atua\u00e7\u00e3o eficiente da pol\u00edcia naquela localidade, a implanta\u00e7\u00e3o de uma Companhia numa \u00e1rea estrat\u00e9gica, como o pr\u00e9dio do antigo General Os\u00f3rio, seria de grande import\u00e2ncia\u201d, destacou.<\/p>\n<p>O presidente ainda chamou aten\u00e7\u00e3o para o fato do pr\u00e9dio p\u00fablico ser um monumento hist\u00f3rico e ressaltou que caso haja a implanta\u00e7\u00e3o da 68\u00ba CIPM no local, \u00e9 importante que se resguarde toda a sua identidade arquitet\u00f4nica e preserva\u00e7\u00e3o do local.<\/p>\n","protected":false},"excerpt":{"rendered":"<p>Na ter\u00e7a-feira (28), o presidente da C\u00e2mara de Vereadores de Ilh\u00e9us, Abra\u00e3o (PDT), reuniu com a Major PM Joilma Cordeiro Costa Machado &#8211; Comandante da 68\u00aa CIPM- e com o Sgt RR PM Gerson Mendes de Oliveira &#8211; Presidente da APPM, para discutir sobre a possibilidade de instala\u00e7\u00e3o da base da 68\u00aa Companhia Independente de [&hellip;]<\/p>\n","protected":false},"author":2,"featured_media":0,"comment_status":"open","ping_status":"open","sticky":false,"template":"","format":"standard","meta":{"_links_to":"","_links_to_target":""},"categories":[7,9,8,1],"tags":[],"_links":{"self":[{"href":"https:\/\/www.ilheusnoticias.net.br\/v1\/wp-json\/wp\/v2\/posts\/31137"}],"collection":[{"href":"https:\/\/www.ilheusnoticias.net.br\/v1\/wp-json\/wp\/v2\/posts"}],"about":[{"href":"https:\/\/www.ilheusnoticias.net.br\/v1\/wp-json\/wp\/v2\/types\/post"}],"author":[{"embeddable":true,"href":"https:\/\/www.ilheusnoticias.net.br\/v1\/wp-json\/wp\/v2\/users\/2"}],"replies":[{"embeddable":true,"href":"https:\/\/www.ilheusnoticias.net.br\/v1\/wp-json\/wp\/v2\/comments?post=31137"}],"version-history":[{"count":1,"href":"https:\/\/www.ilheusnoticias.net.br\/v1\/wp-json\/wp\/v2\/posts\/31137\/revisions"}],"predecessor-version":[{"id":31139,"href":"https:\/\/www.ilheusnoticias.net.br\/v1\/wp-json\/wp\/v2\/posts\/31137\/revisions\/31139"}],"wp:attachment":[{"href":"https:\/\/www.ilheusnoticias.net.br\/v1\/wp-json\/wp\/v2\/media?parent=31137"}],"wp:term":[{"taxonomy":"category","embeddable":true,"href":"https:\/\/www.ilheusnoticias.net.br\/v1\/wp-json\/wp\/v2\/categories?post=31137"},{"taxonomy":"post_tag","embeddable":true,"href":"https:\/\/www.ilheusnoticias.net.br\/v1\/wp-json\/wp\/v2\/tags?post=31137"}],"curies":[{"name":"wp","href":"https:\/\/api.w.org\/{rel}","templated":true}]}}