{"id":31135,"date":"2023-03-01T17:54:17","date_gmt":"2023-03-01T20:54:17","guid":{"rendered":"https:\/\/www.ilheusnoticias.net.br\/v1\/?p=31135"},"modified":"2023-03-01T17:54:17","modified_gmt":"2023-03-01T20:54:17","slug":"ilheus-itabuna-e-mais-25-cidades-do-interior-recebem-viaturas-do-detran-enviadas-pelo-governo-do-estado","status":"publish","type":"post","link":"https:\/\/www.ilheusnoticias.net.br\/v1\/2023\/03\/01\/ilheus-itabuna-e-mais-25-cidades-do-interior-recebem-viaturas-do-detran-enviadas-pelo-governo-do-estado\/","title":{"rendered":"Ilh\u00e9us, Itabuna  e mais 25 cidades do interior recebem viaturas do Detran enviadas pelo Governo do Estado"},"content":{"rendered":"<div class=\"PostHeaderIcons metadata-icons\"><\/div>\n<div class=\"PostContent\">\n<p><img src=\"http:\/\/www.blogdothame.blog.br\/v1\/wp-content\/uploads\/2023\/02\/Detran-1.jpg\" \/><br \/>\nAs Circunscri\u00e7\u00f5es Regionais de Tr\u00e2nsito (Ciretrans) da Bahia receberam na tarde desta ter\u00e7a-feira (28), novas 27 viaturas que v\u00e3o atuar na organiza\u00e7\u00e3o e fiscaliza\u00e7\u00e3o das vias urbanas nos munic\u00edpios baianos. A entrega foi realizada pelo governador da Bahia, Jer\u00f4nimo Rodrigues no p\u00e1tio do Departamento Estadual de Tr\u00e2nsito (Detran), ao lado do vice-governador Geraldo J\u00fanior, na avenida Ant\u00f4nio Carlos Magalh\u00e3es, em Salvador. O valor investido na aquisi\u00e7\u00e3o dos autom\u00f3veis foi de aproximadamente R$1,9 milh\u00f5es.<\/p>\n<p>O governador Jer\u00f4nimo Rodrigues destacou que a entrega \u00e9 parte do projeto do estado de moderniza\u00e7\u00e3o da estrutura do Detran na Bahia. \u201cO Ciretrans \u00e9 resultado desse processo, inclusive com valoriza\u00e7\u00e3o salarial dos profissionais de cada base, mas tamb\u00e9m de tecnologia e capacita\u00e7\u00e3o de profissionais. Hoje a gente entrega a pen\u00faltima etapa desse bloco, com essas viaturas para garantir a seguran\u00e7a de quem trabalha, a velocidade do tempo para que estejam em agendas de forma\u00e7\u00e3o, acompanhamento, fiscaliza\u00e7\u00e3o\u201d.<\/p>\n<p>Foram entregues quatro ve\u00edculos para Salvador e mais 23 para as regionais do departamento de tr\u00e2nsito do interior. Entre as cidades que as viaturas v\u00e3o atuar est\u00e3o Salvador, Cama\u00e7ari, Feira de Santana, Juazeiro, Barreiras, Itabuna, Jequi\u00e9, Teixeira de Freitas, Paulo Afonso, Eun\u00e1polis, Ilh\u00e9us, Senhor do Bonfim, Concei\u00e7\u00e3o do Coit\u00e9, Irec\u00ea, Jacobina, Alagoinhas, Brumado, Caetit\u00e9, Itaberaba, Seabra, Itapetinga, Lu\u00eds Eduardo Magalh\u00e3es, Santo Ant\u00f4nio de Jesus e Valen\u00e7a.<\/p>\n<\/div>\n","protected":false},"excerpt":{"rendered":"<p>As Circunscri\u00e7\u00f5es Regionais de Tr\u00e2nsito (Ciretrans) da Bahia receberam na tarde desta ter\u00e7a-feira (28), novas 27 viaturas que v\u00e3o atuar na organiza\u00e7\u00e3o e fiscaliza\u00e7\u00e3o das vias urbanas nos munic\u00edpios baianos. A entrega foi realizada pelo governador da Bahia, Jer\u00f4nimo Rodrigues no p\u00e1tio do Departamento Estadual de Tr\u00e2nsito (Detran), ao lado do vice-governador Geraldo J\u00fanior, na [&hellip;]<\/p>\n","protected":false},"author":2,"featured_media":0,"comment_status":"open","ping_status":"open","sticky":false,"template":"","format":"standard","meta":{"_links_to":"","_links_to_target":""},"categories":[7,9,8,1],"tags":[],"_links":{"self":[{"href":"https:\/\/www.ilheusnoticias.net.br\/v1\/wp-json\/wp\/v2\/posts\/31135"}],"collection":[{"href":"https:\/\/www.ilheusnoticias.net.br\/v1\/wp-json\/wp\/v2\/posts"}],"about":[{"href":"https:\/\/www.ilheusnoticias.net.br\/v1\/wp-json\/wp\/v2\/types\/post"}],"author":[{"embeddable":true,"href":"https:\/\/www.ilheusnoticias.net.br\/v1\/wp-json\/wp\/v2\/users\/2"}],"replies":[{"embeddable":true,"href":"https:\/\/www.ilheusnoticias.net.br\/v1\/wp-json\/wp\/v2\/comments?post=31135"}],"version-history":[{"count":1,"href":"https:\/\/www.ilheusnoticias.net.br\/v1\/wp-json\/wp\/v2\/posts\/31135\/revisions"}],"predecessor-version":[{"id":31136,"href":"https:\/\/www.ilheusnoticias.net.br\/v1\/wp-json\/wp\/v2\/posts\/31135\/revisions\/31136"}],"wp:attachment":[{"href":"https:\/\/www.ilheusnoticias.net.br\/v1\/wp-json\/wp\/v2\/media?parent=31135"}],"wp:term":[{"taxonomy":"category","embeddable":true,"href":"https:\/\/www.ilheusnoticias.net.br\/v1\/wp-json\/wp\/v2\/categories?post=31135"},{"taxonomy":"post_tag","embeddable":true,"href":"https:\/\/www.ilheusnoticias.net.br\/v1\/wp-json\/wp\/v2\/tags?post=31135"}],"curies":[{"name":"wp","href":"https:\/\/api.w.org\/{rel}","templated":true}]}}