{"id":31133,"date":"2023-03-01T17:52:07","date_gmt":"2023-03-01T20:52:07","guid":{"rendered":"https:\/\/www.ilheusnoticias.net.br\/v1\/?p=31133"},"modified":"2023-03-01T17:52:07","modified_gmt":"2023-03-01T20:52:07","slug":"apos-determinacao-de-jeronimo-procuradoria-geral-do-estado-vai-acionar-mps-contra-vereador-gaucho","status":"publish","type":"post","link":"https:\/\/www.ilheusnoticias.net.br\/v1\/2023\/03\/01\/apos-determinacao-de-jeronimo-procuradoria-geral-do-estado-vai-acionar-mps-contra-vereador-gaucho\/","title":{"rendered":"Ap\u00f3s determina\u00e7\u00e3o de Jer\u00f4nimo, Procuradoria Geral do Estado vai acionar MPs contra vereador ga\u00facho"},"content":{"rendered":"<div class=\"PostHeaderIcons metadata-icons\"><\/div>\n<div class=\"PostContent\">\n<p><img src=\"http:\/\/www.blogdothame.blog.br\/v1\/wp-content\/uploads\/2023\/03\/Jeronimo-300x200.jpeg\" \/><\/p>\n<p>A Procuradoria Geral do Estado da Bahia (PGE-BA) ir\u00e1 entrar com representa\u00e7\u00e3o contra o vereador ga\u00facho Sandro Fantinel (Patriota), do munic\u00edpio de Caxias do Sul, junto aos minist\u00e9rios p\u00fablicos federal e estadual. O \u00f3rg\u00e3o pretende tamb\u00e9m dar entrada numa a\u00e7\u00e3o indenizat\u00f3ria de repara\u00e7\u00e3o, de natureza compensat\u00f3ria, por dano moral. A procuradoria foi acionada pelo governador do Estado da Bahia, Jer\u00f4nimo Rodrigues, que ontem (28), ter\u00e7a-feira, emitiu rep\u00fadio ao pronunciamento do parlamentar.<\/p>\n<p>Ainda ontem o vereador ocupou a tribuna da C\u00e2mara de Vereadores da cidade ga\u00facha, onde questionou a repercuss\u00e3o do caso de trabalhadores resgatados em situa\u00e7\u00e3o de escravid\u00e3o em vin\u00edcolas do Rio Grande do Sul. O parlamentar pediu que os produtores da regi\u00e3o \u201cn\u00e3o contratem mais aquela gente l\u00e1 de cima\u201d, se referindo a trabalhadores vindos da Bahia e afirmou que \u201ca \u00fanica cultura que os baianos t\u00eam \u00e9 viver na praia tocando tambor\u201d. Um total 207 pessoas foram resgatadas, no dia 22\/2, de um alojamento da cidade vizinha de Bento Gon\u00e7alves, onde eram submetidas a trabalho an\u00e1logo \u00e0 escravid\u00e3o durante a colheita da uva para as vin\u00edcolas.<\/p>\n<\/div>\n","protected":false},"excerpt":{"rendered":"<p>A Procuradoria Geral do Estado da Bahia (PGE-BA) ir\u00e1 entrar com representa\u00e7\u00e3o contra o vereador ga\u00facho Sandro Fantinel (Patriota), do munic\u00edpio de Caxias do Sul, junto aos minist\u00e9rios p\u00fablicos federal e estadual. O \u00f3rg\u00e3o pretende tamb\u00e9m dar entrada numa a\u00e7\u00e3o indenizat\u00f3ria de repara\u00e7\u00e3o, de natureza compensat\u00f3ria, por dano moral. A procuradoria foi acionada pelo governador [&hellip;]<\/p>\n","protected":false},"author":2,"featured_media":0,"comment_status":"open","ping_status":"open","sticky":false,"template":"","format":"standard","meta":{"_links_to":"","_links_to_target":""},"categories":[7,9,8,1],"tags":[],"_links":{"self":[{"href":"https:\/\/www.ilheusnoticias.net.br\/v1\/wp-json\/wp\/v2\/posts\/31133"}],"collection":[{"href":"https:\/\/www.ilheusnoticias.net.br\/v1\/wp-json\/wp\/v2\/posts"}],"about":[{"href":"https:\/\/www.ilheusnoticias.net.br\/v1\/wp-json\/wp\/v2\/types\/post"}],"author":[{"embeddable":true,"href":"https:\/\/www.ilheusnoticias.net.br\/v1\/wp-json\/wp\/v2\/users\/2"}],"replies":[{"embeddable":true,"href":"https:\/\/www.ilheusnoticias.net.br\/v1\/wp-json\/wp\/v2\/comments?post=31133"}],"version-history":[{"count":1,"href":"https:\/\/www.ilheusnoticias.net.br\/v1\/wp-json\/wp\/v2\/posts\/31133\/revisions"}],"predecessor-version":[{"id":31134,"href":"https:\/\/www.ilheusnoticias.net.br\/v1\/wp-json\/wp\/v2\/posts\/31133\/revisions\/31134"}],"wp:attachment":[{"href":"https:\/\/www.ilheusnoticias.net.br\/v1\/wp-json\/wp\/v2\/media?parent=31133"}],"wp:term":[{"taxonomy":"category","embeddable":true,"href":"https:\/\/www.ilheusnoticias.net.br\/v1\/wp-json\/wp\/v2\/categories?post=31133"},{"taxonomy":"post_tag","embeddable":true,"href":"https:\/\/www.ilheusnoticias.net.br\/v1\/wp-json\/wp\/v2\/tags?post=31133"}],"curies":[{"name":"wp","href":"https:\/\/api.w.org\/{rel}","templated":true}]}}