{"id":31129,"date":"2023-03-01T17:45:57","date_gmt":"2023-03-01T20:45:57","guid":{"rendered":"https:\/\/www.ilheusnoticias.net.br\/v1\/?p=31129"},"modified":"2023-03-01T17:45:57","modified_gmt":"2023-03-01T20:45:57","slug":"prefeitura-de-ilheus-e-faculdade-santo-agostinho-realizam-acao-de-promocao-a-saude-no-rio-do-engenho","status":"publish","type":"post","link":"https:\/\/www.ilheusnoticias.net.br\/v1\/2023\/03\/01\/prefeitura-de-ilheus-e-faculdade-santo-agostinho-realizam-acao-de-promocao-a-saude-no-rio-do-engenho\/","title":{"rendered":"Prefeitura de Ilh\u00e9us e Faculdade Santo Agostinho realizam a\u00e7\u00e3o de promo\u00e7\u00e3o \u00e0 sa\u00fade no Rio do Engenho"},"content":{"rendered":"<p class=\"dt_materia\">\n<div class=\"imagem thumbnail col-xs-12 col-sm-8 col-md-6 col-lg-6 imagem-materia\"><a class=\"fresco\" title=\"\" href=\"https:\/\/portalfacilarquivos.blob.core.windows.net\/uploads\/ILHEUS\/imgOrig\/%7BB4A70CB8-0AA0-AA0D-D5DE-E24A7BDBDBE7%7D.jpg\" data-fresco-caption=\"\"><img loading=\"lazy\" title=\"\" src=\"https:\/\/portalfacilarquivos.blob.core.windows.net\/uploads\/ILHEUS\/img\/%7BB4A70CB8-0AA0-AA0D-D5DE-E24A7BDBDBE7%7D\/%7BB4A70CB8-0AA0-AA0D-D5DE-E24A7BDBDBE7%7D_650X450.jpg\" alt=\"Sa\u00fade na Comunidade\" width=\"650\" height=\"450\" \/><\/a><\/p>\n<p class=\"bg-primary\">A Prefeitura de Ilh\u00e9us, atrav\u00e9s da Secretaria de Sa\u00fade (Sesau), em parceria com a Faculdade Santo Agostinho, realiza nesta sexta-feira (3) uma a\u00e7\u00e3o de promo\u00e7\u00e3o \u00e0 sa\u00fade na comunidade do Rio do Engenho. A iniciativa faz parte do projeto \u2018Sa\u00fade na Comunidade\u2019, ofertado semanalmente pelo Munic\u00edpio.<\/p>\n<\/div>\n<p>A atividade vai contar com atua\u00e7\u00e3o de alunos do curso de Medicina da Faculdade Santo Agostinho. A programa\u00e7\u00e3o acontece das 9h30 \u00e0s 13h30 com assist\u00eancia nas seguintes especialidades: Cl\u00ednica M\u00e9dica, Ginecologia, Pediatria e Infectologia.<\/p>\n<p>A expectativa \u00e9 atender 200 pessoas durante a a\u00e7\u00e3o. \u201cEssa parceria p\u00fablico-privada veio para somar ao trabalho que desenvolvemos na zona rural de Ilh\u00e9us\u201d, frisou Andr\u00e9 Cez\u00e1rio, titular da Sesau. O trabalho conta ainda com apoio\u00a0do N\u00facleo de Promo\u00e7\u00e3o da Sa\u00fade dos Povos Tradicionais (ARANTU).<\/p>\n<p><strong>O qu\u00ea?<\/strong>\u00a0Sa\u00fade na Comunidade \u2013 Rio do Engenho.<\/p>\n<p><strong>Quando?<\/strong>\u00a0sexta-feira, 3 de mar\u00e7o de 2023, das 9h30 \u00e0s 13h30<\/p>\n","protected":false},"excerpt":{"rendered":"<p>A Prefeitura de Ilh\u00e9us, atrav\u00e9s da Secretaria de Sa\u00fade (Sesau), em parceria com a Faculdade Santo Agostinho, realiza nesta sexta-feira (3) uma a\u00e7\u00e3o de promo\u00e7\u00e3o \u00e0 sa\u00fade na comunidade do Rio do Engenho. A iniciativa faz parte do projeto \u2018Sa\u00fade na Comunidade\u2019, ofertado semanalmente pelo Munic\u00edpio. A atividade vai contar com atua\u00e7\u00e3o de alunos do [&hellip;]<\/p>\n","protected":false},"author":2,"featured_media":0,"comment_status":"open","ping_status":"open","sticky":false,"template":"","format":"standard","meta":{"_links_to":"","_links_to_target":""},"categories":[7,9,8,1],"tags":[],"_links":{"self":[{"href":"https:\/\/www.ilheusnoticias.net.br\/v1\/wp-json\/wp\/v2\/posts\/31129"}],"collection":[{"href":"https:\/\/www.ilheusnoticias.net.br\/v1\/wp-json\/wp\/v2\/posts"}],"about":[{"href":"https:\/\/www.ilheusnoticias.net.br\/v1\/wp-json\/wp\/v2\/types\/post"}],"author":[{"embeddable":true,"href":"https:\/\/www.ilheusnoticias.net.br\/v1\/wp-json\/wp\/v2\/users\/2"}],"replies":[{"embeddable":true,"href":"https:\/\/www.ilheusnoticias.net.br\/v1\/wp-json\/wp\/v2\/comments?post=31129"}],"version-history":[{"count":1,"href":"https:\/\/www.ilheusnoticias.net.br\/v1\/wp-json\/wp\/v2\/posts\/31129\/revisions"}],"predecessor-version":[{"id":31130,"href":"https:\/\/www.ilheusnoticias.net.br\/v1\/wp-json\/wp\/v2\/posts\/31129\/revisions\/31130"}],"wp:attachment":[{"href":"https:\/\/www.ilheusnoticias.net.br\/v1\/wp-json\/wp\/v2\/media?parent=31129"}],"wp:term":[{"taxonomy":"category","embeddable":true,"href":"https:\/\/www.ilheusnoticias.net.br\/v1\/wp-json\/wp\/v2\/categories?post=31129"},{"taxonomy":"post_tag","embeddable":true,"href":"https:\/\/www.ilheusnoticias.net.br\/v1\/wp-json\/wp\/v2\/tags?post=31129"}],"curies":[{"name":"wp","href":"https:\/\/api.w.org\/{rel}","templated":true}]}}